{"id":10209,"date":"2023-09-07T16:04:55","date_gmt":"2023-09-07T16:04:55","guid":{"rendered":"https:\/\/www.plugandgo.es\/?p=10209"},"modified":"2023-09-07T16:07:37","modified_gmt":"2023-09-07T16:07:37","slug":"la-generacion-z-y-el-diseno-de-oficinas-pluggo","status":"publish","type":"post","link":"https:\/\/www.plugandgo.es\/en\/la-generacion-z-y-el-diseno-de-oficinas-pluggo\/","title":{"rendered":"\u00bfC\u00f3mo impacta la Generaci\u00f3n Z en el dise\u00f1o de oficinas?"},"content":{"rendered":"\n<p>En apenas unas d\u00e9cadas, las oficinas han sufrido una transformaci\u00f3n sorprendente. Afortunadamente, estamos pasando de los agobiantes cub\u00edculos personales a espacios donde aspectos como la interacci\u00f3n, los espacios informales o la luz mejoran considerablemente tanto el bienestar de las personas como su rendimiento del trabajo.<\/p>\n\n\n\n<p>Muchos de estos cambios han venido de la mano de la incorporaci\u00f3n de nuevas generaciones, especialmente de los millennials al mercado de trabajo.<\/p>\n\n\n\n<p>Pero no solo ellos, la <strong>Generaci\u00f3n Z <\/strong>-formada por los j\u00f3venes nacidos a partir de 1993- &nbsp;comienza a incorporarse y a dejar sus huellas en las organizaciones, sus din\u00e1micas de trabajo y sus culturas. Se estima que dentro 5 a\u00f1os, 1 de cada 3 trabajadores en Espa\u00f1a pertenecer\u00e1 a la Generaci\u00f3n Z. Esto significa que <strong>las empresas tienen que ir adapt\u00e1ndose a este talento y a sus demandas.<\/strong><\/p>\n\n\n\n<h3 class=\"wp-block-heading\">La<strong> Generaci\u00f3n Z y el dise\u00f1o de oficinas<\/strong><\/h3>\n\n\n\n<p>Los profesionales de la Generaci\u00f3n Z esperan de sus directivos un <strong>estilo de liderazgo centrado en las personas<\/strong>. La estrategia \u00f3ptima es, en este sentido, mejorar su satisfacci\u00f3n introduciendo <strong>pol\u00edticas de bienestar y espacios que las favorezcan<\/strong>.<\/p>\n\n\n\n<figure class=\"wp-block-image aligncenter size-large is-resized\"><img fetchpriority=\"high\" decoding=\"async\" src=\"https:\/\/www.plugandgo.es\/wp-content\/uploads\/2023\/05\/recursos-humanos-1030x688-1-1024x684.png\" alt=\"Generaci\u00f3n Z y el dise\u00f1o de oficinas\n\" class=\"wp-image-9707\" width=\"532\" height=\"355\" srcset=\"https:\/\/www.plugandgo.es\/wp-content\/uploads\/2023\/05\/recursos-humanos-1030x688-1-1024x684.png 1024w, https:\/\/www.plugandgo.es\/wp-content\/uploads\/2023\/05\/recursos-humanos-1030x688-1-760x508.png 760w, https:\/\/www.plugandgo.es\/wp-content\/uploads\/2023\/05\/recursos-humanos-1030x688-1-300x200.png 300w, https:\/\/www.plugandgo.es\/wp-content\/uploads\/2023\/05\/recursos-humanos-1030x688-1-768x513.png 768w, https:\/\/www.plugandgo.es\/wp-content\/uploads\/2023\/05\/recursos-humanos-1030x688-1.png 1030w\" sizes=\"(max-width: 532px) 100vw, 532px\" \/><\/figure>\n\n\n\n<p>Buscan tambi\u00e9n un ecosistema laboral basado en la confianza, la diversidad y la transparencia. Adem\u00e1s, la <strong>flexibilidad <\/strong>no es una opci\u00f3n; para estos trabajadores, es irrenunciable.<\/p>\n\n\n\n<p>Los \u201czeta\u201d esperan tener la posibilidad de trabajar desde casa en la oficina o en un tercer espacio (cafeter\u00eda, hotel, etc). Tambi\u00e9n aspiran a disfrutar de las ventajas del horario flexible y de un mejor equilibrio entre trabajo y vida privada. \u201cTrabaja cuando y donde quieras\u201d, es su lema.<\/p>\n\n\n\n<p>Prefieren un espacio de trabajo que combine <strong>lo mejor del hogar y la operatividad y flexibilidad de la oficina<\/strong>, es decir, desean contar con espacios c\u00f3modos y con diferentes zonas disponibles en funci\u00f3n de las tareas a realizar, m\u00e1s que sentarse ocho horas en la misma mesa.<\/p>\n\n\n\n<figure class=\"wp-block-image aligncenter size-large is-resized\"><img decoding=\"async\" src=\"https:\/\/www.plugandgo.es\/wp-content\/uploads\/2023\/05\/20221005-Avenida-de-Castilla-2D-Madrid-Oficinas-OXFORD-21-HQ-1024x683.jpg\" alt=\"\" class=\"wp-image-9264\" width=\"580\" height=\"387\" srcset=\"https:\/\/www.plugandgo.es\/wp-content\/uploads\/2023\/05\/20221005-Avenida-de-Castilla-2D-Madrid-Oficinas-OXFORD-21-HQ-1024x683.jpg 1024w, https:\/\/www.plugandgo.es\/wp-content\/uploads\/2023\/05\/20221005-Avenida-de-Castilla-2D-Madrid-Oficinas-OXFORD-21-HQ-760x507.jpg 760w, https:\/\/www.plugandgo.es\/wp-content\/uploads\/2023\/05\/20221005-Avenida-de-Castilla-2D-Madrid-Oficinas-OXFORD-21-HQ-1030x686.jpg 1030w, https:\/\/www.plugandgo.es\/wp-content\/uploads\/2023\/05\/20221005-Avenida-de-Castilla-2D-Madrid-Oficinas-OXFORD-21-HQ-300x200.jpg 300w, https:\/\/www.plugandgo.es\/wp-content\/uploads\/2023\/05\/20221005-Avenida-de-Castilla-2D-Madrid-Oficinas-OXFORD-21-HQ-768x512.jpg 768w, https:\/\/www.plugandgo.es\/wp-content\/uploads\/2023\/05\/20221005-Avenida-de-Castilla-2D-Madrid-Oficinas-OXFORD-21-HQ-1536x1024.jpg 1536w, https:\/\/www.plugandgo.es\/wp-content\/uploads\/2023\/05\/20221005-Avenida-de-Castilla-2D-Madrid-Oficinas-OXFORD-21-HQ-2048x1365.jpg 2048w\" sizes=\"(max-width: 580px) 100vw, 580px\" \/><\/figure>\n\n\n\n<p>Quieren <strong>espacios colaborativos<\/strong>, que les permitan socializar y absorber la cultura de la empresa, y donde tengan cabida trabajadores diversos.&nbsp;Y prefieren espacios de relaci\u00f3n horizontales donde poder interactuar con sus superiores de manera fluida y natural.<\/p>\n\n\n\n<p>Al contrario de lo que se piensa, no son seres solitarios con poco apego emocional a las amistades, <strong>siempre est\u00e1n en contacto con su comunidad<\/strong><strong>.<\/strong> Una premisa muy a tener en cuenta en el dise\u00f1o de sus oficinas.<\/p>\n\n\n\n<p>Como nativos digitales, cuentan con grandes habilidades en este entorno virtual; adem\u00e1s, son personas autodidactas, acostumbradas a mantenerse en formaci\u00f3n continua.<\/p>\n\n\n\n<figure class=\"wp-block-image aligncenter size-large is-resized\"><img decoding=\"async\" src=\"https:\/\/www.plugandgo.es\/wp-content\/uploads\/2023\/05\/famosa-1-1024x683.jpg\" alt=\"\" class=\"wp-image-9541\" width=\"645\" height=\"430\" srcset=\"https:\/\/www.plugandgo.es\/wp-content\/uploads\/2023\/05\/famosa-1-1024x683.jpg 1024w, https:\/\/www.plugandgo.es\/wp-content\/uploads\/2023\/05\/famosa-1-760x507.jpg 760w, https:\/\/www.plugandgo.es\/wp-content\/uploads\/2023\/05\/famosa-1-1030x686.jpg 1030w, https:\/\/www.plugandgo.es\/wp-content\/uploads\/2023\/05\/famosa-1-300x200.jpg 300w, https:\/\/www.plugandgo.es\/wp-content\/uploads\/2023\/05\/famosa-1-768x512.jpg 768w, https:\/\/www.plugandgo.es\/wp-content\/uploads\/2023\/05\/famosa-1-1536x1024.jpg 1536w, https:\/\/www.plugandgo.es\/wp-content\/uploads\/2023\/05\/famosa-1.jpg 2048w\" sizes=\"(max-width: 645px) 100vw, 645px\" \/><\/figure>\n\n\n\n<p>Se caracterizan tambi\u00e9n por ser <strong>extremadamente creativos<\/strong> en su incansable af\u00e1n por innovar.<\/p>\n\n\n\n<p>Por otra parte, es una generaci\u00f3n muy motivada socialmente y comprometida con su entorno ambiental y social. Por lo tanto, <strong>las oficinas deber\u00e1n responder a su compromiso<\/strong>, no solo incorporando la <strong>sostenibilidad<\/strong> en todos los par\u00e1metros de su dise\u00f1o y equipamiento sino transmitiendo desde el dise\u00f1o de la oficina que la empresa tambi\u00e9n comparte el mimo compromiso de futuro que sus empleados.<\/p>\n\n\n\n<p>En definitiva, las organizaciones deben atender a una comunidad en expansi\u00f3n. La conexi\u00f3n humana, el bienestar y la comodidad son prioridades para las generaciones m\u00e1s j\u00f3venes.<\/p>\n\n\n\n<p>Como resultado, existe una demanda de espacios que ofrezcan oportunidades para conectarse y colaborar, al mismo tiempo que permitan a los usuarios adaptarse a sus objetivos de bienestar personal y equilibrio.<\/p>\n\n\n\n<p>Ser\u00e1n, por lo tanto, indispensables los espacios que faciliten el trabajo colaborativo; que permitan su flexibilidad y que potencien su creatividad, entre otros aspectos. La <strong>oficina<\/strong> de los \u201czeta\u201d tiene que ser <strong>eminentemente social,<\/strong> y sin barreras jer\u00e1rquicas.<\/p>\n","protected":false},"excerpt":{"rendered":"<p>En apenas unas d\u00e9cadas, las oficinas han sufrido una transformaci\u00f3n sorprendente. Afortunadamente, estamos pasando de los agobiantes cub\u00edculos personales a espacios donde aspectos como la interacci\u00f3n, los espacios informales o la luz mejoran considerablemente tanto el bienestar de las personas como su rendimiento del trabajo. Muchos de estos cambios han venido de la mano de [&hellip;]<\/p>\n","protected":false},"author":2,"featured_media":5550,"comment_status":"open","ping_status":"open","sticky":false,"template":"","format":"standard","meta":{"footnotes":""},"categories":[135],"tags":[],"class_list":["post-10209","post","type-post","status-publish","format-standard","has-post-thumbnail","hentry","category-oficinas"],"_links":{"self":[{"href":"https:\/\/www.plugandgo.es\/en\/wp-json\/wp\/v2\/posts\/10209","targetHints":{"allow":["GET"]}}],"collection":[{"href":"https:\/\/www.plugandgo.es\/en\/wp-json\/wp\/v2\/posts"}],"about":[{"href":"https:\/\/www.plugandgo.es\/en\/wp-json\/wp\/v2\/types\/post"}],"author":[{"embeddable":true,"href":"https:\/\/www.plugandgo.es\/en\/wp-json\/wp\/v2\/users\/2"}],"replies":[{"embeddable":true,"href":"https:\/\/www.plugandgo.es\/en\/wp-json\/wp\/v2\/comments?post=10209"}],"version-history":[{"count":0,"href":"https:\/\/www.plugandgo.es\/en\/wp-json\/wp\/v2\/posts\/10209\/revisions"}],"wp:featuredmedia":[{"embeddable":true,"href":"https:\/\/www.plugandgo.es\/en\/wp-json\/wp\/v2\/media\/5550"}],"wp:attachment":[{"href":"https:\/\/www.plugandgo.es\/en\/wp-json\/wp\/v2\/media?parent=10209"}],"wp:term":[{"taxonomy":"category","embeddable":true,"href":"https:\/\/www.plugandgo.es\/en\/wp-json\/wp\/v2\/categories?post=10209"},{"taxonomy":"post_tag","embeddable":true,"href":"https:\/\/www.plugandgo.es\/en\/wp-json\/wp\/v2\/tags?post=10209"}],"curies":[{"name":"wp","href":"https:\/\/api.w.org\/{rel}","templated":true}]}}