{"id":10243,"date":"2023-09-27T10:23:56","date_gmt":"2023-09-27T10:23:56","guid":{"rendered":"https:\/\/www.plugandgo.es\/?p=10243"},"modified":"2023-09-27T10:35:30","modified_gmt":"2023-09-27T10:35:30","slug":"que-tipo-de-espacios-de-trabajo-necesitan-las-personas","status":"publish","type":"post","link":"https:\/\/www.plugandgo.es\/en\/que-tipo-de-espacios-de-trabajo-necesitan-las-personas\/","title":{"rendered":"\u00bfQu\u00e9 tipo de espacios de trabajo necesitan las personas?"},"content":{"rendered":"\n<p>En un mundo laboral h\u00edbrido y multilocal, el dise\u00f1o y el impacto de los entornos laborales son especialmente importantes. Los trabajadores del conocimiento se mueven din\u00e1micamente entre espacios f\u00edsicos y virtuales, entre oficinas, el tercer espacio y oficinas en casa, entre \u00e1reas m\u00e1s privadas y espacios destinados a la colaboraci\u00f3n en sus oficinas basadas en actividades. <\/p>\n\n\n\n<p><strong>Y la elecci\u00f3n de d\u00f3nde trabajar nunca ha sido m\u00e1s libre, nunca se ha hecho de manera m\u00e1s consciente que ahora.<\/strong><\/p>\n\n\n\n<p>Los buenos espacios laborales deben satisfacer las necesidades innatas de los usuarios de <strong>privacidad, inspiraci\u00f3n creativa e interacci\u00f3n<\/strong>, y deben ser capaces de satisfacer mayores expectativas con respecto a la <strong>flexibilidad, la conectividad digital y la seguridad<\/strong>.<\/p>\n\n\n\n<figure class=\"wp-block-image size-large\"><img fetchpriority=\"high\" decoding=\"async\" width=\"1024\" height=\"683\" src=\"https:\/\/www.plugandgo.es\/wp-content\/uploads\/2023\/09\/20230120-Paseo-de-la-Castellana-95-Madrid-3-HQ-scaled-2-1024x683.jpg\" alt=\"\" class=\"wp-image-10252\" srcset=\"https:\/\/www.plugandgo.es\/wp-content\/uploads\/2023\/09\/20230120-Paseo-de-la-Castellana-95-Madrid-3-HQ-scaled-2-1024x683.jpg 1024w, https:\/\/www.plugandgo.es\/wp-content\/uploads\/2023\/09\/20230120-Paseo-de-la-Castellana-95-Madrid-3-HQ-scaled-2-300x200.jpg 300w, https:\/\/www.plugandgo.es\/wp-content\/uploads\/2023\/09\/20230120-Paseo-de-la-Castellana-95-Madrid-3-HQ-scaled-2-768x512.jpg 768w, https:\/\/www.plugandgo.es\/wp-content\/uploads\/2023\/09\/20230120-Paseo-de-la-Castellana-95-Madrid-3-HQ-scaled-2-1536x1024.jpg 1536w, https:\/\/www.plugandgo.es\/wp-content\/uploads\/2023\/09\/20230120-Paseo-de-la-Castellana-95-Madrid-3-HQ-scaled-2-2048x1366.jpg 2048w, https:\/\/www.plugandgo.es\/wp-content\/uploads\/2023\/09\/20230120-Paseo-de-la-Castellana-95-Madrid-3-HQ-scaled-2-1030x687.jpg 1030w, https:\/\/www.plugandgo.es\/wp-content\/uploads\/2023\/09\/20230120-Paseo-de-la-Castellana-95-Madrid-3-HQ-scaled-2-760x507.jpg 760w\" sizes=\"(max-width: 1024px) 100vw, 1024px\" \/><\/figure>\n\n\n\n<p>Los cambios en las formas en que se organiza el trabajo y se utiliza el espacio tienen un efecto rec\u00edproco y, en \u00faltima instancia, tambi\u00e9n influyen en el desarrollo urbano.<\/p>\n\n\n\n<p>En este proceso, los requisitos de los empleados deben estar alineados con lo que los empleadores necesitan y pueden ofrecer, as\u00ed como con la legislaci\u00f3n sobre seguridad y salud en el trabajo y el nuevo marco legal que se est\u00e1 desarrollando. Porque <strong>la arquitectura corporativa y el dise\u00f1o impactan en la salud, el bienestar y el rendimiento de las personas<\/strong>. <\/p>\n\n\n\n<p>Las conversaciones entre compa\u00f1eros pueden ser la causa de un aumento del estr\u00e9s psicol\u00f3gico; la mala calidad del aire provoca agotamiento e incluso enfermedades; el mobiliario no ergon\u00f3mico desencadena problemas musculares; los bajos niveles de humedad tienen un efecto directo en la frecuencia de problemas respiratorios; una mala iluminaci\u00f3n provoca cefaleas. Causas muy comunes pero con un impacto enorme. <\/p>\n\n\n\n<p>Al mismo tiempo, los lugares de trabajo modernos tambi\u00e9n deben satisfacer las crecientes necesidades medioambientales: las oficinas y los edificios deber\u00edan construirse de manera sostenible y todos los lugares de trabajo deber\u00edan funcionar de la manera m\u00e1s eficiente posible en cuanto a recursos.<\/p>\n\n\n\n<p>Sin olvidar, la marca y el prop\u00f3sito de las compa\u00f1\u00edas. Los espacios de trabajo deben ser dise\u00f1ados para que<strong> las personas vivan en comunidad esos valores corporativos que les identifica como parte de algo com\u00fan<\/strong>.<\/p>\n\n\n\n<blockquote class=\"wp-block-quote is-layout-flow wp-block-quote-is-layout-flow\">\n<p>La <strong>arquitectura corporativa<\/strong> y el dise\u00f1o impactan en la salud, el bienestar y el rendimiento de las personas.<\/p>\n<\/blockquote>\n\n\n\n<p><a href=\"https:\/\/www.plugandgo.es\/moonshot-thinking-nuestra-metodologia\/\" target=\"_blank\" rel=\"noreferrer noopener\">plug&amp;go<\/a> se centra en estos desaf\u00edos que plantea la configuraci\u00f3n del nuevo mundo laboral. Utilizamos nuestro conocimiento para <strong>dise\u00f1ar mejores espacios de oficina<\/strong>; para crear entornos de trabajo rentables, que mejoren el rendimiento, pero tambi\u00e9n saludables.<\/p>\n\n\n\n<h3 class=\"wp-block-heading\">En el proceso, buscamos respuestas a las siguientes preguntas interdisciplinarias:<\/h3>\n\n\n\n<div class=\"wp-block-group is-layout-constrained wp-block-group-is-layout-constrained\">\n<div class=\"wp-block-group is-vertical is-layout-flex wp-container-core-group-is-layout-fe9cc265 wp-block-group-is-layout-flex\">\n<ul class=\"wp-block-list\">\n<li>\u00bfC\u00f3mo se puede dise\u00f1ar una oficina para <strong>satisfacer las necesidades de las personas<\/strong>? <\/li>\n\n\n\n<li>\u00bfQu\u00e9 medidas son necesarias para encontrar un <strong>equilibrio entre el uso rentable del espacio y la productividad y el bienestar<\/strong> de los trabajadores de oficina? <\/li>\n\n\n\n<li>\u00bfC\u00f3mo se pueden conseguir al mismo tiempo <strong>buenos niveles de concentraci\u00f3n y comunicaci\u00f3n<\/strong> en el lugar de trabajo? <\/li>\n\n\n\n<li>\u00bfC\u00f3mo lograr que la oficina sea el lugar al que los empleados <strong>acuden porque eligen trabajar desde all\u00ed<\/strong>?<\/li>\n\n\n\n<li>\u00bfC\u00f3mo <strong>crear comunidad, marca y prop\u00f3sito<\/strong> desde la arquitectura corporativa? <\/li>\n\n\n\n<li>\u00bfC\u00f3mo <strong>reforzar el compromiso medioambiental<\/strong> de una empresa desde el dise\u00f1o de sus espacios de trabajo? <\/li>\n\n\n\n<li>\u00bfPodemos contribuir a un <strong>urbanismo m\u00e1s sostenible<\/strong>? <\/li>\n\n\n\n<li>\u00bfC\u00f3mo lograr que la <strong>relaci\u00f3n entre los diferentes cl\u00fasteres fluya \u00e1gil<\/strong> y eficazmente? <\/li>\n\n\n\n<li>\u00bfEn qu\u00e9 medida podemos contribuir a una <strong>mayor felicidad de empleados y colaboradores<\/strong>?<\/li>\n<\/ul>\n<\/div>\n<\/div>\n","protected":false},"excerpt":{"rendered":"<p>En un mundo laboral h\u00edbrido y multilocal, el dise\u00f1o y el impacto de los entornos laborales son especialmente importantes. Los trabajadores del conocimiento se mueven din\u00e1micamente entre espacios f\u00edsicos y virtuales, entre oficinas, el tercer espacio y oficinas en casa, entre \u00e1reas m\u00e1s privadas y espacios destinados a la colaboraci\u00f3n en sus oficinas basadas en [&hellip;]<\/p>\n","protected":false},"author":2,"featured_media":10251,"comment_status":"open","ping_status":"open","sticky":false,"template":"","format":"standard","meta":{"footnotes":""},"categories":[1],"tags":[],"class_list":["post-10243","post","type-post","status-publish","format-standard","has-post-thumbnail","hentry","category-sin-categoria"],"_links":{"self":[{"href":"https:\/\/www.plugandgo.es\/en\/wp-json\/wp\/v2\/posts\/10243","targetHints":{"allow":["GET"]}}],"collection":[{"href":"https:\/\/www.plugandgo.es\/en\/wp-json\/wp\/v2\/posts"}],"about":[{"href":"https:\/\/www.plugandgo.es\/en\/wp-json\/wp\/v2\/types\/post"}],"author":[{"embeddable":true,"href":"https:\/\/www.plugandgo.es\/en\/wp-json\/wp\/v2\/users\/2"}],"replies":[{"embeddable":true,"href":"https:\/\/www.plugandgo.es\/en\/wp-json\/wp\/v2\/comments?post=10243"}],"version-history":[{"count":0,"href":"https:\/\/www.plugandgo.es\/en\/wp-json\/wp\/v2\/posts\/10243\/revisions"}],"wp:featuredmedia":[{"embeddable":true,"href":"https:\/\/www.plugandgo.es\/en\/wp-json\/wp\/v2\/media\/10251"}],"wp:attachment":[{"href":"https:\/\/www.plugandgo.es\/en\/wp-json\/wp\/v2\/media?parent=10243"}],"wp:term":[{"taxonomy":"category","embeddable":true,"href":"https:\/\/www.plugandgo.es\/en\/wp-json\/wp\/v2\/categories?post=10243"},{"taxonomy":"post_tag","embeddable":true,"href":"https:\/\/www.plugandgo.es\/en\/wp-json\/wp\/v2\/tags?post=10243"}],"curies":[{"name":"wp","href":"https:\/\/api.w.org\/{rel}","templated":true}]}}