{"id":10297,"date":"2023-11-30T17:05:06","date_gmt":"2023-11-30T17:05:06","guid":{"rendered":"https:\/\/www.plugandgo.es\/?p=10297"},"modified":"2023-11-30T17:09:44","modified_gmt":"2023-11-30T17:09:44","slug":"plug-and-go-2023-grandes-proyectos-y-nueva-web","status":"publish","type":"post","link":"https:\/\/www.plugandgo.es\/en\/plug-and-go-2023-grandes-proyectos-y-nueva-web\/","title":{"rendered":"2023 en plug&go, grandes proyectos \u00a1Y nueva web!"},"content":{"rendered":"\n<p>Ahora que 2023 va diciendo adi\u00f3s, despedimos un a\u00f1o de muy buenas noticias para plug&amp;go, como el lanzamiento de <strong>nuestra nueva p\u00e1gina Web<\/strong> -con un lenguaje m\u00e1s gr\u00e1fico y visual, con los proyectos como protagonistas-, la publicaci\u00f3n de un nuevo dossier de proyectos de arquitectura corporativa y nuevos dise\u00f1os e implantaciones que se suman a nuestro portfolio de clientes; algunos en modalidad <strong>Design&amp;build<\/strong>, como los tres \u00faltimos publicados en nuestra Web, las oficinas de RWE en Barcelona, las de Axpo en Madrid y las de Mitsubishi, tambi\u00e9n en Madrid.<\/p>\n\n\n\n<figure class=\"wp-block-image size-large is-style-default\"><img fetchpriority=\"high\" decoding=\"async\" width=\"1024\" height=\"536\" src=\"https:\/\/www.plugandgo.es\/wp-content\/uploads\/2023\/11\/8-1024x536.png\" alt=\"plug&amp;go 2023 post imagen nueva web \" class=\"wp-image-10298\" srcset=\"https:\/\/www.plugandgo.es\/wp-content\/uploads\/2023\/11\/8-1024x536.png 1024w, https:\/\/www.plugandgo.es\/wp-content\/uploads\/2023\/11\/8-300x157.png 300w, https:\/\/www.plugandgo.es\/wp-content\/uploads\/2023\/11\/8-768x402.png 768w, https:\/\/www.plugandgo.es\/wp-content\/uploads\/2023\/11\/8-1030x539.png 1030w, https:\/\/www.plugandgo.es\/wp-content\/uploads\/2023\/11\/8-760x398.png 760w, https:\/\/www.plugandgo.es\/wp-content\/uploads\/2023\/11\/8.png 1300w\" sizes=\"(max-width: 1024px) 100vw, 1024px\" \/><figcaption class=\"wp-element-caption\">Nueva p\u00e1gina web plugandgo.es<\/figcaption><\/figure>\n\n\n\n<p>En el caso de <strong>RWE<\/strong>, ya tuvimos la oportunidad de acompa\u00f1ar a <strong>e<\/strong>sta compa\u00f1\u00eda energ\u00e9tica en su sede de <strong>Madrid<\/strong> y recientemente tras un proceso de transformaci\u00f3n, integraci\u00f3n y consultor\u00eda que llevamos a cabo con el equipo de <strong>Barcelona<\/strong>, terminamos sus oficinas en Plaza de Catalunya. Puedes ver el resultado <strong><a href=\"https:\/\/www.plugandgo.es\/clientes\/rwe-2\/\">en este enlace<\/a><\/strong>.<\/p>\n\n\n\n<figure class=\"wp-block-image aligncenter size-large is-resized\"><img decoding=\"async\" src=\"https:\/\/www.plugandgo.es\/wp-content\/uploads\/2023\/11\/20230614-Plaza-Catalunya-1-Barcelona-58-HQ-1024x683.jpg\" alt=\"\" class=\"wp-image-10278\" width=\"612\" height=\"408\" srcset=\"https:\/\/www.plugandgo.es\/wp-content\/uploads\/2023\/11\/20230614-Plaza-Catalunya-1-Barcelona-58-HQ-1024x683.jpg 1024w, https:\/\/www.plugandgo.es\/wp-content\/uploads\/2023\/11\/20230614-Plaza-Catalunya-1-Barcelona-58-HQ-300x200.jpg 300w, https:\/\/www.plugandgo.es\/wp-content\/uploads\/2023\/11\/20230614-Plaza-Catalunya-1-Barcelona-58-HQ-768x512.jpg 768w, https:\/\/www.plugandgo.es\/wp-content\/uploads\/2023\/11\/20230614-Plaza-Catalunya-1-Barcelona-58-HQ-1536x1024.jpg 1536w, https:\/\/www.plugandgo.es\/wp-content\/uploads\/2023\/11\/20230614-Plaza-Catalunya-1-Barcelona-58-HQ-2048x1365.jpg 2048w, https:\/\/www.plugandgo.es\/wp-content\/uploads\/2023\/11\/20230614-Plaza-Catalunya-1-Barcelona-58-HQ-1030x687.jpg 1030w, https:\/\/www.plugandgo.es\/wp-content\/uploads\/2023\/11\/20230614-Plaza-Catalunya-1-Barcelona-58-HQ-760x507.jpg 760w\" sizes=\"(max-width: 612px) 100vw, 612px\" \/><\/figure>\n\n\n\n<p>El proyecto para <strong><a href=\"https:\/\/www.plugandgo.es\/clientes\/axpo\/\" target=\"_blank\" rel=\"noreferrer noopener\">Axpo<\/a><\/strong> ha generado un espacio donde conectar con el prop\u00f3sito de marca, toda una declaraci\u00f3n de intenciones en la b\u00fasqueda y creaci\u00f3n de un entorno que aboga por el respeto de personas y planeta.<\/p>\n\n\n\n<figure class=\"wp-block-image aligncenter size-full is-resized\"><img decoding=\"async\" src=\"https:\/\/www.plugandgo.es\/wp-content\/uploads\/2023\/10\/20230421-Paseo-de-la-Castellana-95-Madrid-22-LQ.jpg\" alt=\"\" class=\"wp-image-10262\" width=\"612\" height=\"408\" srcset=\"https:\/\/www.plugandgo.es\/wp-content\/uploads\/2023\/10\/20230421-Paseo-de-la-Castellana-95-Madrid-22-LQ.jpg 1000w, https:\/\/www.plugandgo.es\/wp-content\/uploads\/2023\/10\/20230421-Paseo-de-la-Castellana-95-Madrid-22-LQ-300x200.jpg 300w, https:\/\/www.plugandgo.es\/wp-content\/uploads\/2023\/10\/20230421-Paseo-de-la-Castellana-95-Madrid-22-LQ-768x512.jpg 768w, https:\/\/www.plugandgo.es\/wp-content\/uploads\/2023\/10\/20230421-Paseo-de-la-Castellana-95-Madrid-22-LQ-760x507.jpg 760w\" sizes=\"(max-width: 612px) 100vw, 612px\" \/><\/figure>\n\n\n\n<p>Las oficinas de <strong><a href=\"https:\/\/www.plugandgo.es\/clientes\/mitsubishi\/\" target=\"_blank\" rel=\"noreferrer noopener\">Mitsubishi<\/a><\/strong>, por su parte, han sido dise\u00f1adas pensando en clientes y empleados con un dise\u00f1o que cuida de las personas en el uso de materiales y procesos de construcci\u00f3n sostenible.<\/p>\n\n\n\n<figure class=\"wp-block-image aligncenter size-large is-resized\"><img loading=\"lazy\" decoding=\"async\" src=\"https:\/\/www.plugandgo.es\/wp-content\/uploads\/2023\/09\/20230731-Paseo-de-la-Castellana-295D-Madrid-12-HQ-1024x683.jpg\" alt=\"\" class=\"wp-image-10231\" width=\"596\" height=\"397\" srcset=\"https:\/\/www.plugandgo.es\/wp-content\/uploads\/2023\/09\/20230731-Paseo-de-la-Castellana-295D-Madrid-12-HQ-1024x683.jpg 1024w, https:\/\/www.plugandgo.es\/wp-content\/uploads\/2023\/09\/20230731-Paseo-de-la-Castellana-295D-Madrid-12-HQ-300x200.jpg 300w, https:\/\/www.plugandgo.es\/wp-content\/uploads\/2023\/09\/20230731-Paseo-de-la-Castellana-295D-Madrid-12-HQ-768x512.jpg 768w, https:\/\/www.plugandgo.es\/wp-content\/uploads\/2023\/09\/20230731-Paseo-de-la-Castellana-295D-Madrid-12-HQ-1536x1024.jpg 1536w, https:\/\/www.plugandgo.es\/wp-content\/uploads\/2023\/09\/20230731-Paseo-de-la-Castellana-295D-Madrid-12-HQ-2048x1365.jpg 2048w, https:\/\/www.plugandgo.es\/wp-content\/uploads\/2023\/09\/20230731-Paseo-de-la-Castellana-295D-Madrid-12-HQ-1030x687.jpg 1030w, https:\/\/www.plugandgo.es\/wp-content\/uploads\/2023\/09\/20230731-Paseo-de-la-Castellana-295D-Madrid-12-HQ-760x507.jpg 760w\" sizes=\"(max-width: 596px) 100vw, 596px\" \/><\/figure>\n\n\n\n<h3 class=\"wp-block-heading\"><strong>plug&amp;go 2023, Proyectos y Obras llave en mano<\/strong><\/h3>\n\n\n\n<p>En nuestra <strong><a href=\"https:\/\/www.plugandgo.es\/clientes\/\" target=\"_blank\" rel=\"noreferrer noopener\">nueva web,<\/a><\/strong> puedes ver otros proyectos de este \u00faltimo a\u00f1o, que se han realizado en la modalidad de Proyecto y Obra llave en mano, como las oficinas de Ferroglobe, Oxford University Press y TechEdge.<\/p>\n\n\n\n<p>Las oficinas de <strong><a href=\"https:\/\/www.plugandgo.es\/clientes\/ferroglobe\/\" target=\"_blank\" rel=\"noreferrer noopener\">Ferroglobe<\/a><\/strong> han sido transformadas por plug&amp;go alineando su sede al nuevo modelo h\u00edbrido y rescatando prop\u00f3sito y valores de compa\u00f1\u00eda.<\/p>\n\n\n\n<figure class=\"wp-block-image aligncenter size-large is-resized\"><img loading=\"lazy\" decoding=\"async\" src=\"https:\/\/www.plugandgo.es\/wp-content\/uploads\/2023\/09\/20220906-Paseo-de-la-Castellana-295C-Madrid-2-HQ-1024x683.jpg\" alt=\"\" class=\"wp-image-10194\" width=\"665\" height=\"443\" srcset=\"https:\/\/www.plugandgo.es\/wp-content\/uploads\/2023\/09\/20220906-Paseo-de-la-Castellana-295C-Madrid-2-HQ-1024x683.jpg 1024w, https:\/\/www.plugandgo.es\/wp-content\/uploads\/2023\/09\/20220906-Paseo-de-la-Castellana-295C-Madrid-2-HQ-300x200.jpg 300w, https:\/\/www.plugandgo.es\/wp-content\/uploads\/2023\/09\/20220906-Paseo-de-la-Castellana-295C-Madrid-2-HQ-768x512.jpg 768w, https:\/\/www.plugandgo.es\/wp-content\/uploads\/2023\/09\/20220906-Paseo-de-la-Castellana-295C-Madrid-2-HQ-1536x1024.jpg 1536w, https:\/\/www.plugandgo.es\/wp-content\/uploads\/2023\/09\/20220906-Paseo-de-la-Castellana-295C-Madrid-2-HQ-2048x1365.jpg 2048w, https:\/\/www.plugandgo.es\/wp-content\/uploads\/2023\/09\/20220906-Paseo-de-la-Castellana-295C-Madrid-2-HQ-1030x687.jpg 1030w, https:\/\/www.plugandgo.es\/wp-content\/uploads\/2023\/09\/20220906-Paseo-de-la-Castellana-295C-Madrid-2-HQ-760x507.jpg 760w\" sizes=\"(max-width: 665px) 100vw, 665px\" \/><\/figure>\n\n\n\n<p>La convivencia de pasado, presente y futuro permite a <strong><a href=\"https:\/\/www.plugandgo.es\/clientes\/oxford\/\" target=\"_blank\" rel=\"noreferrer noopener\">Oxford University Press<\/a><\/strong> tener unas ra\u00edces s\u00f3lidas y a la vez flexible, y qu\u00e9 mejor forma de representar esta cadena que se retroalimenta que con la figura del c\u00edrculo.<\/p>\n\n\n\n<p>El c\u00edrculo contiene la esencia de marca y valores, y para plug&amp;go evoca el punto de inicio del dise\u00f1o al que sumar colorterapia, ciclos circadianos, control del ruido, biofilia, materiales naturales, iluminaci\u00f3n, confort\u2026 materiales y texturas que completan la visi\u00f3n de <strong>wellbeing <\/strong>del grupo.<\/p>\n\n\n\n<figure class=\"wp-block-image aligncenter size-large is-resized\"><img loading=\"lazy\" decoding=\"async\" src=\"https:\/\/www.plugandgo.es\/wp-content\/uploads\/2023\/05\/oxford-a-1024x683.jpg\" alt=\"\" class=\"wp-image-9192\" width=\"660\" height=\"440\" srcset=\"https:\/\/www.plugandgo.es\/wp-content\/uploads\/2023\/05\/oxford-a-1024x683.jpg 1024w, https:\/\/www.plugandgo.es\/wp-content\/uploads\/2023\/05\/oxford-a-760x507.jpg 760w, https:\/\/www.plugandgo.es\/wp-content\/uploads\/2023\/05\/oxford-a-1030x686.jpg 1030w, https:\/\/www.plugandgo.es\/wp-content\/uploads\/2023\/05\/oxford-a-300x200.jpg 300w, https:\/\/www.plugandgo.es\/wp-content\/uploads\/2023\/05\/oxford-a-768x512.jpg 768w, https:\/\/www.plugandgo.es\/wp-content\/uploads\/2023\/05\/oxford-a-1536x1024.jpg 1536w, https:\/\/www.plugandgo.es\/wp-content\/uploads\/2023\/05\/oxford-a.jpg 2048w\" sizes=\"(max-width: 660px) 100vw, 660px\" \/><\/figure>\n\n\n\n<p>Para <strong><a href=\"https:\/\/www.plugandgo.es\/clientes\/techedge\/\" target=\"_blank\" rel=\"noreferrer noopener\">TechEdge<\/a><\/strong> la oficina deja de ser ese lugar de trabajo individual y se convierte en la gran plaza que alberga todo lo que no se puede hacer en casa o ese \u201ctercer lugar\u201d, conectarse.<\/p>\n\n\n\n<figure class=\"wp-block-image aligncenter size-large is-resized\"><img loading=\"lazy\" decoding=\"async\" src=\"https:\/\/www.plugandgo.es\/wp-content\/uploads\/2023\/05\/TechEdge-b-1024x683.jpg\" alt=\"\" class=\"wp-image-8717\" width=\"674\" height=\"449\" srcset=\"https:\/\/www.plugandgo.es\/wp-content\/uploads\/2023\/05\/TechEdge-b-1024x683.jpg 1024w, https:\/\/www.plugandgo.es\/wp-content\/uploads\/2023\/05\/TechEdge-b-760x507.jpg 760w, https:\/\/www.plugandgo.es\/wp-content\/uploads\/2023\/05\/TechEdge-b-1030x686.jpg 1030w, https:\/\/www.plugandgo.es\/wp-content\/uploads\/2023\/05\/TechEdge-b-300x200.jpg 300w, https:\/\/www.plugandgo.es\/wp-content\/uploads\/2023\/05\/TechEdge-b-768x512.jpg 768w, https:\/\/www.plugandgo.es\/wp-content\/uploads\/2023\/05\/TechEdge-b-1536x1024.jpg 1536w, https:\/\/www.plugandgo.es\/wp-content\/uploads\/2023\/05\/TechEdge-b.jpg 2048w\" sizes=\"(max-width: 674px) 100vw, 674px\" \/><\/figure>\n\n\n\n<h3 class=\"wp-block-heading\"><strong>Nuevo dossier plug&amp;go<\/strong><\/h3>\n\n\n\n<p>En 2023 tambi\u00e9n hemos publicado un nuevo dossier de proyectos que, bajo el t\u00edtulo <strong>&#8220;El futuro que empieza hoy&#8221;<\/strong> y a trav\u00e9s de una recopilaci\u00f3n de proyectos plug&amp;go, ofrece una narrativa veraz sobre la manera que tenemos de entender la arquitectura corporativa.<\/p>\n\n\n\n<p><strong><a href=\"https:\/\/mailchi.mp\/67fe72d8a45a\/1orm3gypny\" target=\"_blank\" rel=\"noreferrer noopener\">Puedes descargar aqu\u00ed el dossier<\/a><\/strong> <\/p>\n\n\n\n<figure class=\"wp-block-image aligncenter size-large is-resized\"><img loading=\"lazy\" decoding=\"async\" src=\"https:\/\/www.plugandgo.es\/wp-content\/uploads\/2023\/05\/cuarto-Dossier-pluggo-1024x536.png\" alt=\"\" class=\"wp-image-9713\" width=\"567\" height=\"296\" srcset=\"https:\/\/www.plugandgo.es\/wp-content\/uploads\/2023\/05\/cuarto-Dossier-pluggo-1024x536.png 1024w, https:\/\/www.plugandgo.es\/wp-content\/uploads\/2023\/05\/cuarto-Dossier-pluggo-760x398.png 760w, https:\/\/www.plugandgo.es\/wp-content\/uploads\/2023\/05\/cuarto-Dossier-pluggo-300x157.png 300w, https:\/\/www.plugandgo.es\/wp-content\/uploads\/2023\/05\/cuarto-Dossier-pluggo-768x402.png 768w, https:\/\/www.plugandgo.es\/wp-content\/uploads\/2023\/05\/cuarto-Dossier-pluggo-1030x539.png 1030w, https:\/\/www.plugandgo.es\/wp-content\/uploads\/2023\/05\/cuarto-Dossier-pluggo.png 1170w\" sizes=\"(max-width: 567px) 100vw, 567px\" \/><\/figure>\n\n\n\n<p>Pero no todo han sido proyectos, plug&amp;go 2023 tiene muchas m\u00e1s historias, sobre todo humanas: viajes, encuentros profesionales, networking.. y nuestra <strong>\u00a1Fiesta de verano!<\/strong>, uno de nuestros momentos favoritos del a\u00f1o.<\/p>\n\n\n\n<figure class=\"wp-block-image aligncenter size-large is-resized\"><img loading=\"lazy\" decoding=\"async\" src=\"https:\/\/www.plugandgo.es\/wp-content\/uploads\/2023\/06\/DSC_6941-1024x683.jpg\" alt=\"\" class=\"wp-image-10035\" width=\"627\" height=\"418\" srcset=\"https:\/\/www.plugandgo.es\/wp-content\/uploads\/2023\/06\/DSC_6941-1024x683.jpg 1024w, https:\/\/www.plugandgo.es\/wp-content\/uploads\/2023\/06\/DSC_6941-300x200.jpg 300w, https:\/\/www.plugandgo.es\/wp-content\/uploads\/2023\/06\/DSC_6941-768x512.jpg 768w, https:\/\/www.plugandgo.es\/wp-content\/uploads\/2023\/06\/DSC_6941-1536x1024.jpg 1536w, https:\/\/www.plugandgo.es\/wp-content\/uploads\/2023\/06\/DSC_6941-2048x1365.jpg 2048w, https:\/\/www.plugandgo.es\/wp-content\/uploads\/2023\/06\/DSC_6941-1030x687.jpg 1030w, https:\/\/www.plugandgo.es\/wp-content\/uploads\/2023\/06\/DSC_6941-760x507.jpg 760w\" sizes=\"(max-width: 627px) 100vw, 627px\" \/><\/figure>\n","protected":false},"excerpt":{"rendered":"<p>Ahora que 2023 va diciendo adi\u00f3s, despedimos un a\u00f1o de muy buenas noticias para plug&amp;go, como el lanzamiento de nuestra nueva p\u00e1gina Web -con un lenguaje m\u00e1s gr\u00e1fico y visual, con los proyectos como protagonistas-, la publicaci\u00f3n de un nuevo dossier de proyectos de arquitectura corporativa y nuevos dise\u00f1os e implantaciones que se suman a [&hellip;]<\/p>\n","protected":false},"author":2,"featured_media":10299,"comment_status":"open","ping_status":"open","sticky":false,"template":"","format":"standard","meta":{"footnotes":""},"categories":[131,133],"tags":[],"class_list":["post-10297","post","type-post","status-publish","format-standard","has-post-thumbnail","hentry","category-arquitectura","category-noticias"],"_links":{"self":[{"href":"https:\/\/www.plugandgo.es\/en\/wp-json\/wp\/v2\/posts\/10297","targetHints":{"allow":["GET"]}}],"collection":[{"href":"https:\/\/www.plugandgo.es\/en\/wp-json\/wp\/v2\/posts"}],"about":[{"href":"https:\/\/www.plugandgo.es\/en\/wp-json\/wp\/v2\/types\/post"}],"author":[{"embeddable":true,"href":"https:\/\/www.plugandgo.es\/en\/wp-json\/wp\/v2\/users\/2"}],"replies":[{"embeddable":true,"href":"https:\/\/www.plugandgo.es\/en\/wp-json\/wp\/v2\/comments?post=10297"}],"version-history":[{"count":0,"href":"https:\/\/www.plugandgo.es\/en\/wp-json\/wp\/v2\/posts\/10297\/revisions"}],"wp:featuredmedia":[{"embeddable":true,"href":"https:\/\/www.plugandgo.es\/en\/wp-json\/wp\/v2\/media\/10299"}],"wp:attachment":[{"href":"https:\/\/www.plugandgo.es\/en\/wp-json\/wp\/v2\/media?parent=10297"}],"wp:term":[{"taxonomy":"category","embeddable":true,"href":"https:\/\/www.plugandgo.es\/en\/wp-json\/wp\/v2\/categories?post=10297"},{"taxonomy":"post_tag","embeddable":true,"href":"https:\/\/www.plugandgo.es\/en\/wp-json\/wp\/v2\/tags?post=10297"}],"curies":[{"name":"wp","href":"https:\/\/api.w.org\/{rel}","templated":true}]}}