{"id":10334,"date":"2024-01-19T15:40:56","date_gmt":"2024-01-19T15:40:56","guid":{"rendered":"https:\/\/www.plugandgo.es\/?p=10334"},"modified":"2024-01-22T11:57:17","modified_gmt":"2024-01-22T11:57:17","slug":"arquitectura-corporativa-en-la-economia-local","status":"publish","type":"post","link":"https:\/\/www.plugandgo.es\/en\/arquitectura-corporativa-en-la-economia-local\/","title":{"rendered":"Arquitectura corporativa comprometida con la econom\u00eda local"},"content":{"rendered":"\n<p>La pandemia ha cambiado muchas cosas y a muy distintos niveles. Desde nuestra manera de trabajar hasta nuestra forma de comprar. Y todos nos hemos planteado cosas en las que nunca antes hab\u00edamos pensado.&nbsp;<\/p>\n\n\n\n<p>Un claro ejemplo lo encontramos en nuestra actitud y exigencias como compradores. Estamos siendo testigos de una tendencia que lleva a los consumidores a buscar preferiblemente <strong>marcas cada vez m\u00e1s comprometidas con el entorno social y ambiental<\/strong>, y que recurran a productos de cercan\u00eda fomentando la econom\u00eda local.&nbsp;Una realidad social que tambi\u00e9n impacta en la arquitectura.<\/p>\n\n\n\n<h2 class=\"wp-block-heading\"><strong>Arquitectura corporativa y econom\u00eda local<\/strong><\/h2>\n\n\n\n<p>Seg\u00fan el \u00faltimo <a href=\"https:\/\/academy.maison-objet.com\/en\/the-shift-towards-local-sourcing-in-a-post-covid-world\" target=\"_blank\" rel=\"noopener\">bar\u00f3metro Maison&amp;Objet<\/a>, el <strong>88% de los dise\u00f1adores de interior, arquitectos y decoradores encuestados aseguran que sus clientes analizan cada vez m\u00e1s el origen de los productos <\/strong>y las materias primas utilizadas para su fabricaci\u00f3n. <\/p>\n\n\n\n<figure class=\"wp-block-image aligncenter size-large is-resized\"><img fetchpriority=\"high\" decoding=\"async\" src=\"https:\/\/www.plugandgo.es\/wp-content\/uploads\/2023\/05\/EdificioArbor-b-1-1024x683.jpg\" alt=\"\" class=\"wp-image-9566\" width=\"824\" height=\"549\" srcset=\"https:\/\/www.plugandgo.es\/wp-content\/uploads\/2023\/05\/EdificioArbor-b-1-1024x683.jpg 1024w, https:\/\/www.plugandgo.es\/wp-content\/uploads\/2023\/05\/EdificioArbor-b-1-760x507.jpg 760w, https:\/\/www.plugandgo.es\/wp-content\/uploads\/2023\/05\/EdificioArbor-b-1-1030x686.jpg 1030w, https:\/\/www.plugandgo.es\/wp-content\/uploads\/2023\/05\/EdificioArbor-b-1-300x200.jpg 300w, https:\/\/www.plugandgo.es\/wp-content\/uploads\/2023\/05\/EdificioArbor-b-1-768x512.jpg 768w, https:\/\/www.plugandgo.es\/wp-content\/uploads\/2023\/05\/EdificioArbor-b-1-1536x1024.jpg 1536w, https:\/\/www.plugandgo.es\/wp-content\/uploads\/2023\/05\/EdificioArbor-b-1.jpg 2048w\" sizes=\"(max-width: 824px) 100vw, 824px\" \/><\/figure>\n\n\n\n<p>Seg\u00fan el 60% de los encuestados, esta demanda de los clientes se expresa incluso con m\u00e1s fervor que antes de las crisis del transporte mar\u00edtimo y la inflaci\u00f3n. A la cabeza del trato con los consumidores est\u00e1n los compradores, es decir, los minoristas y prescriptores, que se hacen eco de esta tendencia: el 62% de ellos, frente al 53% de las marcas.<\/p>\n\n\n\n<p>Esta nueva edici\u00f3n del bar\u00f3metro saca a la luz pr\u00e1cticas y manufacturas que, contrariamente a una idea err\u00f3nea com\u00fan, ya est\u00e1n en gran medida arraigadas a nivel local. <strong>El 80% de las marcas encuestadas dicen que ya obtienen materias primas en su propio continente<\/strong>, y el 27% completa su abastecimiento utilizando materiales de otras partes del mundo. <strong>El 83% de ellos fabrica total o parcialmente<\/strong> su colecci\u00f3n y gama de productos <strong>en su propio continente<\/strong>.<\/p>\n\n\n\n<h3 class=\"wp-block-heading\"><strong>Beneficios de la relocalizaci\u00f3n<\/strong><\/h3>\n\n\n\n<p>Es especialmente en t\u00e9rminos de <strong>imagen proyectada al cliente<\/strong>, trazabilidad, mejor calidad y, por tanto, credibilidad, donde se pueden ver las consecuencias deseables de la relocalizaci\u00f3n. <strong>Para el 71% de las marcas, se trata de reducir su impacto ambiental y, para el 58% de ellas, de volver a valores de orientaci\u00f3n social<\/strong>. Para el 53% de ellos, la relocalizaci\u00f3n podr\u00eda tener un efecto beneficioso en su imagen de marca. Del lado del comprador, el 48% espera una mejor calidad y el 39% espera una mejor experiencia en el producto.<\/p>\n\n\n\n<p>Por su parte, <strong>el 90% de los compradores afirma que prefiere productos elaborados en su propio continente.<\/strong><\/p>\n\n\n\n<h3 class=\"wp-block-heading\"><strong>Los frenos para el desarrollo de la econom\u00eda local<\/strong><\/h3>\n\n\n\n<p>La apuesta por la econom\u00eda local tambi\u00e9n encuentra obst\u00e1culos para su pleno desarrollo. El 70% de las marcas, seg\u00fan este bar\u00f3metro, que no est\u00e1n en esta corriente, culpan a <strong>los mayores costes de fabricaci\u00f3n,<\/strong> y el 52% de ellas, a <strong>los mayores costes de compra<\/strong>. Para el 41% de las marcas, a estos obst\u00e1culos se suma <strong>la complejidad de encontrar nuevos proveedores<\/strong>. Muchos talleres han cerrado. Se ha vuelto muy dif\u00edcil o incluso imposible fabricar localmente algunos productos tambi\u00e9n porque las materias primas ya no est\u00e1n disponibles\u2026 Ciertos oficios expertos han desaparecido en muchos pa\u00edses, y hay que buscar su saber hacer en el extranjero, etc. No siempre es f\u00e1cil.<\/p>\n\n\n\n<figure class=\"wp-block-image aligncenter size-large is-resized\"><img decoding=\"async\" src=\"https:\/\/www.plugandgo.es\/wp-content\/uploads\/2023\/05\/famosa-1-1024x683.jpg\" alt=\"\" class=\"wp-image-9541\" width=\"804\" height=\"536\" srcset=\"https:\/\/www.plugandgo.es\/wp-content\/uploads\/2023\/05\/famosa-1-1024x683.jpg 1024w, https:\/\/www.plugandgo.es\/wp-content\/uploads\/2023\/05\/famosa-1-760x507.jpg 760w, https:\/\/www.plugandgo.es\/wp-content\/uploads\/2023\/05\/famosa-1-1030x686.jpg 1030w, https:\/\/www.plugandgo.es\/wp-content\/uploads\/2023\/05\/famosa-1-300x200.jpg 300w, https:\/\/www.plugandgo.es\/wp-content\/uploads\/2023\/05\/famosa-1-768x512.jpg 768w, https:\/\/www.plugandgo.es\/wp-content\/uploads\/2023\/05\/famosa-1-1536x1024.jpg 1536w, https:\/\/www.plugandgo.es\/wp-content\/uploads\/2023\/05\/famosa-1.jpg 2048w\" sizes=\"(max-width: 804px) 100vw, 804px\" \/><\/figure>\n\n\n\n<h3 class=\"wp-block-heading\"><strong>Arquitectura comprometida con la econom\u00eda local<\/strong>, \u00bfQu\u00e9 podemos hacer?<\/h3>\n\n\n\n<p>Existen muchos problemas que abordar para hacer que nuestro mundo sea m\u00e1s sostenible y eficiente. Pero, <strong>\u00bfqu\u00e9 podemos hacer como arquitectos?<\/strong><\/p>\n\n\n\n<p>Es innegable que la industria de la construcci\u00f3n tiene un impacto significativo en el planeta. Enormes cantidades de recursos, materiales, agua y energ\u00eda se explotan, procesan y consumen para la ejecuci\u00f3n de una obra. Seg\u00fan Archdaily, en Brasil, por ejemplo, l<strong>os residuos de construcci\u00f3n representan entre el 50% y 70% del total<\/strong> de los residuos generados.<\/p>\n\n\n\n<p>El uso de materiales obtenidos de materias primas locales y que usen procesos que involucren poca energ\u00eda, reducen sensiblemente el impacto ambiental. El <strong>uso de materias locales redunda en menores tiempos de transporte, reduce el consumo de combustible y la contaminaci\u00f3n ambiental<\/strong>.<\/p>\n\n\n\n<p>El concepto de <strong>econom\u00eda circular<\/strong> busca tambi\u00e9n cambiar este paradigma, al igual que la econom\u00eda local. Est\u00e1 inspirado en mecanismos naturales que funcionan en un proceso continuo de producci\u00f3n, reabsorci\u00f3n, reciclaje, autogesti\u00f3n y regulaci\u00f3n natural, donde los residuos son el insumo para la producci\u00f3n de nuevos productos.<\/p>\n\n\n\n<p>En plug&amp;go creemos en una arquitectura corporativa que forme parte de <strong><a href=\"https:\/\/www.plugandgo.es\/arquitectura-corporativa-economia-circular\/\" target=\"_blank\" rel=\"noreferrer noopener\">esa econom\u00eda circular,<\/a><\/strong> cuya filosof\u00eda consiste en dise\u00f1ar y construir, adem\u00e1s de siguiendo los conocidos criterios de <strong>sostenibilidad y eficiencia<\/strong>, desde el comportamiento c\u00edclico de los elementos y materiales, que se reutilizan, reciclan o transforman en cada nuevo uso, de modo que la materia se optimiza.<\/p>\n\n\n\n<figure class=\"wp-block-image aligncenter size-full is-resized\"><img decoding=\"async\" src=\"https:\/\/www.plugandgo.es\/wp-content\/uploads\/2023\/05\/Quadpack-c.jpg\" alt=\"\" class=\"wp-image-9452\" width=\"792\" height=\"529\" srcset=\"https:\/\/www.plugandgo.es\/wp-content\/uploads\/2023\/05\/Quadpack-c.jpg 1000w, https:\/\/www.plugandgo.es\/wp-content\/uploads\/2023\/05\/Quadpack-c-760x508.jpg 760w, https:\/\/www.plugandgo.es\/wp-content\/uploads\/2023\/05\/Quadpack-c-300x201.jpg 300w, https:\/\/www.plugandgo.es\/wp-content\/uploads\/2023\/05\/Quadpack-c-768x514.jpg 768w\" sizes=\"(max-width: 792px) 100vw, 792px\" \/><\/figure>\n\n\n\n<p>Una prioridad en la agenda de todos los profesionales de la arquitectura corporativa debe ser el <strong>uso de recursos materiales naturales para crear entornos de trabajo saludables<\/strong>.<\/p>\n\n\n\n<p><strong>Este post es solo una invitaci\u00f3n a repensar, a cambiar la forma en que pensamos sobre las cosas. Romper paradigmas, incluir nuevos materiales y soluciones<\/strong>.<br>Tambi\u00e9n nos referimos a la reutilizaci\u00f3n de edificios para nuevos prop\u00f3sitos: transformar f\u00e1bricas en oficinas, hoteles en viviendas, y as\u00ed. Desde el dise\u00f1o arquitect\u00f3nico, tambi\u00e9n es posible crear edificios que puedan tener una mayor flexibilidad para todas las etapas de su vida \u00fatil y diferentes usos.<\/p>\n\n\n\n<p>Tambi\u00e9n nos interesa, y mucho los <strong>materiales amigables con el clima<\/strong>, as\u00ed como el concepto de <strong>miner\u00eda urbana<\/strong>, que significa recuperar material del enorme <em>stock<\/em> de edificios ya construidos y que necesitan mejoras.<\/p>\n\n\n\n<p>En lugar de ser una industria atrasada, que consume mucho y depende de recursos naturales cada vez m\u00e1s escasos, la construcci\u00f3n tiene el poder de convertirse en un impulsor de cambio que impactar\u00e1 en muchos otros campos.&nbsp;<br>Este futuro depender\u00e1 inevitablemente de una mayor conciencia de nuestro impacto en cada acci\u00f3n que tomemos. Por lo tanto, adem\u00e1s de pensar y construir edificios sostenibles de alto rendimiento, <strong>es esencial considerar el bienestar y preocupaciones de las personas<\/strong>, involucr\u00e1ndolas especialmente en los procesos.<\/p>\n","protected":false},"excerpt":{"rendered":"<p>La pandemia ha cambiado muchas cosas y a muy distintos niveles. Desde nuestra manera de trabajar hasta nuestra forma de comprar. Y todos nos hemos planteado cosas en las que nunca antes hab\u00edamos pensado.&nbsp; Un claro ejemplo lo encontramos en nuestra actitud y exigencias como compradores. Estamos siendo testigos de una tendencia que lleva a [&hellip;]<\/p>\n","protected":false},"author":2,"featured_media":9086,"comment_status":"open","ping_status":"open","sticky":false,"template":"","format":"standard","meta":{"footnotes":""},"categories":[131,139],"tags":[143],"class_list":["post-10334","post","type-post","status-publish","format-standard","has-post-thumbnail","hentry","category-arquitectura","category-news","tag-arquitectura-sostenible"],"_links":{"self":[{"href":"https:\/\/www.plugandgo.es\/en\/wp-json\/wp\/v2\/posts\/10334","targetHints":{"allow":["GET"]}}],"collection":[{"href":"https:\/\/www.plugandgo.es\/en\/wp-json\/wp\/v2\/posts"}],"about":[{"href":"https:\/\/www.plugandgo.es\/en\/wp-json\/wp\/v2\/types\/post"}],"author":[{"embeddable":true,"href":"https:\/\/www.plugandgo.es\/en\/wp-json\/wp\/v2\/users\/2"}],"replies":[{"embeddable":true,"href":"https:\/\/www.plugandgo.es\/en\/wp-json\/wp\/v2\/comments?post=10334"}],"version-history":[{"count":0,"href":"https:\/\/www.plugandgo.es\/en\/wp-json\/wp\/v2\/posts\/10334\/revisions"}],"wp:featuredmedia":[{"embeddable":true,"href":"https:\/\/www.plugandgo.es\/en\/wp-json\/wp\/v2\/media\/9086"}],"wp:attachment":[{"href":"https:\/\/www.plugandgo.es\/en\/wp-json\/wp\/v2\/media?parent=10334"}],"wp:term":[{"taxonomy":"category","embeddable":true,"href":"https:\/\/www.plugandgo.es\/en\/wp-json\/wp\/v2\/categories?post=10334"},{"taxonomy":"post_tag","embeddable":true,"href":"https:\/\/www.plugandgo.es\/en\/wp-json\/wp\/v2\/tags?post=10334"}],"curies":[{"name":"wp","href":"https:\/\/api.w.org\/{rel}","templated":true}]}}