{"id":10533,"date":"2024-05-15T11:24:44","date_gmt":"2024-05-15T11:24:44","guid":{"rendered":"https:\/\/www.plugandgo.es\/?p=10533"},"modified":"2024-05-15T11:24:45","modified_gmt":"2024-05-15T11:24:45","slug":"cultura-talento-y-espacios-laborales","status":"publish","type":"post","link":"https:\/\/www.plugandgo.es\/en\/cultura-talento-y-espacios-laborales\/","title":{"rendered":"Hablamos sobre  \"Cultura, Talento y Espacios Laborales\" en Radio Libertad"},"content":{"rendered":"\n<p><strong><a href=\"https:\/\/www.linkedin.com\/in\/covadongaquintana\/\" target=\"_blank\" rel=\"noreferrer noopener\">Covagonga G. Quintana<\/a><\/strong>, socia y CEO de plug&amp;go, particip\u00f3 hace unos d\u00edas en el espacio &#8220;Con S de Salgado&#8221; de <strong><a href=\"https:\/\/radiolibertad.es\/\" target=\"_blank\" rel=\"noreferrer noopener\">Radio Libertad<\/a><\/strong>. Comparti\u00f3 reflexiones sobre  &#8220;Cultura, Talento y Espacios Laborales&#8221;  con <a href=\"https:\/\/www.linkedin.com\/in\/ACoAAABNGeAB4QBU3JayOAo-EhYneyhn8jsFFwA\" target=\"_blank\" rel=\"noopener\">Rogelio Iglesias Rodr\u00edguez<\/a> y <a href=\"https:\/\/www.linkedin.com\/in\/ACoAAACuHgsB4lpolBsn0IWlpknV7RxJa_F2piA\" target=\"_blank\" rel=\"noopener\">Jean Daniel Seve<\/a>. Sobre la mesa, la transformaci\u00f3n de los espacios de trabajo y su impacto en negocio y en el bienestar f\u00edsico y emocional de las personas.<\/p>\n\n\n\n<h2 class=\"wp-block-heading\">El espacio de trabajo, un poderosa herramienta de transformaci\u00f3n<\/h2>\n\n\n\n<p>Covadonga subray\u00f3 el valor de la oficina como &#8220;herramienta de transformaci\u00f3n&#8221;, que est\u00e1 cambiando porque las culturas de las compa\u00f1\u00edas, sus din\u00e1micas de trabajo y el talento de las diferentes generaciones van transform\u00e1ndose.<em> &#8220;Venimos de una revoluci\u00f3n casi industrial, del modelo f\u00e1brica en el que la oficina estaba configurada como un espacio al que ten\u00edas que ir, y donde adem\u00e1s trabajabas de una forma muy individual. Hemos cambiado el modelo, un proceso impulsado por el COVID&#8221;.<\/em> Ahora -coment\u00f3- el modelo de trabajo es <em>&#8220;mucho m\u00e1s flexible, digital e h\u00edbrido; en el que puedes ir a la oficina algunos d\u00edas o no; donde se trabaja de manera diferente; donde <strong>ir a la oficina es ir a un lugar destino<\/strong>, donde tienen que pasar cosas diferentes; donde hay que rescatar cultura y orgullo de pertenencia; donde hay que armar el trabajo de diferentes generaciones; donde hay que incorporar nuevo talento y retenerlo, etc&#8221;<\/em>. <\/p>\n\n\n\n<figure class=\"wp-block-image aligncenter size-large is-resized\"><img fetchpriority=\"high\" decoding=\"async\" src=\"https:\/\/www.plugandgo.es\/wp-content\/uploads\/2024\/05\/PHOTO-2024-05-09-07-58-29-1024x768.jpg\" alt=\"\" class=\"wp-image-10536\" width=\"604\" height=\"453\" srcset=\"https:\/\/www.plugandgo.es\/wp-content\/uploads\/2024\/05\/PHOTO-2024-05-09-07-58-29-1024x768.jpg 1024w, https:\/\/www.plugandgo.es\/wp-content\/uploads\/2024\/05\/PHOTO-2024-05-09-07-58-29-300x225.jpg 300w, https:\/\/www.plugandgo.es\/wp-content\/uploads\/2024\/05\/PHOTO-2024-05-09-07-58-29-768x576.jpg 768w, https:\/\/www.plugandgo.es\/wp-content\/uploads\/2024\/05\/PHOTO-2024-05-09-07-58-29-1536x1152.jpg 1536w, https:\/\/www.plugandgo.es\/wp-content\/uploads\/2024\/05\/PHOTO-2024-05-09-07-58-29-1030x773.jpg 1030w, https:\/\/www.plugandgo.es\/wp-content\/uploads\/2024\/05\/PHOTO-2024-05-09-07-58-29-760x570.jpg 760w, https:\/\/www.plugandgo.es\/wp-content\/uploads\/2024\/05\/PHOTO-2024-05-09-07-58-29.jpg 2048w\" sizes=\"(max-width: 604px) 100vw, 604px\" \/><\/figure>\n\n\n\n<p>Seg\u00fan Covagonga G. Quintana, &#8220;<em><strong>la oficina deja de ser esa f\u00e1brica a la que vamos, y se convierte en un espacio mucho m\u00e1s experiencial<\/strong>; que se empapa mucho m\u00e1s de otros sectores, como el retail, y donde al final recuperas esa identidad de marca que es solo tuya. Y la herramienta de trabajo que es la oficina permite evidentemente dinamizar toda esta complejidad en la que estamos, muy pilotados por ese eje personas&#8221;.<\/em><\/p>\n\n\n\n<p>&#8220;La oficina es como un gran iceberg&#8221;, Covadonga G. Quintana<\/p>\n\n\n\n<p>Argument\u00f3 Covadonga que una oficina &#8220;es como un gran iceberg&#8221;:  &#8220;<em>A la hora de dise\u00f1ar un espacio laboral, te puedes quedar en la superficie (en los acabados, las texturas, el color, etc) o  puedes bucear m\u00e1s en ese iceberg, puesto que es mucho m\u00e1s grande lo que no se ve que lo que se ve&#8221;. Cuando habla de &#8220;bucear&#8221;, se refiere a analizar cu\u00e1les son los objetivos estrat\u00e9gicos de esa empresa; cu\u00e1nto espera crecer; qu\u00e9 tipo de clientes internos va a tener; hacia d\u00f3nde va la empresa; c\u00f3mo va a ser su modelo de liderazgo; qu\u00e9 va a desarrollar en el interior de ese espacio (la sedes corporativas de muchas compa\u00f1\u00edas se est\u00e1n convirtiendo en lugares donde conectar con clientes o\/y colaboradores y donde generar eventos, ocupando esta finalidad el 80% del espacio cuando antes era el 5%)&#8230; Es decir, al final <strong>es importante bucear en procesos, en cultura, en personas, en talento&#8230; para que esa parte que finalmente veamos -la oficina- tenga que ver con nosotros<\/strong>&#8220;.<\/em><\/p>\n\n\n\n<p>Asegura Covagonga G. Quintana que no existe un \u00fanico modelo de espacio v\u00e1lido para todos; &#8220;cada empresa tiene que buscar lo que tiene que ver con su ADN para transmitir a trav\u00e9s del espacio su cultura, y adem\u00e1s dinamizar esos procesos de transformaci\u00f3n a trav\u00e9s del espacio de trabajo (lo que en plug&amp;go llamamos <strong><a href=\"https:\/\/www.plugandgo.es\/moonshot-thinking-nuestra-metodologia\/\">Moonshot Thinking<\/a><\/strong>, y que es <strong><a href=\"https:\/\/www.plugandgo.es\/moonshot-thinking-nuestra-metodologia\/\">nuestra metodolog\u00eda<\/a><\/strong>).<\/p>\n\n\n\n<h4 class=\"wp-block-heading\">Puedes escuchar el programa completo en <strong><a href=\"https:\/\/www.ivoox.com\/are-business-179x03-con-s-salcedo-audios-mp3_rf_128650299_1.html\" target=\"_blank\" rel=\"noopener\">podcast en iVoox, en este enlace.<\/a><\/strong><\/h4>\n","protected":false},"excerpt":{"rendered":"<p>Covagonga G. Quintana, socia y CEO de plug&amp;go, particip\u00f3 hace unos d\u00edas en el espacio &#8220;Con S de Salgado&#8221; de Radio Libertad. Comparti\u00f3 reflexiones sobre &#8220;Cultura, Talento y Espacios Laborales&#8221; con Rogelio Iglesias Rodr\u00edguez y Jean Daniel Seve. Sobre la mesa, la transformaci\u00f3n de los espacios de trabajo y su impacto en negocio y en [&hellip;]<\/p>\n","protected":false},"author":2,"featured_media":10535,"comment_status":"open","ping_status":"open","sticky":false,"template":"","format":"standard","meta":{"footnotes":""},"categories":[132,131],"tags":[101],"class_list":["post-10533","post","type-post","status-publish","format-standard","has-post-thumbnail","hentry","category-actualidad","category-arquitectura","tag-arquitectura-corporativa"],"_links":{"self":[{"href":"https:\/\/www.plugandgo.es\/en\/wp-json\/wp\/v2\/posts\/10533","targetHints":{"allow":["GET"]}}],"collection":[{"href":"https:\/\/www.plugandgo.es\/en\/wp-json\/wp\/v2\/posts"}],"about":[{"href":"https:\/\/www.plugandgo.es\/en\/wp-json\/wp\/v2\/types\/post"}],"author":[{"embeddable":true,"href":"https:\/\/www.plugandgo.es\/en\/wp-json\/wp\/v2\/users\/2"}],"replies":[{"embeddable":true,"href":"https:\/\/www.plugandgo.es\/en\/wp-json\/wp\/v2\/comments?post=10533"}],"version-history":[{"count":0,"href":"https:\/\/www.plugandgo.es\/en\/wp-json\/wp\/v2\/posts\/10533\/revisions"}],"wp:featuredmedia":[{"embeddable":true,"href":"https:\/\/www.plugandgo.es\/en\/wp-json\/wp\/v2\/media\/10535"}],"wp:attachment":[{"href":"https:\/\/www.plugandgo.es\/en\/wp-json\/wp\/v2\/media?parent=10533"}],"wp:term":[{"taxonomy":"category","embeddable":true,"href":"https:\/\/www.plugandgo.es\/en\/wp-json\/wp\/v2\/categories?post=10533"},{"taxonomy":"post_tag","embeddable":true,"href":"https:\/\/www.plugandgo.es\/en\/wp-json\/wp\/v2\/tags?post=10533"}],"curies":[{"name":"wp","href":"https:\/\/api.w.org\/{rel}","templated":true}]}}