{"id":10642,"date":"2024-09-26T16:36:12","date_gmt":"2024-09-26T16:36:12","guid":{"rendered":"https:\/\/www.plugandgo.es\/?p=10642"},"modified":"2024-09-26T16:41:40","modified_gmt":"2024-09-26T16:41:40","slug":"el-color-en-arquitectura-corporativa","status":"publish","type":"post","link":"https:\/\/www.plugandgo.es\/en\/el-color-en-arquitectura-corporativa\/","title":{"rendered":"Bienestar desde un lenguaje sencillo: el color en arquitectura corporativa"},"content":{"rendered":"\n<p>El color acompa\u00f1a toda la idea creativa de la nueva <strong><a href=\"https:\/\/www.plugandgo.es\/clientes\/plus-ultra\/\" target=\"_blank\" rel=\"noreferrer noopener\">sede de Plus Ultra<\/a><\/strong>, buscando incorporar nuevas formas de trabajo y espacios donde reunirse, formarse, desconectar y trabajar en comunidad. El dise\u00f1o se aleja del lujo superfluo, como su negocio, y busca generar bienestar desde un lenguaje sencillo: el color.<\/p>\n\n\n\n<p>Este proyecto nos sirve de inspiraci\u00f3n para reflexionar en este espacio sobre <strong>la importancia del color en la arquitectura corporativa.<\/strong><\/p>\n\n\n\n<h2 class=\"wp-block-heading\"><strong>El color en arquitectura corporativa: construyendo marca e integrando val<\/strong>ores<\/h2>\n\n\n\n<p>El color en arquitectura corporativa es relevante por su impacto significativo en el ambiente laboral, la productividad y el bienestar de los trabajadores. Los <strong>colores influyen en nuestras emociones, estado de \u00e1nimo y nivel de energ\u00eda<\/strong>, por lo que es crucial seleccionarlos cuidadosamente. Facilitan tambi\u00e9n las din\u00e1micas de trabajo: hay colores que favorecen la concentraci\u00f3n o la creatividad, as\u00ed como otros que son m\u00e1s apropiados para que fluyan las ideas en un espacio colaborativo. Pero adem\u00e1s es, como pocos elementos, capaz de dotar a un proyecto de arquitectura corporativa de un <strong>lenguaje propio con una naturaleza expresiva asombrosa.<\/strong> Y lo m\u00e1s importante: Es capaz de crear un hilo argumental que narre la <strong>historia y el ADN de la marca<\/strong>.<\/p>\n\n\n\n<figure class=\"wp-block-image aligncenter size-large is-resized\"><img fetchpriority=\"high\" decoding=\"async\" src=\"https:\/\/www.plugandgo.es\/wp-content\/uploads\/2023\/05\/meta4_D300-1024x728.jpg\" alt=\"\" class=\"wp-image-9304\" width=\"744\" height=\"529\" srcset=\"https:\/\/www.plugandgo.es\/wp-content\/uploads\/2023\/05\/meta4_D300-1024x728.jpg 1024w, https:\/\/www.plugandgo.es\/wp-content\/uploads\/2023\/05\/meta4_D300-760x540.jpg 760w, https:\/\/www.plugandgo.es\/wp-content\/uploads\/2023\/05\/meta4_D300-1030x732.jpg 1030w, https:\/\/www.plugandgo.es\/wp-content\/uploads\/2023\/05\/meta4_D300-300x213.jpg 300w, https:\/\/www.plugandgo.es\/wp-content\/uploads\/2023\/05\/meta4_D300-768x546.jpg 768w, https:\/\/www.plugandgo.es\/wp-content\/uploads\/2023\/05\/meta4_D300-965x686.jpg 965w, https:\/\/www.plugandgo.es\/wp-content\/uploads\/2023\/05\/meta4_D300-1536x1092.jpg 1536w, https:\/\/www.plugandgo.es\/wp-content\/uploads\/2023\/05\/meta4_D300-2048x1456.jpg 2048w\" sizes=\"(max-width: 744px) 100vw, 744px\" \/><figcaption class=\"wp-element-caption\"><a href=\"https:\/\/www.plugandgo.es\/?s=meta+4\" target=\"_blank\" rel=\"noreferrer noopener\">Oficinas de Meta 4 &#8211; Proyecto plug&amp;go.<\/a><\/figcaption><\/figure>\n\n\n\n<p>El color tiene un poder \u00fanico para crear un lenguaje en el dise\u00f1o de oficinas, transformando no solo la est\u00e9tica de un espacio, sino tambi\u00e9n su atm\u00f3sfera y el mensaje que transmite. En arquitectura corporativa, <strong>el uso estrat\u00e9gico del color<\/strong> puede comunicar intenciones, destacar elementos y guiar a los usuarios a trav\u00e9s de diferentes ambientes. De esta manera, el color se convierte en un medio de comunicaci\u00f3n visual, que refuerza la funcionalidad del espacio.<\/p>\n\n\n\n<p>Adem\u00e1s, el color en arquitectura corporativa <strong>tiene la capacidad de contar historias y establecer conexiones culturales o emocionales.<\/strong> Un edificio o interior puede resonar con su contexto hist\u00f3rico o geogr\u00e1fico a trav\u00e9s del uso de colores tradicionales o simb\u00f3licos. Por ejemplo, los tonos terrosos en una estructura ubicada en un entorno des\u00e9rtico pueden crear una conexi\u00f3n visual con el paisaje natural, mientras que colores fr\u00edos y met\u00e1licos en una ciudad moderna pueden evocar tecnolog\u00eda y progreso. As\u00ed, el color no solo define el car\u00e1cter de los espacios, sino que tambi\u00e9n establece un di\u00e1logo con su entorno y con quienes interact\u00faan con \u00e9l, creando una experiencia arquitect\u00f3nica coherente y llena de significado.<\/p>\n\n\n\n<figure class=\"wp-block-image aligncenter size-large is-resized\"><img decoding=\"async\" src=\"https:\/\/www.plugandgo.es\/wp-content\/uploads\/2023\/10\/20220405-Suero-de-Quinones-34-Madrid-59-Editar-HQ-copia-1024x683.jpg\" alt=\"\" class=\"wp-image-10264\" width=\"728\" height=\"485\" srcset=\"https:\/\/www.plugandgo.es\/wp-content\/uploads\/2023\/10\/20220405-Suero-de-Quinones-34-Madrid-59-Editar-HQ-copia-1024x683.jpg 1024w, https:\/\/www.plugandgo.es\/wp-content\/uploads\/2023\/10\/20220405-Suero-de-Quinones-34-Madrid-59-Editar-HQ-copia-300x200.jpg 300w, https:\/\/www.plugandgo.es\/wp-content\/uploads\/2023\/10\/20220405-Suero-de-Quinones-34-Madrid-59-Editar-HQ-copia-768x512.jpg 768w, https:\/\/www.plugandgo.es\/wp-content\/uploads\/2023\/10\/20220405-Suero-de-Quinones-34-Madrid-59-Editar-HQ-copia-1030x687.jpg 1030w, https:\/\/www.plugandgo.es\/wp-content\/uploads\/2023\/10\/20220405-Suero-de-Quinones-34-Madrid-59-Editar-HQ-copia-760x507.jpg 760w, https:\/\/www.plugandgo.es\/wp-content\/uploads\/2023\/10\/20220405-Suero-de-Quinones-34-Madrid-59-Editar-HQ-copia.jpg 1080w\" sizes=\"(max-width: 728px) 100vw, 728px\" \/><figcaption class=\"wp-element-caption\"><a href=\"https:\/\/www.plugandgo.es\/clientes\/knight-frank\/\" target=\"_blank\" rel=\"noreferrer noopener\">Oficinas de Knight Frank &#8211; Proyecto plug&amp;go.<\/a><\/figcaption><\/figure>\n\n\n\n<p>El color puede ayudar a crear un ambiente relajado y tranquilo, o un espacio vibrante y motivador, seg\u00fan cultura corporativa y din\u00e1micas de trabajo. Por ejemplo, los colores c\u00e1lidos como el amarillo y el naranja pueden aumentar la energ\u00eda y la creatividad, mientras que los tonos fr\u00edos como el azul y el verde pueden fomentar la calma y la concentraci\u00f3n. Los colores brillantes como el rojo pueden aumentar la atenci\u00f3n y la motivaci\u00f3n, pero tambi\u00e9n pueden ser abrumadores si se usan en exceso.<\/p>\n\n\n\n<h3 class=\"wp-block-heading\"><strong>C\u00f3mo nos influye el color en arquitectura corporativa<\/strong><\/h3>\n\n\n\n<p>Es importante tener en cuenta que los colores no afectan a todas las personas de la misma manera. La cultura, la edad, el g\u00e9nero y las experiencias personales pueden influir en nuestra percepci\u00f3n del color. Por ello, es tan importante considerar a los empleados en el centro del proyecto, buscando su bienestar, como la sensaci\u00f3n de confort que nos aportan los <strong>tonos suaves y c\u00e1lidos como el beige y el rosa<\/strong>, por ejemplo.<\/p>\n\n\n\n<figure class=\"wp-block-image aligncenter size-full\"><a href=\"https:\/\/www.plugandgo.es\/clientes\/oxford\/\"><img decoding=\"async\" width=\"705\" height=\"470\" src=\"https:\/\/www.plugandgo.es\/wp-content\/uploads\/2023\/03\/20221005-Avenida-de-Castilla-2D-Madrid-Oficinas-OXFORD-1-HQ-705x470-2.jpg\" alt=\"\" class=\"wp-image-208\" srcset=\"https:\/\/www.plugandgo.es\/wp-content\/uploads\/2023\/03\/20221005-Avenida-de-Castilla-2D-Madrid-Oficinas-OXFORD-1-HQ-705x470-2.jpg 705w, https:\/\/www.plugandgo.es\/wp-content\/uploads\/2023\/03\/20221005-Avenida-de-Castilla-2D-Madrid-Oficinas-OXFORD-1-HQ-705x470-2-300x200.jpg 300w\" sizes=\"(max-width: 705px) 100vw, 705px\" \/><\/a><figcaption class=\"wp-element-caption\"><a href=\"https:\/\/www.plugandgo.es\/clientes\/oxford\/\" target=\"_blank\" rel=\"noreferrer noopener\">Oficinas de Oxford University Press<\/a> &#8211; <a href=\"https:\/\/www.plugandgo.es\/clientes\/oxford\/\" target=\"_blank\" rel=\"noreferrer noopener\">Proyecto de plug&amp;go.<\/a><\/figcaption><\/figure>\n\n\n\n<h4 class=\"wp-block-heading\"><strong>El color en arquitectura corporativa: cu\u00e1les favorecen la concentraci\u00f3n y la creatividad<\/strong><\/h4>\n\n\n\n<p>Algunos colores son especialmente \u00fatiles para favorecer la concentraci\u00f3n y la creatividad en la oficina. El <strong>azul<\/strong> es uno de ellos, ya que transmite una <strong>sensaci\u00f3n de calma y serenidad<\/strong> que ayuda a reducir el estr\u00e9s y la ansiedad. Adem\u00e1s, el azul <strong>aumenta la productividad y la creatividad<\/strong> en tareas que requieren pensamiento anal\u00edtico. Otro color que favorece la concentraci\u00f3n es el <strong>verde<\/strong>, debido a su relaci\u00f3n con la naturaleza y la tranquilidad. El verde <strong>ayuda a relajar los ojos y a reducir la fatiga visual<\/strong>, lo que lo convierte en un color ideal para salas de reuniones o espacios donde se realizan tareas que requieren mucha atenci\u00f3n.<br>Por otro lado, como hemos se\u00f1alado, los <strong>colores c\u00e1lidos como el amarillo y el naranja<\/strong> pueden aumentar la energ\u00eda y la creatividad en tareas que requieren pensamiento divergente o imaginativo. Estos colores son ideales para espacios de trabajo creativos como estudios de dise\u00f1o o agencias de publicidad, por ejemplo.<\/p>\n\n\n\n<figure class=\"wp-block-image aligncenter size-large\"><img loading=\"lazy\" decoding=\"async\" width=\"1024\" height=\"576\" src=\"https:\/\/www.plugandgo.es\/wp-content\/uploads\/2024\/09\/PU3-1024x576.jpg\" alt=\"\" class=\"wp-image-10618\" srcset=\"https:\/\/www.plugandgo.es\/wp-content\/uploads\/2024\/09\/PU3-1024x576.jpg 1024w, https:\/\/www.plugandgo.es\/wp-content\/uploads\/2024\/09\/PU3-300x169.jpg 300w, https:\/\/www.plugandgo.es\/wp-content\/uploads\/2024\/09\/PU3-768x432.jpg 768w, https:\/\/www.plugandgo.es\/wp-content\/uploads\/2024\/09\/PU3-1536x864.jpg 1536w, https:\/\/www.plugandgo.es\/wp-content\/uploads\/2024\/09\/PU3-2048x1152.jpg 2048w, https:\/\/www.plugandgo.es\/wp-content\/uploads\/2024\/09\/PU3-1030x580.jpg 1030w, https:\/\/www.plugandgo.es\/wp-content\/uploads\/2024\/09\/PU3-760x428.jpg 760w\" sizes=\"(max-width: 1024px) 100vw, 1024px\" \/><figcaption class=\"wp-element-caption\"><a href=\"https:\/\/www.plugandgo.es\/clientes\/plus-ultra\/\" target=\"_blank\" rel=\"noreferrer noopener\">Sede de Plus Ultra &#8211; Proyecto de plug&amp;go<\/a>.<\/figcaption><\/figure>\n\n\n\n<h4 class=\"wp-block-heading\"><strong>Los colores que transmiten seriedad y profesionalidad<\/strong><\/h4>\n\n\n\n<p>En ciertos entornos laborales, transmitir seriedad y profesionalidad es fundamental. El <strong>negro y el gris<\/strong> son colores que transmiten formalidad y seriedad, pero pueden resultar demasiado fr\u00edos y poco acogedores si se usan en exceso. El <strong>azul oscuro<\/strong> es otro color que transmite profesionalidad y confianza, y es ideal para entornos empresariales como bufetes de abogados o empresas financieras. El blanco tambi\u00e9n puede ser un color adecuado en estos casos, ya que transmite limpieza y simplicidad.<br>Es importante tener en cuenta que el uso exclusivo de colores oscuros puede provocar una sensaci\u00f3n de opresi\u00f3n en los trabajadores y disminuir su productividad. Por lo tanto, os proponemos combinar los tonos oscuros con otros m\u00e1s claros para crear un ambiente equilibrado y acogedor.<\/p>\n\n\n\n<p><mark style=\"background-color:rgba(0, 0, 0, 0)\" class=\"has-inline-color has-luminous-vivid-amber-color\">Y especialmente importante es encontrar la paleta crom\u00e1tica alineada con la cultura, los valores y el prop\u00f3sito de cada empresa.<\/mark><\/p>\n\n\n\n<h3 class=\"wp-block-heading\"><strong>Los mejores colores para decorar la oficina, seg\u00fan la marca de la empresa<\/strong><\/h3>\n\n\n\n<p>Como hemos comentado en muchas entradas de este blog, la oficina tiene que ser un gran aliado (y co-creador) de las estrategias de <em>branding<\/em> y <em>employer branding<\/em> de las compa\u00f1\u00edas, para ayudarles a crear y a transmitir un mensaje coherente a los clientes y empleados. <\/p>\n\n\n\n<figure class=\"wp-block-image aligncenter size-large\"><img loading=\"lazy\" decoding=\"async\" width=\"1024\" height=\"683\" src=\"https:\/\/www.plugandgo.es\/wp-content\/uploads\/2023\/09\/20230120-Paseo-de-la-Castellana-95-Madrid-3-HQ-scaled-1-1024x683.jpg\" alt=\"\" class=\"wp-image-10251\" srcset=\"https:\/\/www.plugandgo.es\/wp-content\/uploads\/2023\/09\/20230120-Paseo-de-la-Castellana-95-Madrid-3-HQ-scaled-1-1024x683.jpg 1024w, https:\/\/www.plugandgo.es\/wp-content\/uploads\/2023\/09\/20230120-Paseo-de-la-Castellana-95-Madrid-3-HQ-scaled-1-300x200.jpg 300w, https:\/\/www.plugandgo.es\/wp-content\/uploads\/2023\/09\/20230120-Paseo-de-la-Castellana-95-Madrid-3-HQ-scaled-1-768x512.jpg 768w, https:\/\/www.plugandgo.es\/wp-content\/uploads\/2023\/09\/20230120-Paseo-de-la-Castellana-95-Madrid-3-HQ-scaled-1-1536x1024.jpg 1536w, https:\/\/www.plugandgo.es\/wp-content\/uploads\/2023\/09\/20230120-Paseo-de-la-Castellana-95-Madrid-3-HQ-scaled-1-2048x1366.jpg 2048w, https:\/\/www.plugandgo.es\/wp-content\/uploads\/2023\/09\/20230120-Paseo-de-la-Castellana-95-Madrid-3-HQ-scaled-1-1030x687.jpg 1030w, https:\/\/www.plugandgo.es\/wp-content\/uploads\/2023\/09\/20230120-Paseo-de-la-Castellana-95-Madrid-3-HQ-scaled-1-760x507.jpg 760w\" sizes=\"(max-width: 1024px) 100vw, 1024px\" \/><figcaption class=\"wp-element-caption\"><a href=\"https:\/\/www.plugandgo.es\/clientes\/axpo\/\">Oficinas de axpo &#8211; Proyecto plug&amp;go.<\/a><\/figcaption><\/figure>\n\n\n\n<h3 class=\"wp-block-heading\">Los<strong> colores <\/strong>de la naturaleza<strong> en la arquitectura corporativa<\/strong><\/h3>\n\n\n\n<p>En plug&amp;go ponemos el foco en el bienestar y la <strong><a href=\"https:\/\/www.plugandgo.es\/greentecture-construye-sin-arruinar-el-planeta\/\" target=\"_blank\" rel=\"noreferrer noopener\">Greentecture<\/a><\/strong>, es decir, en una arquitectura corporativa que sea saludable para las personas y para el Planeta. Y esa hoja de ruta nos lleva en muchos proyectos hacia los colores naturales y c\u00e1lidos, solos o acompa\u00f1ados por otros, en ese gui\u00f1o a una mejor calidad de vida.<\/p>\n\n\n\n<p>Los <strong>tonos neutros<\/strong> como beige, gris suave o blanco se utilizan en nuestros proyectos por su capacidad para crear un ambiente sereno y equilibrado, promoviendo la concentraci\u00f3n y reduciendo el estr\u00e9s. Estos colores ayudan a reflejar la luz natural, lo que reduce la necesidad de iluminaci\u00f3n artificial y, a su vez, el consumo energ\u00e9tico. Al combinarse con materiales sostenibles, como madera reciclada o bamb\u00fa, estos tonos neutros generan una sensaci\u00f3n de confort y conexi\u00f3n con la naturaleza, que es clave para el bienestar emocional de los trabajadores.<\/p>\n\n\n\n<p>Por otro lado, los <strong>acentos en colores verdes, azules o terracota<\/strong> suelen estar tambi\u00e9n presentes en interiores sostenibles. El <strong>verde<\/strong>, asociado con la naturaleza, tiene un efecto relajante y revitalizante, mientras que el <strong>azul<\/strong> favorece la calma y la concentraci\u00f3n en tareas complejas. Estos colores, como hemos visto, cuando se aplican estrat\u00e9gicamente en arquitectura corporativa, pueden mejorar el estado de \u00e1nimo y aumentar la creatividad. Adem\u00e1s, los <strong>tonos tierra como terracota o marr\u00f3n, que evocan elementos naturales<\/strong>, aportan calidez al entorno y fomentan un sentido de estabilidad. <br><\/p>\n","protected":false},"excerpt":{"rendered":"<p>El color acompa\u00f1a toda la idea creativa de la nueva sede de Plus Ultra, buscando incorporar nuevas formas de trabajo y espacios donde reunirse, formarse, desconectar y trabajar en comunidad. El dise\u00f1o se aleja del lujo superfluo, como su negocio, y busca generar bienestar desde un lenguaje sencillo: el color. Este proyecto nos sirve de [&hellip;]<\/p>\n","protected":false},"author":2,"featured_media":10620,"comment_status":"open","ping_status":"open","sticky":false,"template":"","format":"standard","meta":{"footnotes":""},"categories":[131],"tags":[],"class_list":["post-10642","post","type-post","status-publish","format-standard","has-post-thumbnail","hentry","category-arquitectura"],"_links":{"self":[{"href":"https:\/\/www.plugandgo.es\/en\/wp-json\/wp\/v2\/posts\/10642","targetHints":{"allow":["GET"]}}],"collection":[{"href":"https:\/\/www.plugandgo.es\/en\/wp-json\/wp\/v2\/posts"}],"about":[{"href":"https:\/\/www.plugandgo.es\/en\/wp-json\/wp\/v2\/types\/post"}],"author":[{"embeddable":true,"href":"https:\/\/www.plugandgo.es\/en\/wp-json\/wp\/v2\/users\/2"}],"replies":[{"embeddable":true,"href":"https:\/\/www.plugandgo.es\/en\/wp-json\/wp\/v2\/comments?post=10642"}],"version-history":[{"count":2,"href":"https:\/\/www.plugandgo.es\/en\/wp-json\/wp\/v2\/posts\/10642\/revisions"}],"predecessor-version":[{"id":10645,"href":"https:\/\/www.plugandgo.es\/en\/wp-json\/wp\/v2\/posts\/10642\/revisions\/10645"}],"wp:featuredmedia":[{"embeddable":true,"href":"https:\/\/www.plugandgo.es\/en\/wp-json\/wp\/v2\/media\/10620"}],"wp:attachment":[{"href":"https:\/\/www.plugandgo.es\/en\/wp-json\/wp\/v2\/media?parent=10642"}],"wp:term":[{"taxonomy":"category","embeddable":true,"href":"https:\/\/www.plugandgo.es\/en\/wp-json\/wp\/v2\/categories?post=10642"},{"taxonomy":"post_tag","embeddable":true,"href":"https:\/\/www.plugandgo.es\/en\/wp-json\/wp\/v2\/tags?post=10642"}],"curies":[{"name":"wp","href":"https:\/\/api.w.org\/{rel}","templated":true}]}}