{"id":10795,"date":"2024-10-22T16:10:33","date_gmt":"2024-10-22T16:10:33","guid":{"rendered":"https:\/\/www.plugandgo.es\/?p=10795"},"modified":"2024-10-22T16:17:36","modified_gmt":"2024-10-22T16:17:36","slug":"orgatec-2024","status":"publish","type":"post","link":"https:\/\/www.plugandgo.es\/en\/orgatec-2024\/","title":{"rendered":"ORGATEC 2024: explorando el futuro de los espacios de trabajo"},"content":{"rendered":"\n<p>La feria <strong>Orgatec <\/strong>vuelve a reunir en Colonia a todos los actores que nos dedicamos a crear espacios corporativos. Lo primero que nos encontramos este a\u00f1o es un nuevo concepto de distribuci\u00f3n, con \u00e1reas de enfoque tem\u00e1ticas, donde intercambiar ideas sobre el desarrollo del mundo laboral.<\/p>\n\n\n\n<p>El <strong>Work Culture Festival<\/strong> es uno de los grandes atractivos de esta edici\u00f3n y un foro para ideas creativas y estimulantes.<\/p>\n\n\n\n<p>El festival se centra en tres temas principales: <strong>TEAM<\/strong> \u2013 C\u00f3mo crear comunidades para alcanzar nuestros objetivos juntos; <strong>IMPACT<\/strong> \u2013 C\u00f3mo maximizar el impacto social de nuestro trabajo mientras minimizamos su impacto ambiental; y <strong>LIFE<\/strong> \u2013 C\u00f3mo mejorar la salud y el bienestar de las personas.<\/p>\n\n\n\n<figure class=\"wp-block-gallery has-nested-images columns-default is-cropped wp-block-gallery-1 is-layout-flex wp-block-gallery-is-layout-flex\">\n<figure class=\"wp-block-image size-large\"><img fetchpriority=\"high\" decoding=\"async\" width=\"480\" height=\"320\" data-id=\"10797\" src=\"https:\/\/www.plugandgo.es\/wp-content\/uploads\/2024\/10\/coarse.jpeg\" alt=\"\" class=\"wp-image-10797\" srcset=\"https:\/\/www.plugandgo.es\/wp-content\/uploads\/2024\/10\/coarse.jpeg 480w, https:\/\/www.plugandgo.es\/wp-content\/uploads\/2024\/10\/coarse-300x200.jpeg 300w\" sizes=\"(max-width: 480px) 100vw, 480px\" \/><\/figure>\n\n\n\n<figure class=\"wp-block-image size-large\"><img decoding=\"async\" width=\"480\" height=\"320\" data-id=\"10796\" src=\"https:\/\/www.plugandgo.es\/wp-content\/uploads\/2024\/10\/coarse2.jpeg\" alt=\"\" class=\"wp-image-10796\" srcset=\"https:\/\/www.plugandgo.es\/wp-content\/uploads\/2024\/10\/coarse2.jpeg 480w, https:\/\/www.plugandgo.es\/wp-content\/uploads\/2024\/10\/coarse2-300x200.jpeg 300w\" sizes=\"(max-width: 480px) 100vw, 480px\" \/><\/figure>\n<\/figure>\n\n\n\n<h2 class=\"wp-block-heading\"><strong>\u00c1reas de enfoque en Orgatec 2024<\/strong><\/h2>\n\n\n\n<p>Las \u00e1reas de enfoque est\u00e1n ubicadas de manera central en los pabellones, ofreciendo una visi\u00f3n de las nuevas direcciones y desarrollos que est\u00e1n definiendo el futuro del trabajo. Alrededor de estas \u00e1reas tem\u00e1ticas est\u00e1n los expositores que presentan productos y soluciones relacionados. Con este concepto de &#8220;mercado&#8221;, la feria mejora la circulaci\u00f3n de los visitantes a\u00f1adiendo una dimensi\u00f3n tem\u00e1tica.<\/p>\n\n\n\n<p>En Orgatec 2024 podemos ver conceptos hol\u00edsticos que ampl\u00edan el potencial de los datos existentes en la gesti\u00f3n de edificios de oficinas de manera sostenible, en beneficio de todos los interesados.<\/p>\n\n\n\n<p>Entre los otros puntos destacados para los visitantes encontramos el proyecto <strong>#Bauspiel<\/strong> y el <strong>#BlindDate<\/strong>, un desaf\u00edo de dise\u00f1o \u00fanico que debuta este a\u00f1o. El formato #BlindDate busca liberar los procesos creativos de prejuicios y <strong>hacer de la sostenibilidad un tema central en el dise\u00f1o<\/strong>.<\/p>\n\n\n\n<h3 class=\"wp-block-heading\">#CircularBiomaterials <\/h3>\n\n\n\n<p>Una de las \u00e1reas de enfoque que encontramos m\u00e1s interesantes es #CircularBiomaterials, que muestra <strong>materiales que se producen a partir de fuentes en regeneraci\u00f3n<\/strong> y que pueden regresar al ciclo biol\u00f3gico al final de su vida \u00fatil. Esto convierte a los materiales biocirculares en alternativas respetuosas con el medio ambiente a los productos sint\u00e9ticos con una huella de carbono considerablemente mayor. Ejemplos de esta nueva clase de <strong>biomateriales <\/strong>incluyen textiles biocirculares hechos de fibras de pl\u00e1tano, espumas para muebles a base de pastos marinos y rellenos de tapicer\u00eda hechos de fibras de espada\u00f1a. Naturalmente biodegradables, cuentan con propiedades t\u00e9cnicas y comerciales que pueden rivalizar con las alternativas convencionales.<\/p>\n\n\n\n<p>En el espacio expositivo, encontramos las propuestas de actores clave de la industria en los campos de suelos, iluminaci\u00f3n, mobiliario y ac\u00fastica con soluciones innovadoras que dar\u00e1n forma al mundo laboral del ma\u00f1ana. Nos agrada comprobar su apuesta por temas como la sostenibilidad y el bienestar de las personas, promoviendo adem\u00e1s el trabajo en equipo, la comunicaci\u00f3n y la interacci\u00f3n social. Un tema clave en todas las exhibiciones es tambi\u00e9n el creciente cambio hacia espacios flexibles que apoyan formas de trabajo creativas y adaptables.<\/p>\n\n\n\n<p><\/p>\n","protected":false},"excerpt":{"rendered":"<p>La feria Orgatec vuelve a reunir en Colonia a todos los actores que nos dedicamos a crear espacios corporativos. Lo primero que nos encontramos este a\u00f1o es un nuevo concepto de distribuci\u00f3n, con \u00e1reas de enfoque tem\u00e1ticas, donde intercambiar ideas sobre el desarrollo del mundo laboral. El Work Culture Festival es uno de los grandes [&hellip;]<\/p>\n","protected":false},"author":2,"featured_media":10798,"comment_status":"open","ping_status":"open","sticky":false,"template":"","format":"standard","meta":{"footnotes":""},"categories":[132],"tags":[149],"class_list":["post-10795","post","type-post","status-publish","format-standard","has-post-thumbnail","hentry","category-actualidad","tag-orgatec-2024"],"_links":{"self":[{"href":"https:\/\/www.plugandgo.es\/en\/wp-json\/wp\/v2\/posts\/10795","targetHints":{"allow":["GET"]}}],"collection":[{"href":"https:\/\/www.plugandgo.es\/en\/wp-json\/wp\/v2\/posts"}],"about":[{"href":"https:\/\/www.plugandgo.es\/en\/wp-json\/wp\/v2\/types\/post"}],"author":[{"embeddable":true,"href":"https:\/\/www.plugandgo.es\/en\/wp-json\/wp\/v2\/users\/2"}],"replies":[{"embeddable":true,"href":"https:\/\/www.plugandgo.es\/en\/wp-json\/wp\/v2\/comments?post=10795"}],"version-history":[{"count":3,"href":"https:\/\/www.plugandgo.es\/en\/wp-json\/wp\/v2\/posts\/10795\/revisions"}],"predecessor-version":[{"id":10803,"href":"https:\/\/www.plugandgo.es\/en\/wp-json\/wp\/v2\/posts\/10795\/revisions\/10803"}],"wp:featuredmedia":[{"embeddable":true,"href":"https:\/\/www.plugandgo.es\/en\/wp-json\/wp\/v2\/media\/10798"}],"wp:attachment":[{"href":"https:\/\/www.plugandgo.es\/en\/wp-json\/wp\/v2\/media?parent=10795"}],"wp:term":[{"taxonomy":"category","embeddable":true,"href":"https:\/\/www.plugandgo.es\/en\/wp-json\/wp\/v2\/categories?post=10795"},{"taxonomy":"post_tag","embeddable":true,"href":"https:\/\/www.plugandgo.es\/en\/wp-json\/wp\/v2\/tags?post=10795"}],"curies":[{"name":"wp","href":"https:\/\/api.w.org\/{rel}","templated":true}]}}