{"id":10903,"date":"2024-11-13T17:35:08","date_gmt":"2024-11-13T17:35:08","guid":{"rendered":"https:\/\/www.plugandgo.es\/?p=10903"},"modified":"2024-11-13T17:41:35","modified_gmt":"2024-11-13T17:41:35","slug":"pluggo-en-encuentros-de-distrito-hm","status":"publish","type":"post","link":"https:\/\/www.plugandgo.es\/en\/pluggo-en-encuentros-de-distrito-hm\/","title":{"rendered":"El alma y ADN de plug&go, seg\u00fan sus socios fundadores"},"content":{"rendered":"\n<h3 class=\"wp-block-heading has-text-align-center\"><strong><a href=\"https:\/\/open.spotify.com\/episode\/3cge11AMtxzUt1WIL6vGoW?si=G6cm6x_6Rsqy77JRBLISdA\" target=\"_blank\" rel=\"noreferrer noopener\">Escucha el p\u00f3dcast<\/a><\/strong><\/h3>\n\n\n\n<p>Los socios fundadores de plug&amp;o, <strong>Covadonga G. Quintana<\/strong> y <strong>\u00d3scar Herrando<\/strong>, protagonizaron uno de los \u201cEncuentros\u201d de Distrito HM, un espacio que se va equipando con voces e ideas, hablando con arquitectos e interioristas, explorando tendencias y buscando crear conocimiento a trav\u00e9s de expertos.<\/p>\n\n\n\n<p>\u00d3scar y Covadonga hablaron de los inicios, la importancia de elegir el nombre, aprender a trabajar en equipo, del futuro y de c\u00f3mo diferenciarse de la competencia y encontrar tu propio lenguaje de dise\u00f1o. Comenzaron el p\u00f3dcast hablando del propio nombre de la firma, plug&amp;go, literalmente \u201cconecta y vete\u201d. \u00bfPor qu\u00e9 este nombre? \u201cPorque queremos decirle al cliente: <em>aqu\u00ed estamos nosotros para todos, conf\u00eda en nosotros, nos ocupamos de todo\u201d<\/em>. La elecci\u00f3n del ingl\u00e9s para su nombre obedece a su vocaci\u00f3n internacional y a su portfolio de clientes corporativos globales.<\/p>\n\n\n\n<p>\u00a0\u201cNuestro nombre y \u00a0<em>claim<\/em> son realmente un prop\u00f3sito de lo que buscamos, que es <strong>generar emociones positivas a trav\u00e9s del dise\u00f1o de espacios de trabajo<\/strong>\u201d. \u201cCreemos totalmente que a trav\u00e9s del dise\u00f1o y de c\u00f3mo configuras cualquier tipo de espacio, se puede generar bienestar y lograr que las personas est\u00e9n mucho m\u00e1s a gusto\u201d. Tambi\u00e9n aplicamos nuestro prop\u00f3sito hacia adentro, no solamente hacia los clientes.<\/p>\n\n\n\n<figure class=\"wp-block-image aligncenter size-full is-resized\"><a href=\"https:\/\/open.spotify.com\/episode\/3cge11AMtxzUt1WIL6vGoW?si=G6cm6x_6Rsqy77JRBLISdA&amp;nd=1&amp;dlsi=27c18a111c364214\" target=\"_blank\" rel=\"noreferrer noopener\"><img fetchpriority=\"high\" decoding=\"async\" src=\"https:\/\/www.plugandgo.es\/wp-content\/uploads\/2024\/11\/Captura-de-pantalla-2024-11-13-a-las-18.37.10.png\" alt=\"\" class=\"wp-image-10907\" width=\"539\" height=\"179\" srcset=\"https:\/\/www.plugandgo.es\/wp-content\/uploads\/2024\/11\/Captura-de-pantalla-2024-11-13-a-las-18.37.10.png 757w, https:\/\/www.plugandgo.es\/wp-content\/uploads\/2024\/11\/Captura-de-pantalla-2024-11-13-a-las-18.37.10-300x100.png 300w\" sizes=\"(max-width: 539px) 100vw, 539px\" \/><\/a><\/figure>\n\n\n\n<p>Covadonga y \u00d3scar se remontaron tambi\u00e9n al inicio de la empresa, hace m\u00e1s de diez a\u00f1os: \u201dSurgi\u00f3 primero de una amistad entre los dos. Venimos del mundo de la oficina; nuestras vidas se cruzaron en etapas profesionales anteriores y a ra\u00edz de esa amistad profesional surgi\u00f3 una amistad personal. Decidimos comenzar profesionalmente un camino juntos y crear plug&amp;go\u201d.<\/p>\n\n\n\n<p>Estaban los dos en ese momento personal de \u201cme apetece montar algo\u201d, y vieron adem\u00e1s que hab\u00eda una oportunidad de mercado y que eran dos perfiles que se complementaban, \u201cy ten\u00edamos esos valores de lealtad y compromiso que son fundamentales a la hora de crear cualquier proyecto\u201d.<\/p>\n\n\n\n<p>Vieron la oportunidad y que <strong>en el mercado no hab\u00eda empresas tan <em>boutique<\/em> que trabajasen la arquitectura corporativa<\/strong>, \u201dtodo eran grandes firmas internacionales y not\u00e1bamos como los clientes valoraban mucho la relaci\u00f3n personal y contar con alguien cercano que diese la cara cuando hab\u00eda problemas\u201d. \u201c<strong>Un cambio de sede es algo muy estrat\u00e9gico<\/strong>, y entendemos que <strong>lo importante siempre es contar con un compa\u00f1ero de viaje que no te suelte en ning\u00fan momento<\/strong>, y ah\u00ed es donde vimos que hab\u00eda un mercado de oportunidad; en ese servicio mucho m\u00e1s personalizado y en equipo con los clientes\u201d.<\/p>\n\n\n\n<p> \u201cEmpezamos con proyectos peque\u00f1os. Por suerte, ten\u00edamos una buena red de contactos y empezamos a llamar puertas y a ofrecer nuestros servicios y a captar la atenci\u00f3n de clientes&#8221;.&nbsp;\u201cCuando dejas de estar dentro del paraguas de una gran compa\u00f1\u00eda, te llena mucho ver que mucha gente realmente est\u00e1 a tu lado por lo que t\u00fa representas en esa empresa. Y eso te genera una red de <em>networking<\/em> de verdad, no por un paraguas, sino con un proyecto personal. Y mucha gente sab\u00eda que \u00e9ramos serios, que \u00e9ramos honrados, que \u00e9ramos gente que responde, y eso fue lo que nos fue dando la confianza de empezar a captar negocio y empezar a movernos&#8221;.<\/p>\n\n\n\n<p>&#8220;Y si lo acompa\u00f1as de gente que tiene una metodolog\u00eda, una seriedad y unas ganas de hacerlo y de tener un compromiso, pues, van saliendo las cosas. &nbsp;En publicidad se dice que la experiencia tiene que corresponder con la promesa&#8221;.<\/p>\n\n\n\n<h3 class=\"wp-block-heading\">Oficinas en Madrid, Barcelona y Bruselas<\/h3>\n\n\n\n<p>Junto a \u00d3scar y Covadonga, <strong>un gran equipo forma plug&amp;go<\/strong>, el 90% de perfil t\u00e9cnico, y con <strong>oficinas en Madrid, Barcelona y Bruselas<\/strong>. Aunque sus clientes son globales, \u201cnuestra sede central es Madrid; en Bruselas creamos un <em>hub<\/em>, como un laboratorio de ideas, con una empresa del mundo de la publicidad, y que tambi\u00e9n hace temas de consultor\u00eda estrat\u00e9gica, que es una de las diferencias que tenemos respecto a otros estudios de arquitectura corporativa&#8221;.<\/p>\n\n\n\n<p>En la entrevista, explican tambi\u00e9n la capacidad de plug&amp;go para abordar proyectos de arquitectura corporativa de cualquier tipolog\u00eda. &nbsp;\u201cRecientemente, hemos terminado un proyecto para unas oficinas de 10.000 metros cuadrados, en la zona de la calle Alcal\u00e1, pero tenemos esa capacidad de adaptarnos a los proyectos de todo tipo. Normalmente, son proyectos de 500, 1.000, 2.000 o 3.000 metros cuadrados. Cada d\u00eda hay menos proyectos de grandes dimensiones porque con el tema del trabajo h\u00edbrido, el teletrabajo, en general, se ha reducido el tama\u00f1o de las oficinas\u201d.<\/p>\n\n\n\n<p>Muchos de sus clientes son recurrentes, algo muy dif\u00edcil en el sector de la arquitectura corporativa. Intentamos mantener con ellos el contacto; darles un servicio post venta muy bueno y atender cualquier necesidad que les pueda surgir. Cuando entregamos un proyecto, el grado de implicaci\u00f3n que tenemos con el cliente y el cliente con nosotros es muy grande. Entonces, conseguimos tener una cierta relaci\u00f3n bastante potente tras realizar el proyecto\u201d.<\/p>\n\n\n\n<p>Trabjan directamente para empresas &#8211; en sus sedes corporativas- como para SOCIMIS, Sociedades An\u00f3nimas Cotizadas de Inversi\u00f3n Inmobiliaria, en la renovaci\u00f3n de edificios. \u201cAl final, manejamos el terciario en global, y eso al final tambi\u00e9n te da un conocimiento del mercado inmobiliario que te permite detectar oportunidades y estar all\u00ed\u201d. \u201cTrabajamos un B2B muy corporativo donde no solamente est\u00e1 el CEO de una organizaci\u00f3n sino que hay otros tipos de perfiles muy involucrados en el proceso de transformaci\u00f3n: directores de Recursos Humanos, direcciones de Marketing, de Cultura y Talento, etc.\u201d. Estamos hablando de grandes multinacionales donde hay una estructura de Comit\u00e9 de Direcci\u00f3n muy potente, y el proyecto lo lidera un grupo de personas, no solamente una persona\u201d.<\/p>\n\n\n\n<blockquote class=\"wp-block-quote is-layout-flow wp-block-quote-is-layout-flow\">\n<p>&#8220;Nuestra vocaci\u00f3n es hacer proyectos que aporten valor&#8221;<\/p>\n<\/blockquote>\n\n\n\n<p>Para plug&amp;go, l<strong>os metros cuadrados no son los que dan valor a un cliente<\/strong>. \u201cHay clientes con oficinas de 100 metros que tienen un proyecto de transformaci\u00f3n s\u00faper interesante. Nuestra vocaci\u00f3n siempre es hacer proyectos que realmente aporten y que nos aporten; impulsar los procesos de transformaci\u00f3n de nuestros clientes a trav\u00e9s del dise\u00f1o y el espacio. Es seguir haciendo proyectos tan interesantes como los que hacemos\u201d.<\/p>\n\n\n\n<p><strong>Escucha el p\u00f3dcast completo, aqu\u00ed<\/strong>. <\/p>\n","protected":false},"excerpt":{"rendered":"<p>Escucha el p\u00f3dcast Los socios fundadores de plug&amp;o, Covadonga G. Quintana y \u00d3scar Herrando, protagonizaron uno de los \u201cEncuentros\u201d de Distrito HM, un espacio que se va equipando con voces e ideas, hablando con arquitectos e interioristas, explorando tendencias y buscando crear conocimiento a trav\u00e9s de expertos. \u00d3scar y Covadonga hablaron de los inicios, la [&hellip;]<\/p>\n","protected":false},"author":2,"featured_media":10050,"comment_status":"open","ping_status":"open","sticky":false,"template":"","format":"standard","meta":{"footnotes":""},"categories":[132],"tags":[],"class_list":["post-10903","post","type-post","status-publish","format-standard","has-post-thumbnail","hentry","category-actualidad"],"_links":{"self":[{"href":"https:\/\/www.plugandgo.es\/en\/wp-json\/wp\/v2\/posts\/10903","targetHints":{"allow":["GET"]}}],"collection":[{"href":"https:\/\/www.plugandgo.es\/en\/wp-json\/wp\/v2\/posts"}],"about":[{"href":"https:\/\/www.plugandgo.es\/en\/wp-json\/wp\/v2\/types\/post"}],"author":[{"embeddable":true,"href":"https:\/\/www.plugandgo.es\/en\/wp-json\/wp\/v2\/users\/2"}],"replies":[{"embeddable":true,"href":"https:\/\/www.plugandgo.es\/en\/wp-json\/wp\/v2\/comments?post=10903"}],"version-history":[{"count":4,"href":"https:\/\/www.plugandgo.es\/en\/wp-json\/wp\/v2\/posts\/10903\/revisions"}],"predecessor-version":[{"id":10909,"href":"https:\/\/www.plugandgo.es\/en\/wp-json\/wp\/v2\/posts\/10903\/revisions\/10909"}],"wp:featuredmedia":[{"embeddable":true,"href":"https:\/\/www.plugandgo.es\/en\/wp-json\/wp\/v2\/media\/10050"}],"wp:attachment":[{"href":"https:\/\/www.plugandgo.es\/en\/wp-json\/wp\/v2\/media?parent=10903"}],"wp:term":[{"taxonomy":"category","embeddable":true,"href":"https:\/\/www.plugandgo.es\/en\/wp-json\/wp\/v2\/categories?post=10903"},{"taxonomy":"post_tag","embeddable":true,"href":"https:\/\/www.plugandgo.es\/en\/wp-json\/wp\/v2\/tags?post=10903"}],"curies":[{"name":"wp","href":"https:\/\/api.w.org\/{rel}","templated":true}]}}