{"id":10998,"date":"2024-12-02T17:11:24","date_gmt":"2024-12-02T17:11:24","guid":{"rendered":"https:\/\/www.plugandgo.es\/?p=10998"},"modified":"2024-12-02T17:11:26","modified_gmt":"2024-12-02T17:11:26","slug":"pluggo-en-los-premios-nan-de-arquitectura","status":"publish","type":"post","link":"https:\/\/www.plugandgo.es\/en\/pluggo-en-los-premios-nan-de-arquitectura\/","title":{"rendered":"plug&go en los Premios NAN de arquitectura"},"content":{"rendered":"\n<p>El 28 de noviembre, el emblem\u00e1tico <strong>C\u00edrculo de Bellas Artes de Madrid<\/strong> acogi\u00f3 la entrega de los <a href=\"https:\/\/nanarquitectura.com\/2024\/11\/29\/premios-nan-2024-2\/45629\" target=\"_blank\" rel=\"noreferrer noopener\">Premios NAN 2024<\/a>, un evento que reuni\u00f3 a los principales referentes de la arquitectura y el dise\u00f1o, y all\u00ed estuvimos.\u00a0En una velada que destac\u00f3 por su reconocimiento a la excelencia en la arquitectura, en un espacio ic\u00f3nico que simboliza el arte y la creatividad en la capital.<\/p>\n\n\n\n<figure class=\"wp-block-image aligncenter size-large is-resized\"><img fetchpriority=\"high\" decoding=\"async\" src=\"https:\/\/www.plugandgo.es\/wp-content\/uploads\/2024\/12\/DSC_3549-1024x683.jpg\" alt=\"Premios NAN\" class=\"wp-image-10999\" width=\"594\" height=\"396\" srcset=\"https:\/\/www.plugandgo.es\/wp-content\/uploads\/2024\/12\/DSC_3549-1024x683.jpg 1024w, https:\/\/www.plugandgo.es\/wp-content\/uploads\/2024\/12\/DSC_3549-300x200.jpg 300w, https:\/\/www.plugandgo.es\/wp-content\/uploads\/2024\/12\/DSC_3549-768x512.jpg 768w, https:\/\/www.plugandgo.es\/wp-content\/uploads\/2024\/12\/DSC_3549-1536x1024.jpg 1536w, https:\/\/www.plugandgo.es\/wp-content\/uploads\/2024\/12\/DSC_3549-2048x1365.jpg 2048w, https:\/\/www.plugandgo.es\/wp-content\/uploads\/2024\/12\/DSC_3549-1030x687.jpg 1030w, https:\/\/www.plugandgo.es\/wp-content\/uploads\/2024\/12\/DSC_3549-760x507.jpg 760w\" sizes=\"(max-width: 594px) 100vw, 594px\" \/><\/figure>\n\n\n\n<p>Lourdes \u00c1lvarez, CEO de Pelda\u00f1o Media Group, abr\u00eda la gala recordando el impacto del desastre ocurrido en Valencia hace un mes y anunciando la iniciativa <strong>\u201cReconstruyamos Valencia\u201d<\/strong>, que recoger\u00e1 aportaciones de profesionales y empresas para contribuir a su recuperaci\u00f3n. Adem\u00e1s, destac\u00f3 el crecimiento del sector, con un aumento del 8,23% en superficie visada para obra nueva y rehabilitaci\u00f3n en el primer semestre de 2024.<\/p>\n\n\n\n<figure class=\"wp-block-image aligncenter size-large is-resized\"><img decoding=\"async\" src=\"https:\/\/www.plugandgo.es\/wp-content\/uploads\/2024\/12\/DSC_0600-Enhanced-NR-1024x683.jpg\" alt=\"\" class=\"wp-image-11000\" width=\"660\" height=\"440\" srcset=\"https:\/\/www.plugandgo.es\/wp-content\/uploads\/2024\/12\/DSC_0600-Enhanced-NR-1024x683.jpg 1024w, https:\/\/www.plugandgo.es\/wp-content\/uploads\/2024\/12\/DSC_0600-Enhanced-NR-300x200.jpg 300w, https:\/\/www.plugandgo.es\/wp-content\/uploads\/2024\/12\/DSC_0600-Enhanced-NR-768x512.jpg 768w, https:\/\/www.plugandgo.es\/wp-content\/uploads\/2024\/12\/DSC_0600-Enhanced-NR-1030x687.jpg 1030w, https:\/\/www.plugandgo.es\/wp-content\/uploads\/2024\/12\/DSC_0600-Enhanced-NR-760x507.jpg 760w\" sizes=\"(max-width: 660px) 100vw, 660px\" \/><\/figure>\n\n\n\n<p>El mentalista Vicente Lucca fue el encargado de presentar la gala, capturando la atenci\u00f3n de los asistentes con su carisma y una serie de sorprendentes trucos que dejaron a todos boquiabiertos.<\/p>\n\n\n\n<p>Elena Guijarr<strong>o<\/strong>, vicepresidenta segunda del Consejo Superior de los Colegios de Arquitectos de Espa\u00f1a, compart\u00eda desde el estrado unas palabras: \u00abCreo que est\u00e1is haciendo una labor excelente al exponer y poner encima de la mesa la arquitectura, los materiales y la construcci\u00f3n. Ya que valorar una buena arquitectura debe ir siempre acompa\u00f1ada de buenos materiales y una buena construcci\u00f3n\u00bb.<\/p>\n","protected":false},"excerpt":{"rendered":"<p>El 28 de noviembre, el emblem\u00e1tico C\u00edrculo de Bellas Artes de Madrid acogi\u00f3 la entrega de los Premios NAN 2024, un evento que reuni\u00f3 a los principales referentes de la arquitectura y el dise\u00f1o, y all\u00ed estuvimos.\u00a0En una velada que destac\u00f3 por su reconocimiento a la excelencia en la arquitectura, en un espacio ic\u00f3nico que [&hellip;]<\/p>\n","protected":false},"author":2,"featured_media":10999,"comment_status":"open","ping_status":"open","sticky":false,"template":"","format":"standard","meta":{"footnotes":""},"categories":[132,133],"tags":[],"class_list":["post-10998","post","type-post","status-publish","format-standard","has-post-thumbnail","hentry","category-actualidad","category-noticias"],"_links":{"self":[{"href":"https:\/\/www.plugandgo.es\/en\/wp-json\/wp\/v2\/posts\/10998","targetHints":{"allow":["GET"]}}],"collection":[{"href":"https:\/\/www.plugandgo.es\/en\/wp-json\/wp\/v2\/posts"}],"about":[{"href":"https:\/\/www.plugandgo.es\/en\/wp-json\/wp\/v2\/types\/post"}],"author":[{"embeddable":true,"href":"https:\/\/www.plugandgo.es\/en\/wp-json\/wp\/v2\/users\/2"}],"replies":[{"embeddable":true,"href":"https:\/\/www.plugandgo.es\/en\/wp-json\/wp\/v2\/comments?post=10998"}],"version-history":[{"count":1,"href":"https:\/\/www.plugandgo.es\/en\/wp-json\/wp\/v2\/posts\/10998\/revisions"}],"predecessor-version":[{"id":11001,"href":"https:\/\/www.plugandgo.es\/en\/wp-json\/wp\/v2\/posts\/10998\/revisions\/11001"}],"wp:featuredmedia":[{"embeddable":true,"href":"https:\/\/www.plugandgo.es\/en\/wp-json\/wp\/v2\/media\/10999"}],"wp:attachment":[{"href":"https:\/\/www.plugandgo.es\/en\/wp-json\/wp\/v2\/media?parent=10998"}],"wp:term":[{"taxonomy":"category","embeddable":true,"href":"https:\/\/www.plugandgo.es\/en\/wp-json\/wp\/v2\/categories?post=10998"},{"taxonomy":"post_tag","embeddable":true,"href":"https:\/\/www.plugandgo.es\/en\/wp-json\/wp\/v2\/tags?post=10998"}],"curies":[{"name":"wp","href":"https:\/\/api.w.org\/{rel}","templated":true}]}}