{"id":11003,"date":"2024-12-11T15:31:47","date_gmt":"2024-12-11T15:31:47","guid":{"rendered":"https:\/\/www.plugandgo.es\/?p=11003"},"modified":"2024-12-11T15:31:48","modified_gmt":"2024-12-11T15:31:48","slug":"las-oficinas-se-reinventan-para-atraer-el-talento","status":"publish","type":"post","link":"https:\/\/www.plugandgo.es\/en\/las-oficinas-se-reinventan-para-atraer-el-talento\/","title":{"rendered":"Las oficinas se reinventan para atraer el talento hacia las sedes corporativas"},"content":{"rendered":"\n<p>El II Estudio Pluxee de Retos y Tendencias en RRHH 2024 destaca que <strong>un 58% de las empresas espa\u00f1olas ha optado por un modelo de trabajo<\/strong> <strong>completamente presencial <\/strong>en 2024. Esto marca un cambio significativo con respecto a los \u00faltimos a\u00f1os, donde el teletrabajo y los modelos h\u00edbridos hab\u00edan ganado protagonismo, especialmente durante y tras la pandemia. Este retorno obedece principalmente a la percepci\u00f3n de que el teletrabajo afecta negativamente aspectos como la comunicaci\u00f3n entre empleados y la cohesi\u00f3n de la cultura organizacional, a pesar de que el 90% de las empresas reconoce los beneficios del trabajo remoto para la conciliaci\u00f3n de la vida laboral y personal.<\/p>\n\n\n\n<p>Adem\u00e1s, el estudio revela que <strong>un 41% de las empresas han adoptado modelos h\u00edbridos<\/strong>, mientras que un significativo 62% de los trabajadores prefiere este enfoque que combina d\u00edas de teletrabajo y de oficina. La disparidad entre las decisiones empresariales y las preferencias de los empleados refleja una desconexi\u00f3n que podr\u00eda afectar la retenci\u00f3n de talento, ya que m\u00e1s del 50% de los empleados se declara insatisfecho con su modalidad de trabajo actual.<\/p>\n\n\n\n<p>El retorno a las oficinas, en muchos casos forzado, \u00a0ha planteado un desaf\u00edo clave: \u00bfc\u00f3mo convencer a los empleados de que vale la pena regresar? La respuesta est\u00e1 -adem\u00e1s de en las pol\u00edticas flexibles y las culturas horizontales- en el redise\u00f1o de los espacios de trabajo, orientado a retener el talento y ofrecer algo que el teletrabajo no puede replicar.<\/p>\n\n\n\n<h3 class=\"wp-block-heading\"><strong>El nuevo &#8220;prop\u00f3sito&#8221; de las oficinas<\/strong>: atraer el talento<\/h3>\n\n\n\n<p>Las oficinas ya no son \u00fanicamente lugares donde se cumplen tareas diarias; ahora, deben se conciben centros de colaboraci\u00f3n, creatividad y conexi\u00f3n. Esto significa dise\u00f1ar <strong>espacios que prioricen la experiencia del empleado<\/strong>, con zonas abiertas para trabajo en equipo, \u00e1reas de descanso que fomenten la desconexi\u00f3n saludable y tecnolog\u00eda avanzada para optimizar la productividad. Espacios en los que adem\u00e1s tienen un valor incuestionables factores como el bienestar de las personas y el compromiso con el Planeta y con la sociedad.<\/p>\n\n\n\n<p>Los empleados, en muchos casos, valoran m\u00e1s los beneficios intangibles de las oficinas, como el intercambio de ideas espont\u00e1neo, la creaci\u00f3n de redes y la construcci\u00f3n de relaciones profesionales s\u00f3lidas. Seg\u00fan estudios recientes, <strong>uno de los principales atractivos del regreso a la oficina es precisamente la posibilidad de colaborar de manera m\u00e1s efectiva y fortalecer la cultura organizacional.<\/strong><\/p>\n\n\n\n<h4 class=\"wp-block-heading\"><strong>Espacios que inspiran y motivan<\/strong> en la oficina<\/h4>\n\n\n\n<p>Para atraer talento, las oficinas deben ofrecer espacios de los que no podemos disponer en el hogar y entornos motivadores que combinen dise\u00f1o est\u00e9tico (con un prop\u00f3sito de bienestar), funcionalidad y sostenibilidad. As\u00ed, bajo esta manera de concebir una oficina, las nuevas sedes corporativas incluyen, entre otros espacios:<\/p>\n\n\n\n<ul class=\"wp-block-list\">\n<li><strong>Zonas flexibles y modulares<\/strong>: Que se adapten a diversas actividades, desde reuniones creativas hasta trabajo concentrado.<\/li>\n\n\n\n<li><strong>Espacios verdes y sostenibles<\/strong>: Incorporar plantas, jardines verticales y materiales ecol\u00f3gicos mejora la percepci\u00f3n del bienestar.<\/li>\n\n\n\n<li><strong>\u00c1reas sociales din\u00e1micas<\/strong>: Como cafeter\u00edas y salones dise\u00f1ados para fomentar interacciones informales.<\/li>\n\n\n\n<li><strong>Tecnolog\u00eda integrada<\/strong>: Herramientas digitales para facilitar el trabajo h\u00edbrido y mejorar la conectividad.<\/li>\n\n\n\n<li>Espacios para la <strong>concentraci\u00f3n<\/strong> (como el de la imagen inferior, proyecto plug&amp;go: <strong><a href=\"https:\/\/www.plugandgo.es\/clientes\/everest-insurance\/\" data-type=\"URL\" data-id=\"https:\/\/www.plugandgo.es\/clientes\/everest-insurance\/\" target=\"_blank\" rel=\"noreferrer noopener\">Oficinas de Everest).<\/a><\/strong><\/li>\n<\/ul>\n\n\n\n<figure class=\"wp-block-image aligncenter size-large is-resized\"><img fetchpriority=\"high\" decoding=\"async\" src=\"https:\/\/www.plugandgo.es\/wp-content\/uploads\/2024\/11\/20240326-Paseo-de-la-Castellana-52-Madrid-52-HQ-1024x683.jpg\" alt=\"\" class=\"wp-image-10815\" width=\"687\" height=\"458\" srcset=\"https:\/\/www.plugandgo.es\/wp-content\/uploads\/2024\/11\/20240326-Paseo-de-la-Castellana-52-Madrid-52-HQ-1024x683.jpg 1024w, https:\/\/www.plugandgo.es\/wp-content\/uploads\/2024\/11\/20240326-Paseo-de-la-Castellana-52-Madrid-52-HQ-300x200.jpg 300w, https:\/\/www.plugandgo.es\/wp-content\/uploads\/2024\/11\/20240326-Paseo-de-la-Castellana-52-Madrid-52-HQ-768x512.jpg 768w, https:\/\/www.plugandgo.es\/wp-content\/uploads\/2024\/11\/20240326-Paseo-de-la-Castellana-52-Madrid-52-HQ-1536x1024.jpg 1536w, https:\/\/www.plugandgo.es\/wp-content\/uploads\/2024\/11\/20240326-Paseo-de-la-Castellana-52-Madrid-52-HQ-2048x1365.jpg 2048w, https:\/\/www.plugandgo.es\/wp-content\/uploads\/2024\/11\/20240326-Paseo-de-la-Castellana-52-Madrid-52-HQ-1030x687.jpg 1030w, https:\/\/www.plugandgo.es\/wp-content\/uploads\/2024\/11\/20240326-Paseo-de-la-Castellana-52-Madrid-52-HQ-760x507.jpg 760w\" sizes=\"(max-width: 687px) 100vw, 687px\" \/><\/figure>\n\n\n\n<h4 class=\"wp-block-heading\">El papel del empleado en el redise\u00f1o de la oficina<\/h4>\n\n\n\n<p>Cunado planificamos una oficina planteando los &#8220;por qu\u00e9 (s)&#8221;, que es como lo hacemos en plug&amp;go, (<strong><a href=\"https:\/\/www.plugandgo.es\/moonshot-thinking-nuestra-metodologia\/\" target=\"_blank\" rel=\"noreferrer noopener\">ver nuestra metodolog\u00eda<\/a><\/strong>), involucrar a los empleados en la planificaci\u00f3n y dise\u00f1o de las oficinas, a trav\u00e9s de la escucha activa, suele ser un elemento decisivo. <\/p>\n\n\n\n<p><strong>Un cambio necesario para competir en talento<\/strong><\/p>\n\n\n\n<p>En un contexto laboral donde los profesionales tienen altas expectativas de flexibilidad y experiencia laboral, las oficinas focalizadas en la mejor experiencia del empleado se convierten en un diferenciador competitivo. Una empresa que invierte en crear entornos laborales atractivos no solo logra que sus empleados regresen, sino que tambi\u00e9n posiciona su marca como un lugar deseado para trabajar.<\/p>\n\n\n\n<p>El redise\u00f1o de oficinas no es solo una cuesti\u00f3n de est\u00e9tica; es una estrategia para alinear los objetivos organizacionales con las expectativas de una fuerza laboral en evoluci\u00f3n. <\/p>\n","protected":false},"excerpt":{"rendered":"<p>El II Estudio Pluxee de Retos y Tendencias en RRHH 2024 destaca que un 58% de las empresas espa\u00f1olas ha optado por un modelo de trabajo completamente presencial en 2024. Esto marca un cambio significativo con respecto a los \u00faltimos a\u00f1os, donde el teletrabajo y los modelos h\u00edbridos hab\u00edan ganado protagonismo, especialmente durante y tras [&hellip;]<\/p>\n","protected":false},"author":2,"featured_media":10813,"comment_status":"open","ping_status":"open","sticky":false,"template":"","format":"standard","meta":{"footnotes":""},"categories":[131,134],"tags":[151],"class_list":["post-11003","post","type-post","status-publish","format-standard","has-post-thumbnail","hentry","category-arquitectura","category-diseno","tag-atraccion-del-talento"],"_links":{"self":[{"href":"https:\/\/www.plugandgo.es\/en\/wp-json\/wp\/v2\/posts\/11003","targetHints":{"allow":["GET"]}}],"collection":[{"href":"https:\/\/www.plugandgo.es\/en\/wp-json\/wp\/v2\/posts"}],"about":[{"href":"https:\/\/www.plugandgo.es\/en\/wp-json\/wp\/v2\/types\/post"}],"author":[{"embeddable":true,"href":"https:\/\/www.plugandgo.es\/en\/wp-json\/wp\/v2\/users\/2"}],"replies":[{"embeddable":true,"href":"https:\/\/www.plugandgo.es\/en\/wp-json\/wp\/v2\/comments?post=11003"}],"version-history":[{"count":2,"href":"https:\/\/www.plugandgo.es\/en\/wp-json\/wp\/v2\/posts\/11003\/revisions"}],"predecessor-version":[{"id":11005,"href":"https:\/\/www.plugandgo.es\/en\/wp-json\/wp\/v2\/posts\/11003\/revisions\/11005"}],"wp:featuredmedia":[{"embeddable":true,"href":"https:\/\/www.plugandgo.es\/en\/wp-json\/wp\/v2\/media\/10813"}],"wp:attachment":[{"href":"https:\/\/www.plugandgo.es\/en\/wp-json\/wp\/v2\/media?parent=11003"}],"wp:term":[{"taxonomy":"category","embeddable":true,"href":"https:\/\/www.plugandgo.es\/en\/wp-json\/wp\/v2\/categories?post=11003"},{"taxonomy":"post_tag","embeddable":true,"href":"https:\/\/www.plugandgo.es\/en\/wp-json\/wp\/v2\/tags?post=11003"}],"curies":[{"name":"wp","href":"https:\/\/api.w.org\/{rel}","templated":true}]}}