{"id":11103,"date":"2025-03-05T14:57:50","date_gmt":"2025-03-05T14:57:50","guid":{"rendered":"https:\/\/www.plugandgo.es\/?p=11103"},"modified":"2025-03-05T15:45:55","modified_gmt":"2025-03-05T15:45:55","slug":"workplace-evolution-futuro-espacios-de-trabajo","status":"publish","type":"post","link":"https:\/\/www.plugandgo.es\/en\/workplace-evolution-futuro-espacios-de-trabajo\/","title":{"rendered":"Workplace evolution: Futuro de los espacios de trabajo"},"content":{"rendered":"\n<p>Varias&nbsp;tendencias&nbsp;se est\u00e1n consolidando en los \u00faltimos a\u00f1os en temas de Workplace: El&nbsp;<strong>trabajo remoto<\/strong>&nbsp;y su&nbsp;<strong>influencia en la ocupaci\u00f3n<\/strong>&nbsp;de las oficinas; La inversi\u00f3n en&nbsp;<strong>pol\u00edticas de inclusi\u00f3n, diversidad y equidad<\/strong>; El impacto de las organizaciones en su entorno en&nbsp;<strong>temas de sostenibilidad, circularidad y low carbon buildings<\/strong>; El aumento de las pol\u00edticas de&nbsp;<strong>salud y bienestar de los usuarios<\/strong>&nbsp;de los espacios; La convivencia y aprendizaje de&nbsp;<strong>entornos cada vez m\u00e1s tecnol\u00f3gicos<\/strong>&nbsp;frente a la necesidad de&nbsp;<strong>biofilia y vegetaci\u00f3n y elementos naturales<\/strong>.<br>\u00bfC\u00f3mo se enfrenta un&nbsp;<strong>dise\u00f1ador<\/strong>&nbsp;a un nuevo&nbsp;<strong>proyecto de espacios de trabajo<\/strong>&nbsp;con todos esos retos?&nbsp;<a href=\"https:\/\/czfa-zgph.maillist-manage.net\/click\/127050983229aedf\/127050983228e100\" target=\"_blank\" rel=\"noreferrer noopener\">Grupo&nbsp;V\u00eda<\/a>&nbsp;organiza una nueva edici\u00f3n del evento &#8220;Workplace evolution: Futuro de los espacios de trabajo&#8221; en el que se dar\u00e1 voz a los&nbsp;<strong>l\u00edderes<\/strong>&nbsp;que est\u00e1n&nbsp;<strong>transformando el dise\u00f1o de oficinas, coworkings y espacios flexibles<\/strong>. En una ma\u00f1ana de divulgaci\u00f3n y an\u00e1lisis&nbsp;<strong>arquitectos, interioristas, consultores inmobiliarios y especialistas en workplace<\/strong>&nbsp;se dar\u00e1n la mano en una nueva cita con&nbsp;<strong>ponencias inspiradoras<\/strong>&nbsp;y&nbsp;<strong>debate entre expertos<\/strong>.<\/p>\n\n\n\n<p>En este encuentro, participar\u00e1 como ponente <strong>Covadonga G. Quintana<\/strong>, partner y CEO de plug&amp;go, compartiendo su visi\u00f3n sobre el dise\u00f1o de espacios de trabajo con otros CEOs y expertos en workplace.<\/p>\n\n\n\n<p><\/p>\n","protected":false},"excerpt":{"rendered":"<p>Varias&nbsp;tendencias&nbsp;se est\u00e1n consolidando en los \u00faltimos a\u00f1os en temas de Workplace: El&nbsp;trabajo remoto&nbsp;y su&nbsp;influencia en la ocupaci\u00f3n&nbsp;de las oficinas; La inversi\u00f3n en&nbsp;pol\u00edticas de inclusi\u00f3n, diversidad y equidad; El impacto de las organizaciones en su entorno en&nbsp;temas de sostenibilidad, circularidad y low carbon buildings; El aumento de las pol\u00edticas de&nbsp;salud y bienestar de los usuarios&nbsp;de los [&hellip;]<\/p>\n","protected":false},"author":2,"featured_media":11112,"comment_status":"open","ping_status":"open","sticky":false,"template":"","format":"standard","meta":{"footnotes":""},"categories":[132],"tags":[156],"class_list":["post-11103","post","type-post","status-publish","format-standard","has-post-thumbnail","hentry","category-actualidad","tag-workplace-evolution"],"_links":{"self":[{"href":"https:\/\/www.plugandgo.es\/en\/wp-json\/wp\/v2\/posts\/11103","targetHints":{"allow":["GET"]}}],"collection":[{"href":"https:\/\/www.plugandgo.es\/en\/wp-json\/wp\/v2\/posts"}],"about":[{"href":"https:\/\/www.plugandgo.es\/en\/wp-json\/wp\/v2\/types\/post"}],"author":[{"embeddable":true,"href":"https:\/\/www.plugandgo.es\/en\/wp-json\/wp\/v2\/users\/2"}],"replies":[{"embeddable":true,"href":"https:\/\/www.plugandgo.es\/en\/wp-json\/wp\/v2\/comments?post=11103"}],"version-history":[{"count":2,"href":"https:\/\/www.plugandgo.es\/en\/wp-json\/wp\/v2\/posts\/11103\/revisions"}],"predecessor-version":[{"id":11113,"href":"https:\/\/www.plugandgo.es\/en\/wp-json\/wp\/v2\/posts\/11103\/revisions\/11113"}],"wp:featuredmedia":[{"embeddable":true,"href":"https:\/\/www.plugandgo.es\/en\/wp-json\/wp\/v2\/media\/11112"}],"wp:attachment":[{"href":"https:\/\/www.plugandgo.es\/en\/wp-json\/wp\/v2\/media?parent=11103"}],"wp:term":[{"taxonomy":"category","embeddable":true,"href":"https:\/\/www.plugandgo.es\/en\/wp-json\/wp\/v2\/categories?post=11103"},{"taxonomy":"post_tag","embeddable":true,"href":"https:\/\/www.plugandgo.es\/en\/wp-json\/wp\/v2\/tags?post=11103"}],"curies":[{"name":"wp","href":"https:\/\/api.w.org\/{rel}","templated":true}]}}