{"id":11262,"date":"2025-05-13T16:11:52","date_gmt":"2025-05-13T16:11:52","guid":{"rendered":"https:\/\/www.plugandgo.es\/?p=11262"},"modified":"2025-05-13T16:12:35","modified_gmt":"2025-05-13T16:12:35","slug":"diseno-de-espacios-de-trabajo-con-pluggo","status":"publish","type":"post","link":"https:\/\/www.plugandgo.es\/en\/diseno-de-espacios-de-trabajo-con-pluggo\/","title":{"rendered":"Dise\u00f1o de espacios de trabajo: IA, m\u00e1s flexibilidad, m\u00e1s colaboraci\u00f3n y menos ruido"},"content":{"rendered":"\n<p>Ya solo recordamos vagamente las oficinas tradicionales con filas de mesas y paredes fijas; hace tiempo entramos en una era donde la adaptabilidad, la colaboraci\u00f3n y la gesti\u00f3n del ruido son pilares fundamentales para crear entornos que respondan a las necesidades de un mundo laboral din\u00e1mico y globalizado, y que especialmente velen por el bienestar de sus ocupantes.<\/p>\n\n\n\n<h2 class=\"wp-block-heading\"><strong>La flexibilidad como esencia en el dise\u00f1o de espacios de trabajo<\/strong><\/h2>\n\n\n\n<p>Imagina un espacio que pueda transformarse en cuesti\u00f3n de minutos, adapt\u00e1ndose a diferentes escenarios: una sala de reuniones formal, un \u00e1rea de trabajo en equipo, un espacio para eventos o incluso un rinc\u00f3n de descanso. La clave est\u00e1 en la capacidad de generar ambientes que puedan crecer o reducirse seg\u00fan las necesidades, sin complicaciones ni obras costosas. Aqu\u00ed, las divisiones m\u00f3viles y las soluciones modulares toman protagonismo, permitiendo que un mismo espacio se convierta en m\u00faltiples escenarios sin perder funcionalidad ni est\u00e9tica.<\/p>\n\n\n\n<figure class=\"wp-block-image aligncenter size-large is-resized\"><a href=\"https:\/\/www.plugandgo.es\/clientes\/ricoh\/\"><img fetchpriority=\"high\" decoding=\"async\" width=\"1024\" height=\"683\" src=\"https:\/\/www.plugandgo.es\/wp-content\/uploads\/2025\/05\/20250314-Puerto-de-Somport-21-23-Madrid-19-HQ-1024x683.jpg\" alt=\"\" class=\"wp-image-11243\" style=\"width:678px;height:auto\" srcset=\"https:\/\/www.plugandgo.es\/wp-content\/uploads\/2025\/05\/20250314-Puerto-de-Somport-21-23-Madrid-19-HQ-1024x683.jpg 1024w, https:\/\/www.plugandgo.es\/wp-content\/uploads\/2025\/05\/20250314-Puerto-de-Somport-21-23-Madrid-19-HQ-300x200.jpg 300w, https:\/\/www.plugandgo.es\/wp-content\/uploads\/2025\/05\/20250314-Puerto-de-Somport-21-23-Madrid-19-HQ-768x512.jpg 768w, https:\/\/www.plugandgo.es\/wp-content\/uploads\/2025\/05\/20250314-Puerto-de-Somport-21-23-Madrid-19-HQ-1536x1024.jpg 1536w, https:\/\/www.plugandgo.es\/wp-content\/uploads\/2025\/05\/20250314-Puerto-de-Somport-21-23-Madrid-19-HQ-2048x1365.jpg 2048w, https:\/\/www.plugandgo.es\/wp-content\/uploads\/2025\/05\/20250314-Puerto-de-Somport-21-23-Madrid-19-HQ-1030x687.jpg 1030w, https:\/\/www.plugandgo.es\/wp-content\/uploads\/2025\/05\/20250314-Puerto-de-Somport-21-23-Madrid-19-HQ-760x507.jpg 760w\" sizes=\"(max-width: 1024px) 100vw, 1024px\" \/><\/a><figcaption class=\"wp-element-caption\"><a href=\"https:\/\/www.plugandgo.es\/clientes\/ricoh\/\">Oficinas de Ricoh &#8211; proyecto de plug&amp;go.<\/a><\/figcaption><\/figure>\n\n\n\n<p>El uso del pladur, que durante d\u00e9cadas fue un elemento est\u00e1ndar en la construcci\u00f3n de oficinas, es reemplazado por sistemas m\u00e1s flexibles y desmontables. Las paredes m\u00f3viles, paneles modulares y divisores ajustables permiten una configuraci\u00f3n r\u00e1pida y sencilla, facilitando la creaci\u00f3n de ambientes personalizados y adaptados a cada momento. Las empresas demandan espacios que puedan reinventarse en minutos, promoviendo <strong>una cultura de agilidad<\/strong> y <strong>respuesta r\u00e1pida a los cambios del negocio.<\/strong><\/p>\n\n\n\n<h3 class=\"wp-block-heading\"><strong>La oficina: mucho m\u00e1s que un lugar de trabajo<\/strong><\/h3>\n\n\n\n<p>La oficina ya no es solo un espacio para que los empleados realicen sus tareas diarias. Se ha convertido en <strong>un hub de interacci\u00f3n, colaboraci\u00f3n y networking<\/strong>. Es un lugar donde se re\u00fanen clientes, socios, equipos de diferentes pa\u00edses y culturas. La oficina hoy es un espacio de prop\u00f3sito, dise\u00f1ado para fomentar la creatividad, la innovaci\u00f3n y las relaciones humanas.<\/p>\n\n\n\n<figure class=\"wp-block-image aligncenter size-large is-resized\"><a href=\"https:\/\/www.plugandgo.es\/clientes\/espanuclear\/\"><img decoding=\"async\" width=\"1024\" height=\"683\" src=\"https:\/\/www.plugandgo.es\/wp-content\/uploads\/2025\/03\/20240327-Alcala-544-Madrid-88-HQ-1024x683.jpg\" alt=\"\" class=\"wp-image-11094\" style=\"width:669px;height:auto\" srcset=\"https:\/\/www.plugandgo.es\/wp-content\/uploads\/2025\/03\/20240327-Alcala-544-Madrid-88-HQ-1024x683.jpg 1024w, https:\/\/www.plugandgo.es\/wp-content\/uploads\/2025\/03\/20240327-Alcala-544-Madrid-88-HQ-300x200.jpg 300w, https:\/\/www.plugandgo.es\/wp-content\/uploads\/2025\/03\/20240327-Alcala-544-Madrid-88-HQ-768x512.jpg 768w, https:\/\/www.plugandgo.es\/wp-content\/uploads\/2025\/03\/20240327-Alcala-544-Madrid-88-HQ-1536x1024.jpg 1536w, https:\/\/www.plugandgo.es\/wp-content\/uploads\/2025\/03\/20240327-Alcala-544-Madrid-88-HQ-2048x1365.jpg 2048w, https:\/\/www.plugandgo.es\/wp-content\/uploads\/2025\/03\/20240327-Alcala-544-Madrid-88-HQ-1030x687.jpg 1030w, https:\/\/www.plugandgo.es\/wp-content\/uploads\/2025\/03\/20240327-Alcala-544-Madrid-88-HQ-760x507.jpg 760w\" sizes=\"(max-width: 1024px) 100vw, 1024px\" \/><\/a><figcaption class=\"wp-element-caption\"><a href=\"https:\/\/www.plugandgo.es\/clientes\/espanuclear\/\">Oficinas de Espanuclear &#8211; proyecto plug&amp;go.<\/a><\/figcaption><\/figure>\n\n\n\n<p>Este cambio de paradigma implica que los espacios de trabajo <strong>deben ser vers\u00e1tiles y acogedores<\/strong>, capaces de albergar diferentes tipos de encuentros y actividades. La flexibilidad en el dise\u00f1o permite crear ambientes que faciliten la interacci\u00f3n, el intercambio de ideas y la construcci\u00f3n de relaciones s\u00f3lidas, en un entorno que se adapta a las necesidades espec\u00edficas de cada reuni\u00f3n o evento.<\/p>\n\n\n\n<h2 class=\"wp-block-heading\"><strong>El control del ruido, el gran desaf\u00edo del dise\u00f1o de espacios de trabajo<\/strong><\/h2>\n\n\n\n<p>En esta nueva realidad laboral, el trabajo h\u00edbrido y remoto se han consolidado como modelos predominantes. La interconexi\u00f3n constante y la movilidad laboral han llevado a que el control del ruido sea uno de los desaf\u00edos m\u00e1s importantes en el dise\u00f1o de espacios de trabajo. No basta con tener un espacio bonito o funcional; la ac\u00fastica se ha convertido en un elemento estrat\u00e9gico que <strong>impacta directamente en la productividad, el bienestar y la concentraci\u00f3n de los empleados<\/strong>.<\/p>\n\n\n\n<p>El control del ruido ya no es un simple detalle, sino un proyecto en s\u00ed mismo. Se requiere una planificaci\u00f3n cuidadosa, con soluciones ac\u00fasticas innovadoras que incluyan paneles absorbentes, techos ac\u00fasticos, mobiliario con propiedades insonorizantes y especialmente zonas espec\u00edficas para el trabajo concentrado. La gesti\u00f3n ac\u00fastica efectiva crea ambientes donde la comunicaci\u00f3n fluye sin obst\u00e1culos y donde cada individuo puede concentrarse sin distracciones externas.<\/p>\n\n\n\n<figure class=\"wp-block-image aligncenter size-large is-resized\"><a href=\"https:\/\/www.plugandgo.es\/clientes\/straumann\/\"><img decoding=\"async\" width=\"1024\" height=\"683\" src=\"https:\/\/www.plugandgo.es\/wp-content\/uploads\/2025\/03\/20240327-Alcala-544-Madrid-55-HQ-1024x683.jpg\" alt=\"\" class=\"wp-image-11087\" style=\"width:681px;height:auto\" srcset=\"https:\/\/www.plugandgo.es\/wp-content\/uploads\/2025\/03\/20240327-Alcala-544-Madrid-55-HQ-1024x683.jpg 1024w, https:\/\/www.plugandgo.es\/wp-content\/uploads\/2025\/03\/20240327-Alcala-544-Madrid-55-HQ-300x200.jpg 300w, https:\/\/www.plugandgo.es\/wp-content\/uploads\/2025\/03\/20240327-Alcala-544-Madrid-55-HQ-768x512.jpg 768w, https:\/\/www.plugandgo.es\/wp-content\/uploads\/2025\/03\/20240327-Alcala-544-Madrid-55-HQ-1536x1024.jpg 1536w, https:\/\/www.plugandgo.es\/wp-content\/uploads\/2025\/03\/20240327-Alcala-544-Madrid-55-HQ-2048x1365.jpg 2048w, https:\/\/www.plugandgo.es\/wp-content\/uploads\/2025\/03\/20240327-Alcala-544-Madrid-55-HQ-1030x687.jpg 1030w, https:\/\/www.plugandgo.es\/wp-content\/uploads\/2025\/03\/20240327-Alcala-544-Madrid-55-HQ-760x507.jpg 760w\" sizes=\"(max-width: 1024px) 100vw, 1024px\" \/><\/a><figcaption class=\"wp-element-caption\"><a href=\"https:\/\/www.plugandgo.es\/clientes\/straumann\/\">Oficinas de Straumann &#8211; proyecto de plug&amp;go.<\/a><\/figcaption><\/figure>\n\n\n\n<h3 class=\"wp-block-heading\">Espacios de trabajo, hacia un futuro colaborativo y adaptable<\/h3>\n\n\n\n<p>En definitiva, los nuevos paradigmas en el dise\u00f1o de espacios de trabajo apuntan hacia entornos que sean flexibles, colaborativos y ac\u00fasticamente confortables. La tendencia es crear espacios que puedan transformarse en funci\u00f3n de las necesidades, que fomenten la interacci\u00f3n y que protejan la concentraci\u00f3n en un mundo cada vez m\u00e1s interconectado y m\u00f3vil.<\/p>\n\n\n\n<p>La innovaci\u00f3n en el dise\u00f1o de espacios de trabajo se combina con <strong>la tecnolog\u00eda y la sostenibilidad<\/strong>, promoviendo ambientes que inspiren a los empleados a dar lo mejor de s\u00ed mismos. La clave est\u00e1 en entender que el espacio de trabajo debe ser un reflejo de la cultura empresarial, adaptable a los cambios y centrado en el bienestar de quienes lo habitan.<\/p>\n\n\n\n<h3 class=\"wp-block-heading\"><strong>IA e identidad de marca<\/strong><\/h3>\n\n\n\n<p>Lo virtual est\u00e1 desplazando r\u00e1pidamente a lo f\u00edsico; cada vez m\u00e1s compa\u00f1\u00edas integran salas inmersivas en sus sedes y eliminan sus showrooms de producto por experiencias donde sentir los para qu\u00e9. Otro ejemplo: La activaci\u00f3n por voz, suma a la necesidad de control ac\u00fastico<em>.<\/em><\/p>\n\n\n\n<p>Cambia tambi\u00e9n el uso del espacio. Hay muchas empresas que est\u00e1n destinando ya <strong>el 80% de su espacio a lugares de encuentro, reuni\u00f3n, formaci\u00f3n y colaboraci\u00f3n.<\/strong><\/p>\n\n\n\n<figure class=\"wp-block-image aligncenter size-large is-resized\"><a href=\"https:\/\/www.plugandgo.es\/clientes\/colonial\/\"><img loading=\"lazy\" decoding=\"async\" width=\"1024\" height=\"683\" src=\"https:\/\/www.plugandgo.es\/wp-content\/uploads\/2025\/03\/20240611-Llull-331-Barcelona-47-HQ-1024x683.jpg\" alt=\"\" class=\"wp-image-11161\" style=\"width:688px;height:auto\" srcset=\"https:\/\/www.plugandgo.es\/wp-content\/uploads\/2025\/03\/20240611-Llull-331-Barcelona-47-HQ-1024x683.jpg 1024w, https:\/\/www.plugandgo.es\/wp-content\/uploads\/2025\/03\/20240611-Llull-331-Barcelona-47-HQ-300x200.jpg 300w, https:\/\/www.plugandgo.es\/wp-content\/uploads\/2025\/03\/20240611-Llull-331-Barcelona-47-HQ-768x512.jpg 768w, https:\/\/www.plugandgo.es\/wp-content\/uploads\/2025\/03\/20240611-Llull-331-Barcelona-47-HQ-1536x1024.jpg 1536w, https:\/\/www.plugandgo.es\/wp-content\/uploads\/2025\/03\/20240611-Llull-331-Barcelona-47-HQ-2048x1365.jpg 2048w, https:\/\/www.plugandgo.es\/wp-content\/uploads\/2025\/03\/20240611-Llull-331-Barcelona-47-HQ-1030x687.jpg 1030w, https:\/\/www.plugandgo.es\/wp-content\/uploads\/2025\/03\/20240611-Llull-331-Barcelona-47-HQ-760x507.jpg 760w\" sizes=\"(max-width: 1024px) 100vw, 1024px\" \/><\/a><figcaption class=\"wp-element-caption\"><a href=\"https:\/\/www.plugandgo.es\/clientes\/colonial\/\">Renovaci\u00f3n de Lull 331 &#8211; proyecto de plug&amp;go.<\/a><\/figcaption><\/figure>\n\n\n\n<p>Pero sobre todo y m\u00e1s importante en la nueva era de IA, es <strong>la identidad y diferenciaci\u00f3n<\/strong>: trasladar al dise\u00f1o la identidad de la marca; rescatar el orgullo de pertenencia, valores, formas, colores, texturas que te abracen y te hagan sentir prop\u00f3sito y diferenciaci\u00f3n. Nunca ha sido tan importante invertir en marca y tener claras y definidas las se\u00f1as de identidad. <\/p>\n\n\n\n<blockquote class=\"wp-block-quote is-layout-flow wp-block-quote-is-layout-flow\">\n<p>Saber lo que ES una empresa es casi m\u00e1s importante que saber lo que HACE.<\/p>\n\n\n\n<p><\/p>\n<\/blockquote>\n\n\n\n<p><\/p>\n","protected":false},"excerpt":{"rendered":"<p>Ya solo recordamos vagamente las oficinas tradicionales con filas de mesas y paredes fijas; hace tiempo entramos en una era donde la adaptabilidad, la colaboraci\u00f3n y la gesti\u00f3n del ruido son pilares fundamentales para crear entornos que respondan a las necesidades de un mundo laboral din\u00e1mico y globalizado, y que especialmente velen por el bienestar [&hellip;]<\/p>\n","protected":false},"author":2,"featured_media":11247,"comment_status":"open","ping_status":"open","sticky":false,"template":"","format":"standard","meta":{"footnotes":""},"categories":[131,134],"tags":[],"class_list":["post-11262","post","type-post","status-publish","format-standard","has-post-thumbnail","hentry","category-arquitectura","category-diseno"],"_links":{"self":[{"href":"https:\/\/www.plugandgo.es\/en\/wp-json\/wp\/v2\/posts\/11262","targetHints":{"allow":["GET"]}}],"collection":[{"href":"https:\/\/www.plugandgo.es\/en\/wp-json\/wp\/v2\/posts"}],"about":[{"href":"https:\/\/www.plugandgo.es\/en\/wp-json\/wp\/v2\/types\/post"}],"author":[{"embeddable":true,"href":"https:\/\/www.plugandgo.es\/en\/wp-json\/wp\/v2\/users\/2"}],"replies":[{"embeddable":true,"href":"https:\/\/www.plugandgo.es\/en\/wp-json\/wp\/v2\/comments?post=11262"}],"version-history":[{"count":1,"href":"https:\/\/www.plugandgo.es\/en\/wp-json\/wp\/v2\/posts\/11262\/revisions"}],"predecessor-version":[{"id":11263,"href":"https:\/\/www.plugandgo.es\/en\/wp-json\/wp\/v2\/posts\/11262\/revisions\/11263"}],"wp:featuredmedia":[{"embeddable":true,"href":"https:\/\/www.plugandgo.es\/en\/wp-json\/wp\/v2\/media\/11247"}],"wp:attachment":[{"href":"https:\/\/www.plugandgo.es\/en\/wp-json\/wp\/v2\/media?parent=11262"}],"wp:term":[{"taxonomy":"category","embeddable":true,"href":"https:\/\/www.plugandgo.es\/en\/wp-json\/wp\/v2\/categories?post=11262"},{"taxonomy":"post_tag","embeddable":true,"href":"https:\/\/www.plugandgo.es\/en\/wp-json\/wp\/v2\/tags?post=11262"}],"curies":[{"name":"wp","href":"https:\/\/api.w.org\/{rel}","templated":true}]}}