{"id":11317,"date":"2025-07-24T09:40:32","date_gmt":"2025-07-24T09:40:32","guid":{"rendered":"https:\/\/www.plugandgo.es\/?p=11317"},"modified":"2025-07-25T10:08:03","modified_gmt":"2025-07-25T10:08:03","slug":"las-empresas-regresan-al-centro-de-las-ciudades","status":"publish","type":"post","link":"https:\/\/www.plugandgo.es\/en\/las-empresas-regresan-al-centro-de-las-ciudades\/","title":{"rendered":"Menos metros, m\u00e1s conexi\u00f3n: las oficinas vuelven al coraz\u00f3n de las ciudades"},"content":{"rendered":"\n<p>El auge del trabajo h\u00edbrido ha transformado radicalmente la manera en que las empresas utilizan sus espacios f\u00edsicos. Ya no es necesario que todos los empleados est\u00e9n presentes en la oficina cinco d\u00edas a la semana, lo que <strong>ha reducido significativamente la ocupaci\u00f3n diaria de los espacios de trabajo tradicionales<\/strong>. Ante este nuevo paradigma, mantener grandes oficinas infrautilizadas no solo representa un coste econ\u00f3mico innecesario, sino tambi\u00e9n una falta de adaptaci\u00f3n a las nuevas formas de trabajar.<\/p>\n\n\n\n<p>En este contexto, <strong>redise\u00f1ar la oficina no es solo una cuesti\u00f3n de tama\u00f1o, sino de estrategia<\/strong>: crear espacios que potencien la productividad, la creatividad y el bienestar en un modelo laboral m\u00e1s \u00e1gil, eficiente y conectado (con las personas y con la marca).<\/p>\n\n\n\n<p>Por supuesto, hay empresas que siguen y seguir\u00e1n ocupando el mismo espacio; como subrayamos siempre, cuando hablamos de arquitectura corporativa no se puede generalizar puesto que cada proyecto es \u00fanico en respuesta a cada compa\u00f1\u00eda. Pero, es una realidad que las din\u00e1micas de trabajo m\u00e1s flexibles de muchas organizaciones est\u00e1 reduciendo los metros cuadrados de oficina.<\/p>\n\n\n\n<p>El dise\u00f1o y ubicaci\u00f3n de las oficinas est\u00e1n atravesando una nueva etapa, marcada no solo por la consolidaci\u00f3n del trabajo h\u00edbrido sino tambi\u00e9n por una creciente <strong>necesidad de mejorar la calidad de vida de los empleados<\/strong>. En este contexto, muchas empresas apuestan por reubicar sus espacios de trabajo en el centro de las ciudades, alej\u00e1ndose de grandes sedes en la periferia, y optando por oficinas m\u00e1s peque\u00f1as, funcionales y experienciales. <\/p>\n\n\n\n<figure class=\"wp-block-image size-large\"><a href=\"https:\/\/www.plugandgo.es\/clientes\/alerce\/\"><img fetchpriority=\"high\" decoding=\"async\" width=\"1024\" height=\"683\" src=\"https:\/\/www.plugandgo.es\/wp-content\/uploads\/2025\/07\/20250509-Castellana-36-Madrid-5-HQ-1024x683.jpg\" alt=\"\" class=\"wp-image-11297\" srcset=\"https:\/\/www.plugandgo.es\/wp-content\/uploads\/2025\/07\/20250509-Castellana-36-Madrid-5-HQ-1024x683.jpg 1024w, https:\/\/www.plugandgo.es\/wp-content\/uploads\/2025\/07\/20250509-Castellana-36-Madrid-5-HQ-300x200.jpg 300w, https:\/\/www.plugandgo.es\/wp-content\/uploads\/2025\/07\/20250509-Castellana-36-Madrid-5-HQ-768x512.jpg 768w, https:\/\/www.plugandgo.es\/wp-content\/uploads\/2025\/07\/20250509-Castellana-36-Madrid-5-HQ-1536x1024.jpg 1536w, https:\/\/www.plugandgo.es\/wp-content\/uploads\/2025\/07\/20250509-Castellana-36-Madrid-5-HQ-2048x1365.jpg 2048w, https:\/\/www.plugandgo.es\/wp-content\/uploads\/2025\/07\/20250509-Castellana-36-Madrid-5-HQ-1030x687.jpg 1030w, https:\/\/www.plugandgo.es\/wp-content\/uploads\/2025\/07\/20250509-Castellana-36-Madrid-5-HQ-760x507.jpg 760w\" sizes=\"(max-width: 1024px) 100vw, 1024px\" \/><\/a><figcaption class=\"wp-element-caption\"><a href=\"https:\/\/www.plugandgo.es\/clientes\/alerce\/\">Oficinas de Alerce, en el Paseo de Castellana, Madrid &#8211; proyecto plug&amp;go.<\/a><\/figcaption><\/figure>\n\n\n\n<h2 class=\"wp-block-heading\">La centralidad  como valor a\u00f1adido de las oficinas<\/h2>\n\n\n\n<p>La pandemia y la implantaci\u00f3n del teletrabajo han provocado una <strong>revalorizaci\u00f3n del tiempo personal<\/strong>. En este nuevo paradigma, reducir los desplazamientos diarios se ha convertido en una prioridad. Instalar oficinas en zonas c\u00e9ntricas \u2014bien conectadas por transporte p\u00fablico, accesibles a pie o en bicicleta\u2014 no solo alivia el estr\u00e9s y mejora la conciliaci\u00f3n, sino que refuerza el v\u00ednculo entre empresa y empleado.<\/p>\n\n\n\n<p>Las ubicaciones c\u00e9ntricas tambi\u00e9n ofrecen mayor proximidad a servicios clave como restauraci\u00f3n, ocio o centros culturales. Esto convierte a la oficina en un nodo social atractivo y refuerza su papel como espacio de conexi\u00f3n e identidad corporativa, m\u00e1s all\u00e1 de lo puramente operativo.<\/p>\n\n\n\n<h2 class=\"wp-block-heading\">Oficinas m\u00e1s peque\u00f1as, pero m\u00e1s eficientes<\/h2>\n\n\n\n<p>La generalizaci\u00f3n del trabajo h\u00edbrido ha disminuido la ocupaci\u00f3n diaria de los espacios. Las compa\u00f1\u00edas ya no necesitan grandes superficies, sino entornos flexibles, polivalentes y tecnol\u00f3gicamente equipados. Las oficinas se redimensionan, no como s\u00edntoma de reducci\u00f3n, sino como <strong>ejercicio de optimizaci\u00f3n<\/strong>. Este redise\u00f1o permite reorientar los espacios hacia usos m\u00e1s colaborativos, m\u00e1s centrados en el bienestar, la concentraci\u00f3n y la experiencia del usuario.<\/p>\n\n\n\n<p>Los nuevos proyectos priorizan el dise\u00f1o biof\u00edlico, la sostenibilidad, la luz natural y la adaptabilidad. Se construyen espacios donde los metros cuadrados se usan con inteligencia, y donde el dise\u00f1o arquitect\u00f3nico cobra un nuevo protagonismo como herramienta de atracci\u00f3n del talento.<\/p>\n\n\n\n<figure class=\"wp-block-image aligncenter size-large is-resized\"><a href=\"https:\/\/www.plugandgo.es\/clientes\/easy-ep\/\"><img decoding=\"async\" width=\"1024\" height=\"683\" src=\"https:\/\/www.plugandgo.es\/wp-content\/uploads\/2024\/11\/FOTO-PORTADA-WEB-EASY-EP-1024x683.jpg\" alt=\"\" class=\"wp-image-10834\" style=\"width:727px;height:auto\" srcset=\"https:\/\/www.plugandgo.es\/wp-content\/uploads\/2024\/11\/FOTO-PORTADA-WEB-EASY-EP-1024x683.jpg 1024w, https:\/\/www.plugandgo.es\/wp-content\/uploads\/2024\/11\/FOTO-PORTADA-WEB-EASY-EP-300x200.jpg 300w, https:\/\/www.plugandgo.es\/wp-content\/uploads\/2024\/11\/FOTO-PORTADA-WEB-EASY-EP-768x512.jpg 768w, https:\/\/www.plugandgo.es\/wp-content\/uploads\/2024\/11\/FOTO-PORTADA-WEB-EASY-EP-1536x1024.jpg 1536w, https:\/\/www.plugandgo.es\/wp-content\/uploads\/2024\/11\/FOTO-PORTADA-WEB-EASY-EP-2048x1365.jpg 2048w, https:\/\/www.plugandgo.es\/wp-content\/uploads\/2024\/11\/FOTO-PORTADA-WEB-EASY-EP-1030x687.jpg 1030w, https:\/\/www.plugandgo.es\/wp-content\/uploads\/2024\/11\/FOTO-PORTADA-WEB-EASY-EP-760x507.jpg 760w\" sizes=\"(max-width: 1024px) 100vw, 1024px\" \/><\/a><figcaption class=\"wp-element-caption\"><a href=\"https:\/\/www.plugandgo.es\/clientes\/easy-ep\/\">Oficinas de Easy EP, en calle Leganitos, Madrid &#8211; proyecto plug&amp;go.<\/a><\/figcaption><\/figure>\n\n\n\n<h3 class=\"wp-block-heading\">Una oportunidad para la rehabilitaci\u00f3n urbana<\/h3>\n\n\n\n<p>Este regreso al centro tambi\u00e9n est\u00e1 impulsando la recuperaci\u00f3n de edificios hist\u00f3ricos y patrimoniales, muchos de ellos infrautilizados. Rehabilitar estas construcciones para acoger nuevas oficinas permite preservar la identidad urbana, revitalizar barrios y contribuir a una ciudad m\u00e1s densa, diversa y sostenible.<\/p>\n\n\n\n<p>Los profesionales inmobiliarios y arquitectos tenemos hoy la oportunidad \u2014y la responsabilidad\u2014 de dise\u00f1ar los espacios de trabajo que esta nueva era demanda: m\u00e1s humanos, m\u00e1s inteligentes y m\u00e1s integrados con el entorno.<\/p>\n\n\n\n<p><\/p>\n\n\n\n<p><\/p>\n\n\n\n<p><\/p>\n","protected":false},"excerpt":{"rendered":"<p>El auge del trabajo h\u00edbrido ha transformado radicalmente la manera en que las empresas utilizan sus espacios f\u00edsicos. Ya no es necesario que todos los empleados est\u00e9n presentes en la oficina cinco d\u00edas a la semana, lo que ha reducido significativamente la ocupaci\u00f3n diaria de los espacios de trabajo tradicionales. Ante este nuevo paradigma, mantener [&hellip;]<\/p>\n","protected":false},"author":2,"featured_media":10620,"comment_status":"open","ping_status":"open","sticky":false,"template":"","format":"standard","meta":{"footnotes":""},"categories":[1],"tags":[],"class_list":["post-11317","post","type-post","status-publish","format-standard","has-post-thumbnail","hentry","category-sin-categoria"],"_links":{"self":[{"href":"https:\/\/www.plugandgo.es\/en\/wp-json\/wp\/v2\/posts\/11317","targetHints":{"allow":["GET"]}}],"collection":[{"href":"https:\/\/www.plugandgo.es\/en\/wp-json\/wp\/v2\/posts"}],"about":[{"href":"https:\/\/www.plugandgo.es\/en\/wp-json\/wp\/v2\/types\/post"}],"author":[{"embeddable":true,"href":"https:\/\/www.plugandgo.es\/en\/wp-json\/wp\/v2\/users\/2"}],"replies":[{"embeddable":true,"href":"https:\/\/www.plugandgo.es\/en\/wp-json\/wp\/v2\/comments?post=11317"}],"version-history":[{"count":1,"href":"https:\/\/www.plugandgo.es\/en\/wp-json\/wp\/v2\/posts\/11317\/revisions"}],"predecessor-version":[{"id":11318,"href":"https:\/\/www.plugandgo.es\/en\/wp-json\/wp\/v2\/posts\/11317\/revisions\/11318"}],"wp:featuredmedia":[{"embeddable":true,"href":"https:\/\/www.plugandgo.es\/en\/wp-json\/wp\/v2\/media\/10620"}],"wp:attachment":[{"href":"https:\/\/www.plugandgo.es\/en\/wp-json\/wp\/v2\/media?parent=11317"}],"wp:term":[{"taxonomy":"category","embeddable":true,"href":"https:\/\/www.plugandgo.es\/en\/wp-json\/wp\/v2\/categories?post=11317"},{"taxonomy":"post_tag","embeddable":true,"href":"https:\/\/www.plugandgo.es\/en\/wp-json\/wp\/v2\/tags?post=11317"}],"curies":[{"name":"wp","href":"https:\/\/api.w.org\/{rel}","templated":true}]}}