{"id":11320,"date":"2025-09-01T10:18:46","date_gmt":"2025-09-01T10:18:46","guid":{"rendered":"https:\/\/www.plugandgo.es\/?p=11320"},"modified":"2025-08-28T10:21:40","modified_gmt":"2025-08-28T10:21:40","slug":"arquitectura-corporativa-con-proposito","status":"publish","type":"post","link":"https:\/\/www.plugandgo.es\/en\/arquitectura-corporativa-con-proposito\/","title":{"rendered":"Arquitectura corporativa con impacto: dise\u00f1ando con prop\u00f3sito"},"content":{"rendered":"\n<p>Hoy en d\u00eda, hablar de arquitectura corporativa va mucho m\u00e1s all\u00e1 de levantar edificios o dise\u00f1ar espacios funcionales. El verdadero valor est\u00e1 en crear <strong>proyectos con prop\u00f3sito e impacto<\/strong>, dos conceptos que se han convertido en ejes centrales de la arquitectura corporativa contempor\u00e1nea y que marcan la diferencia entre un simple inmueble y un espacio corporativo que transforma organizaciones, su forma de trabajar y relacionarse, y que transforma tambi\u00e9n comunidades, barrios y ciudades.<\/p>\n\n\n\n<h2 class=\"wp-block-heading\">El prop\u00f3sito: el \u201cpara qu\u00e9\u201d y el \u201cpor qu\u00e9\u201d<\/h2>\n\n\n\n<p>Todo proyecto de arquitectura corporativa deber\u00eda comenzar con una pregunta clave: \u00bfcu\u00e1l es su prop\u00f3sito? Es decir, \u00bfpara qu\u00e9 se planifica e implanta y por qu\u00e9 es relevante para la empresa, para sus personas, para la sociedad y el entorno?<br>Este prop\u00f3sito no se limita a dar respuesta a las normativas urban\u00edsticas ni a los modelos de negocio tradicionales, sino que exige <strong>investigaci\u00f3n previa, conceptualizaci\u00f3n y un enfoque innovador<\/strong>. La arquitectura corporativa con prop\u00f3sito entiende cada espacio como un <strong>servicio que genera experiencias y valor a\u00f1adido<\/strong>, y no solo como un continente vac\u00edo.<\/p>\n\n\n\n<figure class=\"wp-block-image aligncenter size-large is-resized\"><a href=\"https:\/\/www.plugandgo.es\/clientes\/miele\/\"><img fetchpriority=\"high\" decoding=\"async\" width=\"1024\" height=\"683\" src=\"https:\/\/www.plugandgo.es\/wp-content\/uploads\/2025\/01\/PORTADA-1024x683.jpg\" alt=\"\" class=\"wp-image-11022\" style=\"width:700px;height:auto\" srcset=\"https:\/\/www.plugandgo.es\/wp-content\/uploads\/2025\/01\/PORTADA-1024x683.jpg 1024w, https:\/\/www.plugandgo.es\/wp-content\/uploads\/2025\/01\/PORTADA-300x200.jpg 300w, https:\/\/www.plugandgo.es\/wp-content\/uploads\/2025\/01\/PORTADA-768x512.jpg 768w, https:\/\/www.plugandgo.es\/wp-content\/uploads\/2025\/01\/PORTADA-1536x1024.jpg 1536w, https:\/\/www.plugandgo.es\/wp-content\/uploads\/2025\/01\/PORTADA-2048x1365.jpg 2048w, https:\/\/www.plugandgo.es\/wp-content\/uploads\/2025\/01\/PORTADA-1030x687.jpg 1030w, https:\/\/www.plugandgo.es\/wp-content\/uploads\/2025\/01\/PORTADA-760x507.jpg 760w\" sizes=\"(max-width: 1024px) 100vw, 1024px\" \/><\/a><figcaption class=\"wp-element-caption\"><a href=\"https:\/\/www.plugandgo.es\/clientes\/miele\/\">Oficinas de Miele &#8211; Proyecto plug&amp;go.<\/a><\/figcaption><\/figure>\n\n\n\n<p>En <a href=\"https:\/\/www.plugandgo.es\/pluggo-en-encuentros-de-distrito-hm\/\" target=\"_blank\" rel=\"noreferrer noopener\">un post reciente<\/a>, los socios fundadores de plug&amp;go,  <strong>Covadonga G. Quintana<\/strong> y <strong>\u00d3scar Herrando<\/strong>, explicaban sobre nuestro prop\u00f3sito: \u201cNuestro nombre y <em>claim<\/em> son realmente un prop\u00f3sito de lo que buscamos, que es <strong>generar emociones positivas a trav\u00e9s del dise\u00f1o de espacios de trabajo<\/strong>\u201d. \u201cCreemos totalmente que a trav\u00e9s del dise\u00f1o y de c\u00f3mo configuras cualquier tipo de espacio, se puede generar bienestar y lograr que las personas est\u00e9n mucho m\u00e1s a gusto\u201d. <\/p>\n\n\n\n<p>Para plug&amp;go, <strong>los metros cuadrados no son los que dan valor a un cliente<\/strong>. \u201cHay clientes con oficinas de 100 metros que tienen un proyecto de transformaci\u00f3n s\u00faper interesante. Nuestra vocaci\u00f3n siempre es hacer proyectos que realmente aporten y que nos aporten; impulsar los procesos de transformaci\u00f3n de nuestros clientes a trav\u00e9s del dise\u00f1o y el espacio. Es seguir haciendo proyectos tan interesantes como los que hacemos\u201d.<\/p>\n\n\n\n<h2 class=\"wp-block-heading\">El impacto: el legado que dejan los edificios<\/h2>\n\n\n\n<p>Cada proyecto de arquitectura corporativa deja una huella, positiva o negativa, sobre la ciudad, el barrio, las personas y el medioambiente. De ah\u00ed que el <strong>impacto sea tambi\u00e9n un elemento a dise\u00f1ar conscientemente<\/strong>. Ya no basta con cumplir normativa; hoy las preguntas clave son:<\/p>\n\n\n\n<ul class=\"wp-block-list\">\n<li>\u00bfQu\u00e9 sentido tiene este desarrollo en relaci\u00f3n con el entorno urbano?<\/li>\n\n\n\n<li>\u00bfCu\u00e1l ser\u00e1 su impacto social y medioambiental?<\/li>\n\n\n\n<li>\u00bfC\u00f3mo puede convertirse en motor de regeneraci\u00f3n urbana?<\/li>\n<\/ul>\n\n\n\n<p>Este cambio de mentalidad responde tambi\u00e9n a una nueva demanda del consumidor: <strong>espacios con prop\u00f3sito que generen experiencias aut\u00e9nticas y sostenibles<\/strong>.<\/p>\n\n\n\n<figure class=\"wp-block-image aligncenter size-large is-resized\"><a href=\"https:\/\/www.plugandgo.es\/clientes\/straumann\/\"><img decoding=\"async\" width=\"1024\" height=\"683\" src=\"https:\/\/www.plugandgo.es\/wp-content\/uploads\/2025\/03\/20240530-Alcala-544-Madrid-45-HQ-1024x683.jpg\" alt=\"\" class=\"wp-image-11096\" style=\"width:691px;height:auto\" srcset=\"https:\/\/www.plugandgo.es\/wp-content\/uploads\/2025\/03\/20240530-Alcala-544-Madrid-45-HQ-1024x683.jpg 1024w, https:\/\/www.plugandgo.es\/wp-content\/uploads\/2025\/03\/20240530-Alcala-544-Madrid-45-HQ-300x200.jpg 300w, https:\/\/www.plugandgo.es\/wp-content\/uploads\/2025\/03\/20240530-Alcala-544-Madrid-45-HQ-768x512.jpg 768w, https:\/\/www.plugandgo.es\/wp-content\/uploads\/2025\/03\/20240530-Alcala-544-Madrid-45-HQ-1536x1024.jpg 1536w, https:\/\/www.plugandgo.es\/wp-content\/uploads\/2025\/03\/20240530-Alcala-544-Madrid-45-HQ-2048x1365.jpg 2048w, https:\/\/www.plugandgo.es\/wp-content\/uploads\/2025\/03\/20240530-Alcala-544-Madrid-45-HQ-1030x687.jpg 1030w, https:\/\/www.plugandgo.es\/wp-content\/uploads\/2025\/03\/20240530-Alcala-544-Madrid-45-HQ-760x507.jpg 760w\" sizes=\"(max-width: 1024px) 100vw, 1024px\" \/><\/a><figcaption class=\"wp-element-caption\"><a href=\"https:\/\/www.plugandgo.es\/clientes\/straumann\/\">Oficinas de Straumann Group &#8211; Proyecto plug&amp;go.<\/a><\/figcaption><\/figure>\n\n\n\n<p>El marco ESG (Environmental, Social &amp; Governance) y el concepto de <strong>triple balance<\/strong> han llegado para quedarse. Los edificios del futuro no solo deben ser rentables econ\u00f3micamente, sino tambi\u00e9n generar un <strong>impacto positivo en el planeta, en la sociedad y en el tiempo<\/strong>.<\/p>\n\n\n\n<p>El impacto no solo se mide en t\u00e9rminos sociales o medioambientales, sino tambi\u00e9n en el <strong>look &amp; feel<\/strong> de los edificios. El uso de materiales Km 0, estructuras sostenibles como la madera y un dise\u00f1o que sit\u00fae al <strong>usuario en el centro<\/strong> son esenciales para crear experiencias memorables.<br>Porque al final, la arquitectura con prop\u00f3sito no trata \u00fanicamente de construir, sino de <strong>crear sentido, pertenencia y valor compartido<\/strong>.<br>La tendencia de empresas B Corp (<strong>Corp<\/strong> es una certificaci\u00f3n internacional que se otorga a empresas que cumplen con los m\u00e1s altos est\u00e1ndares de <strong>desempe\u00f1o social, ambiental, transparencia y responsabilidad<\/strong>) y el llamado \u201c4\u00ba sector\u201d refuerzan la idea de que la arquitectura corporativa debe estar alineada con valores \u00e9ticos, transparencia y sostenibilidad. <\/p>\n\n\n\n<p>El concepto del <strong>4\u00ba sector<\/strong> se refiere a aquellas organizaciones que, sin ser empresas tradicionales (1\u00ba sector), Estado (2\u00ba sector) o sector social\/ONG (3\u00ba sector), combinan lo mejor de cada uno para generar impacto social, ambiental y econ\u00f3mico de manera integrada. Son entidades que persiguen beneficios, pero con un compromiso expl\u00edcito hacia la <strong>sostenibilidad, la \u00e9tica y la transparencia<\/strong>.<\/p>\n\n\n\n<p>Dos atributos defien una organizaci\u00f3n del Cuarto Sector.<\/p>\n\n\n\n<ul class=\"wp-block-list\">\n<li><strong>El prop\u00f3sito social<\/strong>: La organizaci\u00f3n debe tener un compromiso nuclear hacia un prop\u00f3sito social y por lo tanto integradd en su estructura organizacional.<\/li>\n\n\n\n<li><strong>Los m\u00e9todos de negocio<\/strong>: La organizaci\u00f3n puede desarrollar cualquier actividad\u00a0, pero que sea consistente con su prop\u00f3sito social y con la responsabilidad con sus grupos de inter\u00e9s.<\/li>\n<\/ul>\n\n\n\n<h2 class=\"wp-block-heading\">Nuevas tipolog\u00edas de espacios para una arquitectura corporativa con prop\u00f3sio<\/h2>\n\n\n\n<p>Los proyectos actuales de arquitectura corporativa con prop\u00f3sito no se limitan a un solo uso. <strong>Co-living, coworking, student housing, retail y espacios de ocio<\/strong> se integran en desarrollos de <strong>uso mixto<\/strong> que buscan ese objetivo de crear comunidades din\u00e1micas, diversas y sostenibles. Estos espacios muestran c\u00f3mo la arquitectura puede ser palanca de <strong>regeneraci\u00f3n urbana<\/strong>, al dise\u00f1ar espacios permeables que multiplican servicios para la comunidad y equilibran lo p\u00fablico y lo privado.<\/p>\n\n\n\n<p>Al integrar en un mismo entorno diferentes funciones \u2014vivir, trabajar, estudiar, consumir y disfrutar del tiempo libre\u2014 se reducen los desplazamientos, disminuye la huella de carbono asociada al transporte y se optimiza el uso del suelo y de los recursos energ\u00e9ticos. Esta concentraci\u00f3n funcional permite que los edificios sean m\u00e1s eficientes, compartan infraestructuras y servicios, y reduzcan costes ambientales y econ\u00f3micos, lo que los convierte en un modelo m\u00e1s responsable con el entorno.<\/p>\n\n\n\n<p>Adem\u00e1s, este tipo de arquitectura no solo apuesta por la sostenibilidad medioambiental, sino tambi\u00e9n por un <strong>prop\u00f3sito social y humano<\/strong>. Al crear comunidades diversas que conviven en un mismo espacio, se fomenta la interacci\u00f3n, la colaboraci\u00f3n y el sentido de pertenencia, respondiendo a nuevas formas de vida y trabajo que demandan flexibilidad y conexi\u00f3n. Estos entornos h\u00edbridos, donde se cruzan generaciones, culturas y estilos de vida, generan ciudades m\u00e1s inclusivas, din\u00e1micas y resilientes, alineadas con los valores de una sociedad que busca equilibrar bienestar, sostenibilidad y prop\u00f3sito colectivo.<\/p>\n\n\n\n<figure class=\"wp-block-image aligncenter size-large is-resized\"><a href=\"https:\/\/www.plugandgo.es\/clientes\/colonial\/\"><img decoding=\"async\" width=\"1024\" height=\"683\" src=\"https:\/\/www.plugandgo.es\/wp-content\/uploads\/2025\/03\/20240611-Llull-331-Barcelona-40-HQ-1024x683.jpg\" alt=\"\" class=\"wp-image-11162\" style=\"width:722px;height:auto\" srcset=\"https:\/\/www.plugandgo.es\/wp-content\/uploads\/2025\/03\/20240611-Llull-331-Barcelona-40-HQ-1024x683.jpg 1024w, https:\/\/www.plugandgo.es\/wp-content\/uploads\/2025\/03\/20240611-Llull-331-Barcelona-40-HQ-300x200.jpg 300w, https:\/\/www.plugandgo.es\/wp-content\/uploads\/2025\/03\/20240611-Llull-331-Barcelona-40-HQ-768x512.jpg 768w, https:\/\/www.plugandgo.es\/wp-content\/uploads\/2025\/03\/20240611-Llull-331-Barcelona-40-HQ-1536x1024.jpg 1536w, https:\/\/www.plugandgo.es\/wp-content\/uploads\/2025\/03\/20240611-Llull-331-Barcelona-40-HQ-2048x1365.jpg 2048w, https:\/\/www.plugandgo.es\/wp-content\/uploads\/2025\/03\/20240611-Llull-331-Barcelona-40-HQ-1030x687.jpg 1030w, https:\/\/www.plugandgo.es\/wp-content\/uploads\/2025\/03\/20240611-Llull-331-Barcelona-40-HQ-760x507.jpg 760w\" sizes=\"(max-width: 1024px) 100vw, 1024px\" \/><\/a><figcaption class=\"wp-element-caption\"><a href=\"https:\/\/www.plugandgo.es\/clientes\/colonial\/\">Proyecto plug&amp;go &#8211; Barcelona.<\/a><\/figcaption><\/figure>\n\n\n\n<p>\u00bfQuieres que te ayudemos a crear un espacio corporativo con impacto y pop\u00f3sito que os acompa\u00f1e en vuestro proceso de cambio? Contacta con nosotros:<\/p>\n\n\n\n<figure class=\"wp-block-image aligncenter size-large is-resized\"><a href=\"https:\/\/www.plugandgo.es\/contacto\/\"><img loading=\"lazy\" decoding=\"async\" width=\"1024\" height=\"410\" src=\"https:\/\/www.plugandgo.es\/wp-content\/uploads\/2025\/08\/Ano-escolar-2026-27-en-Estados-Unidos-1024x410.png\" alt=\"\" class=\"wp-image-11321\" style=\"width:250px;height:auto\" srcset=\"https:\/\/www.plugandgo.es\/wp-content\/uploads\/2025\/08\/Ano-escolar-2026-27-en-Estados-Unidos-1024x410.png 1024w, https:\/\/www.plugandgo.es\/wp-content\/uploads\/2025\/08\/Ano-escolar-2026-27-en-Estados-Unidos-300x120.png 300w, https:\/\/www.plugandgo.es\/wp-content\/uploads\/2025\/08\/Ano-escolar-2026-27-en-Estados-Unidos-768x307.png 768w, https:\/\/www.plugandgo.es\/wp-content\/uploads\/2025\/08\/Ano-escolar-2026-27-en-Estados-Unidos-1536x615.png 1536w, https:\/\/www.plugandgo.es\/wp-content\/uploads\/2025\/08\/Ano-escolar-2026-27-en-Estados-Unidos-1030x412.png 1030w, https:\/\/www.plugandgo.es\/wp-content\/uploads\/2025\/08\/Ano-escolar-2026-27-en-Estados-Unidos-760x304.png 760w, https:\/\/www.plugandgo.es\/wp-content\/uploads\/2025\/08\/Ano-escolar-2026-27-en-Estados-Unidos.png 1624w\" sizes=\"(max-width: 1024px) 100vw, 1024px\" \/><\/a><\/figure>\n","protected":false},"excerpt":{"rendered":"<p>Hoy en d\u00eda, hablar de arquitectura corporativa va mucho m\u00e1s all\u00e1 de levantar edificios o dise\u00f1ar espacios funcionales. El verdadero valor est\u00e1 en crear proyectos con prop\u00f3sito e impacto, dos conceptos que se han convertido en ejes centrales de la arquitectura corporativa contempor\u00e1nea y que marcan la diferencia entre un simple inmueble y un espacio [&hellip;]<\/p>\n","protected":false},"author":2,"featured_media":11024,"comment_status":"open","ping_status":"open","sticky":false,"template":"","format":"standard","meta":{"footnotes":""},"categories":[131],"tags":[],"class_list":["post-11320","post","type-post","status-publish","format-standard","has-post-thumbnail","hentry","category-arquitectura"],"_links":{"self":[{"href":"https:\/\/www.plugandgo.es\/en\/wp-json\/wp\/v2\/posts\/11320","targetHints":{"allow":["GET"]}}],"collection":[{"href":"https:\/\/www.plugandgo.es\/en\/wp-json\/wp\/v2\/posts"}],"about":[{"href":"https:\/\/www.plugandgo.es\/en\/wp-json\/wp\/v2\/types\/post"}],"author":[{"embeddable":true,"href":"https:\/\/www.plugandgo.es\/en\/wp-json\/wp\/v2\/users\/2"}],"replies":[{"embeddable":true,"href":"https:\/\/www.plugandgo.es\/en\/wp-json\/wp\/v2\/comments?post=11320"}],"version-history":[{"count":2,"href":"https:\/\/www.plugandgo.es\/en\/wp-json\/wp\/v2\/posts\/11320\/revisions"}],"predecessor-version":[{"id":11323,"href":"https:\/\/www.plugandgo.es\/en\/wp-json\/wp\/v2\/posts\/11320\/revisions\/11323"}],"wp:featuredmedia":[{"embeddable":true,"href":"https:\/\/www.plugandgo.es\/en\/wp-json\/wp\/v2\/media\/11024"}],"wp:attachment":[{"href":"https:\/\/www.plugandgo.es\/en\/wp-json\/wp\/v2\/media?parent=11320"}],"wp:term":[{"taxonomy":"category","embeddable":true,"href":"https:\/\/www.plugandgo.es\/en\/wp-json\/wp\/v2\/categories?post=11320"},{"taxonomy":"post_tag","embeddable":true,"href":"https:\/\/www.plugandgo.es\/en\/wp-json\/wp\/v2\/tags?post=11320"}],"curies":[{"name":"wp","href":"https:\/\/api.w.org\/{rel}","templated":true}]}}