{"id":11329,"date":"2025-10-07T11:05:51","date_gmt":"2025-10-07T11:05:51","guid":{"rendered":"https:\/\/www.plugandgo.es\/?p=11329"},"modified":"2025-10-07T11:13:33","modified_gmt":"2025-10-07T11:13:33","slug":"espacios-ageless-diversidad-generacional","status":"publish","type":"post","link":"https:\/\/www.plugandgo.es\/en\/espacios-ageless-diversidad-generacional\/","title":{"rendered":"Espacios \"Ageless\": Dise\u00f1ando oficinas inclusivas para una plantilla multigeneracional"},"content":{"rendered":"\n<p>La oficina ya no alberga una cohorte homog\u00e9nea de trabajadores. Por ejemplo, por primera vez en la historia, hasta <strong>cinco generaciones<\/strong> \u2014desde los <em>Baby Boomers<\/em> hasta la Generaci\u00f3n Z\u2014 est\u00e1n convergiendo en un mismo entorno de trabajo. Este fen\u00f3meno demogr\u00e1fico no es solo un reto de gesti\u00f3n de talento, sino una directriz cr\u00edtica para la<strong> arquitectura corporativa<\/strong>.<\/p>\n\n\n\n<p>Para los profesionales de la arquitectura, esto exige una evoluci\u00f3n del concepto de &#8220;inclusividad&#8221;. Ya no se trata solo de accesibilidad f\u00edsica, sino de dise\u00f1ar un entorno que ofrezca <strong>equidad de experiencia<\/strong>, donde las necesidades ergon\u00f3micas, tecnol\u00f3gicas y de <em>confort<\/em> de un <em>Millennial<\/em> se satisfagan sin comprometer las de un <em>Baby Boomer<\/em>. Esto es el dise\u00f1o de <strong>Espacios &#8216;Ageless&#8217;<\/strong>, que tiene que poner el foco tanto en el \u00e1mbito f\u00edsico, como en el emocional y en el social de las personas, y que pone en valor una vez m\u00e1s el rol de la oficina como herramienta estrat\u00e9gica que impacta en Cultura y en Negocio.<\/p>\n\n\n\n<h2 class=\"wp-block-heading\"><strong>Espacios Ageless<\/strong>, <strong>el desaf\u00edo generacional en el dise\u00f1o ergon\u00f3mico<\/strong><\/h2>\n\n\n\n<p>Las distintas generaciones tienen requerimientos f\u00edsicos muy espec\u00edficos, a menudo derivados de a\u00f1os de h\u00e1bitos laborales dispares. Un dise\u00f1o verdaderamente <em>ageless<\/em> trasciende las soluciones de talla \u00fanica, adoptando un enfoque de <strong>elecci\u00f3n y adaptabilidad<\/strong>.<\/p>\n\n\n\n<p>Por ejemplo,<strong> el rango de altura:<\/strong> Mientras que las generaciones m\u00e1s j\u00f3venes pueden preferir <strong>mesas ajustables (<em>sit-stand<\/em>)<\/strong> para mantener la movilidad y contrarrestar el sedentarismo, los profesionales con m\u00e1s experiencia pueden requerir un mayor soporte lumbar y estabilidad.<\/p>\n\n\n\n<p>Integrar un <strong>ratio variable de mobiliario<\/strong> y asegurar que todas las mesas regulables ofrezcan un rango de altura que se acomode tanto a posiciones de sentado bajo (m\u00e1s c\u00f3modo para algunos <em>Boomers<\/em>) como a posiciones de pie alto (preferido por <em>Millennials<\/em> y Gen Z). La clave es la <strong>facilidad de ajuste<\/strong>. Los mecanismos deben ser intuitivos y accesibles para todos.<\/p>\n\n\n\n<figure class=\"wp-block-image aligncenter size-large is-resized\"><a href=\"https:\/\/www.plugandgo.es\/clientes\/rwe-2\/\" target=\"_blank\" rel=\" noreferrer noopener\"><img fetchpriority=\"high\" decoding=\"async\" width=\"1024\" height=\"683\" src=\"https:\/\/www.plugandgo.es\/wp-content\/uploads\/2023\/11\/20230614-Plaza-Catalunya-1-Barcelona-13-HQ-1024x683.jpg\" alt=\"oficinas como servicio post, oficinas de RWE en Brcelona\" class=\"wp-image-10281\" style=\"width:628px;height:auto\" srcset=\"https:\/\/www.plugandgo.es\/wp-content\/uploads\/2023\/11\/20230614-Plaza-Catalunya-1-Barcelona-13-HQ-1024x683.jpg 1024w, https:\/\/www.plugandgo.es\/wp-content\/uploads\/2023\/11\/20230614-Plaza-Catalunya-1-Barcelona-13-HQ-300x200.jpg 300w, https:\/\/www.plugandgo.es\/wp-content\/uploads\/2023\/11\/20230614-Plaza-Catalunya-1-Barcelona-13-HQ-768x512.jpg 768w, https:\/\/www.plugandgo.es\/wp-content\/uploads\/2023\/11\/20230614-Plaza-Catalunya-1-Barcelona-13-HQ-1536x1024.jpg 1536w, https:\/\/www.plugandgo.es\/wp-content\/uploads\/2023\/11\/20230614-Plaza-Catalunya-1-Barcelona-13-HQ-2048x1365.jpg 2048w, https:\/\/www.plugandgo.es\/wp-content\/uploads\/2023\/11\/20230614-Plaza-Catalunya-1-Barcelona-13-HQ-1030x687.jpg 1030w, https:\/\/www.plugandgo.es\/wp-content\/uploads\/2023\/11\/20230614-Plaza-Catalunya-1-Barcelona-13-HQ-760x507.jpg 760w\" sizes=\"(max-width: 1024px) 100vw, 1024px\" \/><\/a><figcaption class=\"wp-element-caption\"><a href=\"https:\/\/www.plugandgo.es\/clientes\/rwe-2\/\">Oficinas de RWE &#8211; Proyecto plug&amp;go.<\/a> <a href=\"https:\/\/www.plugandgo.es\/clientes\/rwe-2\/\">Ver proyecto.<\/a><\/figcaption><\/figure>\n\n\n\n<h3 class=\"wp-block-heading\"><strong>Iluminaci\u00f3n como herramienta de confort<\/strong><\/h3>\n\n\n\n<p><strong>La presbicia y el contraste:<\/strong> La capacidad visual disminuye con la edad, requiriendo mayor contraste y niveles de iluminaci\u00f3n. Un nivel de luz \u00f3ptimo para un joven puede ser insuficiente o incluso fatigante para un colega mayor.<\/p>\n\n\n\n<p>Implementar sistemas de <strong>iluminaci\u00f3n circadiana y zonal<\/strong>, es una opci\u00f3n. Esto permite a los usuarios <strong>controlar de forma individual<\/strong> la intensidad y la temperatura del color en sus \u00e1reas de trabajo directas. Adem\u00e1s, el dise\u00f1o debe maximizar la <strong>luz natural difusa<\/strong>, evitando el deslumbramiento, que afecta a todas las edades, pero es particularmente molesto para ojos maduros.<\/p>\n\n\n\n<h3 class=\"wp-block-heading\"><strong>La convivencia tecnol\u00f3gica<\/strong><\/h3>\n\n\n\n<p>El dise\u00f1o <em>ageless<\/em> debe ser un puente entre la familiaridad de los sistemas tradicionales y la integraci\u00f3n de la tecnolog\u00eda de vanguardia. Las brechas generacionales en la adopci\u00f3n tecnol\u00f3gica no pueden ser ignoradas, especialmente ahora con la irrupci\u00f3n de la IA.<\/p>\n\n\n\n<figure class=\"wp-block-image aligncenter size-large is-resized\"><a href=\"https:\/\/www.plugandgo.es\/clientes\/colonial\/\" target=\"_blank\" rel=\" noreferrer noopener\"><img decoding=\"async\" width=\"1024\" height=\"683\" src=\"https:\/\/www.plugandgo.es\/wp-content\/uploads\/2025\/03\/20240611-Llull-331-Barcelona-47-HQ-1024x683.jpg\" alt=\"\" class=\"wp-image-11161\" style=\"width:612px;height:auto\" srcset=\"https:\/\/www.plugandgo.es\/wp-content\/uploads\/2025\/03\/20240611-Llull-331-Barcelona-47-HQ-1024x683.jpg 1024w, https:\/\/www.plugandgo.es\/wp-content\/uploads\/2025\/03\/20240611-Llull-331-Barcelona-47-HQ-300x200.jpg 300w, https:\/\/www.plugandgo.es\/wp-content\/uploads\/2025\/03\/20240611-Llull-331-Barcelona-47-HQ-768x512.jpg 768w, https:\/\/www.plugandgo.es\/wp-content\/uploads\/2025\/03\/20240611-Llull-331-Barcelona-47-HQ-1536x1024.jpg 1536w, https:\/\/www.plugandgo.es\/wp-content\/uploads\/2025\/03\/20240611-Llull-331-Barcelona-47-HQ-2048x1365.jpg 2048w, https:\/\/www.plugandgo.es\/wp-content\/uploads\/2025\/03\/20240611-Llull-331-Barcelona-47-HQ-1030x687.jpg 1030w, https:\/\/www.plugandgo.es\/wp-content\/uploads\/2025\/03\/20240611-Llull-331-Barcelona-47-HQ-760x507.jpg 760w\" sizes=\"(max-width: 1024px) 100vw, 1024px\" \/><\/a><figcaption class=\"wp-element-caption\">Edificio Lull 331, Barcelona &#8211; Proyecto plug&amp;go. <a href=\"https:\/\/www.plugandgo.es\/clientes\/colonial\/\">Ver proyecto.<\/a><\/figcaption><\/figure>\n\n\n\n<p><strong>Simplicidad vs. potencia:<\/strong> La Generaci\u00f3n Z espera una configuraci\u00f3n instant\u00e1nea (<em>plug-and-play<\/em>). Los <em>Boomers<\/em> y Gen X pueden preferir sistemas con controles claros, f\u00edsicos o de pantalla t\u00e1ctil sencilla, y una conectividad fiable por cable.<\/p>\n\n\n\n<p>Soluci\u00f3n arquitect\u00f3nica, entre otras: Dise\u00f1ar <strong>salas de colaboraci\u00f3n duales<\/strong>. Equipar por ejemplo estas salas con <strong>tecnolog\u00eda de videoconferencia de un solo toque<\/strong>, pero tambi\u00e9n con puertos de conexi\u00f3n claramente etiquetados (HDMI, USB-C). Es fundamental que la ac\u00fastica sea impecable para garantizar la claridad en la comunicaci\u00f3n remota, un punto cr\u00edtico para todos, pero esencial para aquellos con posibles p\u00e9rdidas auditivas.<\/p>\n\n\n\n<p><strong>Visibilidad y comodidad:<\/strong> Mientras que los j\u00f3venes utilizan carga inal\u00e1mbrica y dependen del USB-C, las generaciones mayores pueden necesitar tomas de corriente tradicionales para dispositivos m\u00e1s antiguos o incluso accesorios m\u00e9dicos.<\/p>\n\n\n\n<p>Algunas opciones: Asegurar la <strong>abundancia de puntos de energ\u00eda y carga<\/strong> distribuidos a <strong>alturas c\u00f3modas<\/strong>. Integrar <strong>bases de carga inal\u00e1mbrica<\/strong> en mesas y encimeras, pero tambi\u00e9n tomas de corriente est\u00e1ndar accesibles y visibles.<\/p>\n\n\n\n<h2 class=\"wp-block-heading\"><strong> <strong>Espacios Ageless<\/strong>, dise\u00f1ando el bienestar<\/strong><\/h2>\n\n\n\n<p>El dise\u00f1o de oficinas debe ir m\u00e1s all\u00e1 de lo f\u00edsico, abordando el <em>confort<\/em> sensorial y social que son percibidos de manera diferente por cada generaci\u00f3n. La clave es el <strong>dise\u00f1o de zonificaci\u00f3n<\/strong>.<\/p>\n\n\n\n<p><\/p>\n\n\n\n<p>El <em>open plan<\/em> puede ser una fuente de distracci\u00f3n y estr\u00e9s para cualquier edad, pero aquellos que valoran el silencio para la concentraci\u00f3n profunda (<em>deep work<\/em>) (a menudo generaciones mayores) lo sufren especialmente. Los <em>Millennials<\/em> y la Gen Z, en cambio, a veces prosperan en un zumbido controlado.<\/p>\n\n\n\n<figure class=\"wp-block-image aligncenter size-large is-resized\"><a href=\"https:\/\/www.plugandgo.es\/clientes\/oxford\/\" target=\"_blank\" rel=\" noreferrer noopener\"><img decoding=\"async\" width=\"1024\" height=\"683\" src=\"https:\/\/www.plugandgo.es\/wp-content\/uploads\/2023\/05\/oxford-b-1024x683.jpg\" alt=\"\" class=\"wp-image-9193\" style=\"width:636px;height:auto\" srcset=\"https:\/\/www.plugandgo.es\/wp-content\/uploads\/2023\/05\/oxford-b-1024x683.jpg 1024w, https:\/\/www.plugandgo.es\/wp-content\/uploads\/2023\/05\/oxford-b-760x507.jpg 760w, https:\/\/www.plugandgo.es\/wp-content\/uploads\/2023\/05\/oxford-b-1030x686.jpg 1030w, https:\/\/www.plugandgo.es\/wp-content\/uploads\/2023\/05\/oxford-b-300x200.jpg 300w, https:\/\/www.plugandgo.es\/wp-content\/uploads\/2023\/05\/oxford-b-768x512.jpg 768w, https:\/\/www.plugandgo.es\/wp-content\/uploads\/2023\/05\/oxford-b-1536x1024.jpg 1536w, https:\/\/www.plugandgo.es\/wp-content\/uploads\/2023\/05\/oxford-b.jpg 2048w\" sizes=\"(max-width: 1024px) 100vw, 1024px\" \/><\/a><figcaption class=\"wp-element-caption\">Oficinas Oxford University Press &#8211; Proyecto plug&amp;go. <a href=\"https:\/\/www.plugandgo.es\/clientes\/oxford\/\">Ver proyecto<\/a>.<\/figcaption><\/figure>\n\n\n\n<p>Soluci\u00f3n arquitect\u00f3nica: Abandonar el <em>open plan<\/em> monol\u00edtico y sustituirlo por una <strong>matriz de espacios con perfiles ac\u00fasticos definidos<\/strong>:<\/p>\n\n\n\n<ul class=\"wp-block-list\">\n<li><strong>Zonas de concentraci\u00f3n:<\/strong> Cabinas insonorizadas, bibliotecas silenciosas&#8230;<\/li>\n\n\n\n<li><strong>Zonas de colaboraci\u00f3n:<\/strong> \u00c1reas abiertas con materiales ac\u00fasticos de alta absorci\u00f3n (moquetas, paneles, techos).<\/li>\n\n\n\n<li><strong>Zonas de transici\u00f3n (<em>buffer zones<\/em>):<\/strong> Peque\u00f1os salones o <em>hubs<\/em> que act\u00faan como &#8220;filtros&#8221; entre el ruido y el silencio.<\/li>\n<\/ul>\n\n\n\n<h4 class=\"wp-block-heading\"><strong> Biofilia y materialidad<\/strong><\/h4>\n\n\n\n<p><strong>Conexi\u00f3n y calidez:<\/strong> La inclusi\u00f3n de <strong>elementos biof\u00edlicos<\/strong> (plantas, luz natural, vistas) y el uso de <strong>materiales naturales y texturizados<\/strong> (madera, piedra) es universalmente beneficioso. Estos elementos reducen el estr\u00e9s y aumentan el sentido de pertenencia.<\/p>\n\n\n\n<p>Garantizar que cada zona de la oficina tenga acceso a la biofilia, ya sea a trav\u00e9s de jardines interiores, paredes vivas o simplemente la proximidad a una ventana, siempre es aconsejable para cualquier generaci\u00f3n, y en esto coinciden todas. <\/p>\n\n\n\n<figure class=\"wp-block-image aligncenter size-full is-resized\"><a href=\"https:\/\/www.plugandgo.es\/clientes\/konica-minolta\/\" target=\"_blank\" rel=\" noreferrer noopener\"><img loading=\"lazy\" decoding=\"async\" width=\"1000\" height=\"667\" src=\"https:\/\/www.plugandgo.es\/wp-content\/uploads\/2020\/02\/konica-minolta-05.jpg\" alt=\"dise\u00f1o biof\u00edlico\" class=\"wp-image-4426\" style=\"width:648px;height:auto\" srcset=\"https:\/\/www.plugandgo.es\/wp-content\/uploads\/2020\/02\/konica-minolta-05.jpg 1000w, https:\/\/www.plugandgo.es\/wp-content\/uploads\/2020\/02\/konica-minolta-05-760x507.jpg 760w, https:\/\/www.plugandgo.es\/wp-content\/uploads\/2020\/02\/konica-minolta-05-300x200.jpg 300w, https:\/\/www.plugandgo.es\/wp-content\/uploads\/2020\/02\/konica-minolta-05-768x512.jpg 768w\" sizes=\"(max-width: 1000px) 100vw, 1000px\" \/><\/a><figcaption class=\"wp-element-caption\">Oficinas de K\u00f3nica Minolta &#8211; Proyecto de plug&amp;go. <a href=\"https:\/\/www.plugandgo.es\/clientes\/konica-minolta\/\">Ver proyecto.<\/a><\/figcaption><\/figure>\n\n\n\n<h3 class=\"wp-block-heading\">Beneficios del dise\u00f1o de espacios Ageless<\/h3>\n\n\n\n<p>El dise\u00f1o de espacios &#8216;Ageless&#8217; no es un a\u00f1adido, sino una <strong>inversi\u00f3n estrat\u00e9gica<\/strong>. Las empresas con una plantilla multigeneracional son, por naturaleza, m\u00e1s innovadoras y resilientes. Al dise\u00f1ar una oficina que considera activamente las distintas etapas de una carrera profesional \u2014desde la necesidad de <em>hubs<\/em> sociales para la Gen Z hasta el soporte ergon\u00f3mico para el <em>Boomer<\/em>\u2014, los profesionales de la arquitectura corporativa no solo estamos creando un entorno m\u00e1s c\u00f3modo, sino que estamos:<\/p>\n\n\n\n<ol start=\"1\" class=\"wp-block-list\">\n<li><strong>Maximizando la productividad<\/strong> al adecuar el entorno a la tarea y al usuario.<\/li>\n\n\n\n<li><strong>Fomentando la transferencia de conocimiento<\/strong> al crear espacios sociales inclusivos.<\/li>\n\n\n\n<li><strong>Reforzando la marca empleadora<\/strong> al demostrar un compromiso tangible con el bienestar de cada miembro del equipo.<\/li>\n<\/ol>\n\n\n\n<p>La arquitectura corporativa del futuro ser\u00e1 la arquitectura de la equidad. \u00bfC\u00f3mo estamos integrando la variable generacional en nuestro pr\u00f3ximo <em>brief<\/em> de dise\u00f1o?<\/p>\n\n\n\n<p><\/p>\n","protected":false},"excerpt":{"rendered":"<p>La oficina ya no alberga una cohorte homog\u00e9nea de trabajadores. Por ejemplo, por primera vez en la historia, hasta cinco generaciones \u2014desde los Baby Boomers hasta la Generaci\u00f3n Z\u2014 est\u00e1n convergiendo en un mismo entorno de trabajo. Este fen\u00f3meno demogr\u00e1fico no es solo un reto de gesti\u00f3n de talento, sino una directriz cr\u00edtica para la [&hellip;]<\/p>\n","protected":false},"author":2,"featured_media":8893,"comment_status":"open","ping_status":"open","sticky":false,"template":"","format":"standard","meta":{"footnotes":""},"categories":[131],"tags":[],"class_list":["post-11329","post","type-post","status-publish","format-standard","has-post-thumbnail","hentry","category-arquitectura"],"_links":{"self":[{"href":"https:\/\/www.plugandgo.es\/en\/wp-json\/wp\/v2\/posts\/11329","targetHints":{"allow":["GET"]}}],"collection":[{"href":"https:\/\/www.plugandgo.es\/en\/wp-json\/wp\/v2\/posts"}],"about":[{"href":"https:\/\/www.plugandgo.es\/en\/wp-json\/wp\/v2\/types\/post"}],"author":[{"embeddable":true,"href":"https:\/\/www.plugandgo.es\/en\/wp-json\/wp\/v2\/users\/2"}],"replies":[{"embeddable":true,"href":"https:\/\/www.plugandgo.es\/en\/wp-json\/wp\/v2\/comments?post=11329"}],"version-history":[{"count":3,"href":"https:\/\/www.plugandgo.es\/en\/wp-json\/wp\/v2\/posts\/11329\/revisions"}],"predecessor-version":[{"id":11333,"href":"https:\/\/www.plugandgo.es\/en\/wp-json\/wp\/v2\/posts\/11329\/revisions\/11333"}],"wp:featuredmedia":[{"embeddable":true,"href":"https:\/\/www.plugandgo.es\/en\/wp-json\/wp\/v2\/media\/8893"}],"wp:attachment":[{"href":"https:\/\/www.plugandgo.es\/en\/wp-json\/wp\/v2\/media?parent=11329"}],"wp:term":[{"taxonomy":"category","embeddable":true,"href":"https:\/\/www.plugandgo.es\/en\/wp-json\/wp\/v2\/categories?post=11329"},{"taxonomy":"post_tag","embeddable":true,"href":"https:\/\/www.plugandgo.es\/en\/wp-json\/wp\/v2\/tags?post=11329"}],"curies":[{"name":"wp","href":"https:\/\/api.w.org\/{rel}","templated":true}]}}