{"id":11446,"date":"2025-11-20T15:13:21","date_gmt":"2025-11-20T15:13:21","guid":{"rendered":"https:\/\/www.plugandgo.es\/?p=11446"},"modified":"2025-11-20T15:13:23","modified_gmt":"2025-11-20T15:13:23","slug":"borradreimaginando-el-futuro-del-trabajo","status":"publish","type":"post","link":"https:\/\/www.plugandgo.es\/en\/borradreimaginando-el-futuro-del-trabajo\/","title":{"rendered":"Reimaginando el futuro del trabajo... y sus espacios"},"content":{"rendered":"\n<p>La transformaci\u00f3n del trabajo avanza m\u00e1s r\u00e1pido que la mayor\u00eda de las organizaciones. La irrupci\u00f3n de nuevas tecnolog\u00edas, la automatizaci\u00f3n, la inteligencia artificial, la flexibilidad laboral y las nuevas expectativas de los profesionales han desdibujado por completo el modelo tradicional de empleo. Hoy, <strong>las empresas que prosperan no son las m\u00e1s grandes ni las m\u00e1s antiguas, sino las que mejor reimaginan c\u00f3mo, d\u00f3nde y para qu\u00e9 trabajan sus equipos<\/strong>.<\/p>\n\n\n\n<p>Reimaginar el futuro del trabajo no significa simplemente adoptar el teletrabajo, implantar herramientas digitales o colocar futbolines en las oficinas. Significa repensar el prop\u00f3sito laboral, la experiencia del empleado, la cultura interna y la manera en que las personas crean valor. Significa entender que <strong>la productividad no se mide por horas, sino por impacto; que el talento ya no se retiene con salario, sino con sentido; y que la innovaci\u00f3n no surge de procesos r\u00edgidos, sino de entornos que permiten aprender, equivocarse y avanzar<\/strong>.<\/p>\n\n\n\n<p>Las estructuras jer\u00e1rquicas est\u00e1n dando paso a modelos m\u00e1s \u00e1giles y colaborativos. Los equipos ya no se definen por ubicaci\u00f3n, sino por proyectos. El liderazgo deja de ser control para convertirse en acompa\u00f1amiento. Y la comunicaci\u00f3n interna, tradicionalmente relegada, se convierte hoy en un motor esencial para cohesionar, inspirar y movilizar a una fuerza laboral m\u00e1s diversa, m\u00e1s distribuida y m\u00e1s exigente.<\/p>\n\n\n\n<figure class=\"wp-block-image size-large\"><a href=\"https:\/\/www.plugandgo.es\/clientes\/hipoges\/\"><img fetchpriority=\"high\" decoding=\"async\" width=\"1024\" height=\"683\" src=\"https:\/\/www.plugandgo.es\/wp-content\/uploads\/2023\/05\/Hipoges-0050-1024x683.jpg\" alt=\"\" class=\"wp-image-10652\" srcset=\"https:\/\/www.plugandgo.es\/wp-content\/uploads\/2023\/05\/Hipoges-0050-1024x683.jpg 1024w, https:\/\/www.plugandgo.es\/wp-content\/uploads\/2023\/05\/Hipoges-0050-300x200.jpg 300w, https:\/\/www.plugandgo.es\/wp-content\/uploads\/2023\/05\/Hipoges-0050-768x512.jpg 768w, https:\/\/www.plugandgo.es\/wp-content\/uploads\/2023\/05\/Hipoges-0050-1536x1024.jpg 1536w, https:\/\/www.plugandgo.es\/wp-content\/uploads\/2023\/05\/Hipoges-0050-2048x1365.jpg 2048w, https:\/\/www.plugandgo.es\/wp-content\/uploads\/2023\/05\/Hipoges-0050-1030x687.jpg 1030w, https:\/\/www.plugandgo.es\/wp-content\/uploads\/2023\/05\/Hipoges-0050-760x507.jpg 760w\" sizes=\"(max-width: 1024px) 100vw, 1024px\" \/><\/a><figcaption class=\"wp-element-caption\"><a href=\"https:\/\/www.plugandgo.es\/clientes\/hipoges\/\">Oficinas de Hipog\u00e9s &#8211; proyecto plug&amp;go. Ver proyecto.<\/a><\/figcaption><\/figure>\n\n\n\n<h2 class=\"wp-block-heading\">El futuro del trabajo es experiencial<\/h2>\n\n\n\n<p>En este nuevo escenario, las organizaciones tienen la oportunidad \u2014y la responsabilidad\u2014 de <strong>dise\u00f1ar experiencias laborales m\u00e1s humanas, m\u00e1s inteligentes y m\u00e1s alineadas con el valor real que generan<\/strong>. Desde nuevas formas de medir el rendimiento hasta estrategias para fortalecer la cultura en entornos h\u00edbridos, pasando por programas de bienestar integrales o sistemas de aprendizaje continuo, el futuro del trabajo exige visi\u00f3n, estrategia y un compromiso inequ\u00edvoco con las personas.<\/p>\n\n\n\n<p>Reimaginar el futuro del trabajo es entender que no estamos ante un cambio temporal, sino <strong>ante una transformaci\u00f3n estructural<\/strong>. Y quienes la abracen con valent\u00eda no solo atraer\u00e1n al mejor talento, sino que crear\u00e1n organizaciones m\u00e1s resilientes, m\u00e1s innovadoras y m\u00e1s preparadas para un ma\u00f1ana que ya est\u00e1 aqu\u00ed.<\/p>\n\n\n\n<h3 class=\"wp-block-heading\">Reimaginar el futuro del trabajo, una transformaci\u00f3n estructural<\/h3>\n\n\n\n<p>Esta transformaci\u00f3n que redefine no solo c\u00f3mo trabajamos, sino <strong>d\u00f3nde<\/strong> trabajamos y <strong>qu\u00e9 papel juega el espacio<\/strong> en la cultura, el desempe\u00f1o y el bienestar de las personas. En este nuevo paradigma, las oficinas dejan de ser meros lugares de presencia f\u00edsica para convertirse en <strong>ecosistemas estrat\u00e9gicos<\/strong> que fomentan la colaboraci\u00f3n, la creatividad y la identidad corporativa. <\/p>\n\n\n\n<figure class=\"wp-block-image size-large\"><a href=\"https:\/\/www.plugandgo.es\/clientes\/miele\/\"><img decoding=\"async\" width=\"1024\" height=\"683\" src=\"https:\/\/www.plugandgo.es\/wp-content\/uploads\/2025\/01\/1_ESPACIO-FLEX-1024x683.jpg\" alt=\"cabecera post arquitectura corporativa con prop\u00f3sito\" class=\"wp-image-11024\" srcset=\"https:\/\/www.plugandgo.es\/wp-content\/uploads\/2025\/01\/1_ESPACIO-FLEX-1024x683.jpg 1024w, https:\/\/www.plugandgo.es\/wp-content\/uploads\/2025\/01\/1_ESPACIO-FLEX-300x200.jpg 300w, https:\/\/www.plugandgo.es\/wp-content\/uploads\/2025\/01\/1_ESPACIO-FLEX-768x512.jpg 768w, https:\/\/www.plugandgo.es\/wp-content\/uploads\/2025\/01\/1_ESPACIO-FLEX-1536x1024.jpg 1536w, https:\/\/www.plugandgo.es\/wp-content\/uploads\/2025\/01\/1_ESPACIO-FLEX-2048x1365.jpg 2048w, https:\/\/www.plugandgo.es\/wp-content\/uploads\/2025\/01\/1_ESPACIO-FLEX-1030x687.jpg 1030w, https:\/\/www.plugandgo.es\/wp-content\/uploads\/2025\/01\/1_ESPACIO-FLEX-760x507.jpg 760w\" sizes=\"(max-width: 1024px) 100vw, 1024px\" \/><\/a><figcaption class=\"wp-element-caption\">Oficinas de Mieles &#8211; proyecto de plug&amp;go. Ver proyecto.<\/figcaption><\/figure>\n\n\n\n<p>El dise\u00f1o del espacio ya no es una cuesti\u00f3n est\u00e9tica, sino un elemento cr\u00edtico de la experiencia del empleado: influye en la productividad, en la conexi\u00f3n emocional con la marca y en la capacidad de una organizaci\u00f3n para atraer y retener talento. En un entorno h\u00edbrido, flexible y digital, <strong>el espacio de trabajo se convierte en una herramienta de gesti\u00f3n<\/strong>, un punto de encuentro que debe inspirar, alinear y potenciar el prop\u00f3sito de la organizaci\u00f3n. Por eso, reimaginar el futuro del trabajo implica tambi\u00e9n <strong>reimaginar los lugares en los que ese trabajo sucede<\/strong>, dise\u00f1\u00e1ndolos de forma intencional para responder a la nueva realidad laboral y a las expectativas de las personas que la conforman.<\/p>\n\n\n\n<p>El dise\u00f1o del entorno laboral \u2014f\u00edsico, digital e h\u00edbrido\u2014 se convierte en un componente cr\u00edtico dentro de la arquitectura organizativa. No se trata solo de habilitar oficinas funcionales, sino de <strong>construir infraestructuras experienciales<\/strong> que faciliten la colaboraci\u00f3n interfuncional, la agilidad, la innovaci\u00f3n, la flexibilidad y el aprendizaje continuo. Los espacios deben responder a criterios de ergonom\u00eda cognitiva, bienestar integrado, gesti\u00f3n del flujo de informaci\u00f3n, gesti\u00f3n del talento, diversidad, IA, flexibilidad, accesibilidad&#8230; aline\u00e1ndose con los objetivos estrat\u00e9gicos de talento y con los nuevos comportamientos que la organizaci\u00f3n necesita activar.<\/p>\n\n\n\n<p>En esta nueva realidad, <strong>el espacio es una herramienta de gesti\u00f3n del cambio<\/strong>, un mecanismo para reforzar la cultura, reducir fricciones operativas y potenciar el sentido de pertenencia en equipos distribuidos. Reimaginar el futuro del trabajo implica, por tanto, redefinir tambi\u00e9n el entorno donde este trabajo ocurre: dise\u00f1arlo de forma intencional, basada en datos, con criterios de usabilidad, flexibilidad, prop\u00f3sito organizativo y buscando los por qu\u00e9s&#8230; Solo as\u00ed las compa\u00f1\u00edas podr\u00e1n asegurar que su infraestructura laboral est\u00e1 preparada para sostener la transformaci\u00f3n y escalar sus nuevos modelos de funcionamiento.<\/p>\n","protected":false},"excerpt":{"rendered":"<p>La transformaci\u00f3n del trabajo avanza m\u00e1s r\u00e1pido que la mayor\u00eda de las organizaciones. La irrupci\u00f3n de nuevas tecnolog\u00edas, la automatizaci\u00f3n, la inteligencia artificial, la flexibilidad laboral y las nuevas expectativas de los profesionales han desdibujado por completo el modelo tradicional de empleo. Hoy, las empresas que prosperan no son las m\u00e1s grandes ni las m\u00e1s [&hellip;]<\/p>\n","protected":false},"author":2,"featured_media":11450,"comment_status":"open","ping_status":"open","sticky":false,"template":"","format":"standard","meta":{"footnotes":""},"categories":[131],"tags":[159],"class_list":["post-11446","post","type-post","status-publish","format-standard","has-post-thumbnail","hentry","category-arquitectura","tag-el-futuro-del-trabajo"],"_links":{"self":[{"href":"https:\/\/www.plugandgo.es\/en\/wp-json\/wp\/v2\/posts\/11446","targetHints":{"allow":["GET"]}}],"collection":[{"href":"https:\/\/www.plugandgo.es\/en\/wp-json\/wp\/v2\/posts"}],"about":[{"href":"https:\/\/www.plugandgo.es\/en\/wp-json\/wp\/v2\/types\/post"}],"author":[{"embeddable":true,"href":"https:\/\/www.plugandgo.es\/en\/wp-json\/wp\/v2\/users\/2"}],"replies":[{"embeddable":true,"href":"https:\/\/www.plugandgo.es\/en\/wp-json\/wp\/v2\/comments?post=11446"}],"version-history":[{"count":1,"href":"https:\/\/www.plugandgo.es\/en\/wp-json\/wp\/v2\/posts\/11446\/revisions"}],"predecessor-version":[{"id":11451,"href":"https:\/\/www.plugandgo.es\/en\/wp-json\/wp\/v2\/posts\/11446\/revisions\/11451"}],"wp:featuredmedia":[{"embeddable":true,"href":"https:\/\/www.plugandgo.es\/en\/wp-json\/wp\/v2\/media\/11450"}],"wp:attachment":[{"href":"https:\/\/www.plugandgo.es\/en\/wp-json\/wp\/v2\/media?parent=11446"}],"wp:term":[{"taxonomy":"category","embeddable":true,"href":"https:\/\/www.plugandgo.es\/en\/wp-json\/wp\/v2\/categories?post=11446"},{"taxonomy":"post_tag","embeddable":true,"href":"https:\/\/www.plugandgo.es\/en\/wp-json\/wp\/v2\/tags?post=11446"}],"curies":[{"name":"wp","href":"https:\/\/api.w.org\/{rel}","templated":true}]}}