{"id":11900,"date":"2026-03-14T18:58:25","date_gmt":"2026-03-14T18:58:25","guid":{"rendered":"https:\/\/www.plugandgo.es\/?p=11900"},"modified":"2026-03-24T17:06:04","modified_gmt":"2026-03-24T17:06:04","slug":"lugares-de-trabajo-preparados-para-la-ia","status":"publish","type":"post","link":"https:\/\/www.plugandgo.es\/en\/lugares-de-trabajo-preparados-para-la-ia\/","title":{"rendered":"Dise\u00f1ar lugares de trabajo preparados para la IA, nuevo book de plug&go"},"content":{"rendered":"<p data-start=\"0\" data-end=\"332\">plug&amp;go ha publicado <a href=\"https:\/\/mailchi.mp\/a923ab2d22ae\/6i2jj2sz2x\" target=\"_blank\" rel=\"noopener\"><strong>un nuevo book<\/strong> <\/a>en el que re\u00fane una selecci\u00f3n de diez de sus proyectos m\u00e1s recientes de dise\u00f1o de espacios de trabajo. El libro gira en torno a una pregunta que hoy resulta clave para arquitectos, empresas y dise\u00f1adores de workplace: <strong data-start=\"253\" data-end=\"331\">c\u00f3mo dise\u00f1ar lugares de trabajo preparados para la IA<\/strong>.<\/p>\n<h4 style=\"text-align: left;\" data-start=\"0\" data-end=\"332\"><a href=\"https:\/\/mailchi.mp\/a923ab2d22ae\/6i2jj2sz2x\" target=\"_blank\" rel=\"noopener\"><strong>Descarga el ebook Lugares de trabajo preparados para la IA. <img fetchpriority=\"high\" decoding=\"async\" class=\"alignleft wp-image-11843 size-medium\" src=\"https:\/\/www.plugandgo.es\/wp-content\/uploads\/2026\/02\/portada-212x300.png\" alt=\"book Lugares de trabajo preparados para la IA\" width=\"212\" height=\"300\" srcset=\"https:\/\/www.plugandgo.es\/wp-content\/uploads\/2026\/02\/portada-212x300.png 212w, https:\/\/www.plugandgo.es\/wp-content\/uploads\/2026\/02\/portada.png 662w\" sizes=\"(max-width: 212px) 100vw, 212px\" \/><\/strong><\/a><\/h4>\n<p data-start=\"334\" data-end=\"695\">En la introducci\u00f3n del book Lugares de trabajo preparados para la IA, el estudio reflexiona sobre el contexto actual en el que se dise\u00f1an las oficinas. Nos enfrentamos a un gran desaf\u00edo cuando se trata de dise\u00f1ar lugares de trabajo. Parece que los t\u00e9rminos se acu\u00f1an r\u00e1pidamente -como modas- y aparecen otros nuevos: inclusivo, accesible, sostenible, h\u00edbrido, equitativo, din\u00e1mico, flexible, saludable\u2026<\/p>\n<p data-start=\"697\" data-end=\"867\">Hoy, cuando pensamos en los espacios de trabajo, solo viene a la mente una frase del escritor Leonhard Woody: <strong>\u201cEl trabajo es algo que haces, no un destino al que viajas\u201d.<\/strong><\/p>\n<p data-start=\"869\" data-end=\"1143\">Y, en efecto, durante la revoluci\u00f3n industrial, el trabajo era ese lugar al que se viajaba (la f\u00e1brica). M\u00e1s tarde, y de forma muy acelerada por la Covid-19, el trabajo pudo realizarse en cualquier lugar, pero, sobre todo, el trabajo tambi\u00e9n pas\u00f3 a tener un espacio digital.<\/p>\n<p data-start=\"1145\" data-end=\"1441\">La oficina difusa, en contraposici\u00f3n a la oficina tradicional y posteriormente a la oficina flexible, ya est\u00e1 establecida entre nosotros, a pesar de los numerosos art\u00edculos que leemos sobre grandes corporaciones que exigen -m\u00e1s que invitan- la reincorporaci\u00f3n a tiempo completo al espacio f\u00edsico.<\/p>\n<p data-start=\"1443\" data-end=\"1758\">Pero vayamos m\u00e1s all\u00e1: el t\u00e9rmino \u201cpersona\u201d, que tanto nos ha inspirado a la hora de dise\u00f1ar, tambi\u00e9n cambiar\u00e1 con la IA, poniendo patas arriba ese otro concepto: \u201cla persona en el centro\u201d. Porque \u201cpersona\u201d, frente a \u201chumano\u201d, es un t\u00e9rmino jur\u00eddico que tiene m\u00e1s que ver con la responsabilidad que con la biolog\u00eda.<\/p>\n<p data-start=\"1760\" data-end=\"2178\">En plug&amp;go, mientras reflexiona\u00e1bamos internamente sobre c\u00f3mo la <strong>inteligencia artificial exige dise\u00f1ar espacios de trabajo preparados para aprovechar esta nueva revoluci\u00f3n<\/strong> -la cuarta revoluci\u00f3n tecnol\u00f3gica-, surgi\u00f3 la oportunidad de trabajar con una empresa internacional integradora de tecnolog\u00eda para sus nuevas oficinas en Madrid, dedicada precisamente a ayudar a otras compa\u00f1\u00edas a adaptarse a esta nueva era de la IA.<\/p>\n<p data-start=\"2180\" data-end=\"2400\">Este proyecto, que forma parte del book, se convirti\u00f3 as\u00ed en un caso pr\u00e1ctico sobre c\u00f3mo crear un espacio de trabajo capaz de aprovechar la tecnolog\u00eda e integrar la inteligencia artificial en su funcionamiento cotidiano.<\/p>\n<p data-start=\"2402\" data-end=\"2687\">Para desarrollarlo, el equipo comenz\u00f3 organizando una serie de workshops en los que se definieron objetivos t\u00e1cticos y estrat\u00e9gicos. El cliente ya trabajaba con un modelo h\u00edbrido, pero quer\u00eda ir un paso m\u00e1s all\u00e1 y utilizar su propia experiencia para crear un nuevo concepto de oficina.<\/p>\n<p data-start=\"2689\" data-end=\"2919\" data-is-last-node=\"\" data-is-only-node=\"\">El objetivo era dise\u00f1ar un espacio abierto a m\u00faltiples usuarios y din\u00e1micas: clientes, partners, equipos internacionales y equipos locales, un lugar capaz de funcionar como plataforma de colaboraci\u00f3n en esta nueva era del trabajo. M\u00e1s sobre este proyecto, en el ebook <strong>Artificial Intelligence &#8211; Ready Workplaces. <a href=\"https:\/\/mailchi.mp\/a923ab2d22ae\/6i2jj2sz2x\" target=\"_blank\" rel=\"noopener\">Descargar en este enlace.<\/a><\/strong><\/p>\n<h2 data-start=\"2689\" data-end=\"2919\">Lugares de trabajo preparados para la IA<\/h2>\n<p data-start=\"2920\" data-end=\"3132\">A partir de este proyecto y de los dem\u00e1s casos incluidos en el book, plug&amp;go resume algunos de los aprendizajes clave sobre c\u00f3mo la inteligencia artificial est\u00e1 transformando el dise\u00f1o de los espacios de trabajo.<\/p>\n<p data-start=\"3134\" data-end=\"3539\">En primer lugar, <strong data-start=\"3151\" data-end=\"3216\">la interacci\u00f3n por voz cambia la forma de utilizar la oficina<\/strong>. En los entornos donde los asistentes de IA se activan por voz, las personas hablan m\u00e1s con la tecnolog\u00eda y entre s\u00ed. Esto convierte la ac\u00fastica en un elemento fundamental del proyecto: mitigar el ruido, aislar las voces y dise\u00f1ar diferentes niveles de privacidad se vuelve tan importante como la distribuci\u00f3n del espacio.<\/p>\n<p data-start=\"3541\" data-end=\"3951\">En segundo lugar, <strong data-start=\"3559\" data-end=\"3617\">los espacios se vuelven mayoritariamente colaborativos<\/strong>. En muchas organizaciones el trabajo se organiza por proyectos y los equipos necesitan reunirse para desarrollar soluciones para sus clientes, compartir conocimiento, aprender y mostrar su trabajo a partners y visitantes. En este tipo de oficinas, hasta el 80% del espacio puede destinarse a colaboraci\u00f3n, cocreaci\u00f3n y presentaci\u00f3n.<\/p>\n<p data-start=\"3953\" data-end=\"4364\">Otro cambio relevante tiene que ver con <strong data-start=\"3993\" data-end=\"4021\">la evoluci\u00f3n del talento<\/strong>. Existe todav\u00eda un n\u00famero limitado de profesionales especializados en IA, por lo que las empresas valoran cada vez m\u00e1s la capacidad de aprendizaje y el potencial de crecimiento de los candidatos. Este contexto refuerza la importancia de la formaci\u00f3n continua, lo que a su vez exige espacios flexibles dedicados al aprendizaje y al desarrollo.<\/p>\n<p data-start=\"3953\" data-end=\"4364\"><img decoding=\"async\" class=\"alignnone size-medium wp-image-11243\" src=\"https:\/\/www.plugandgo.es\/wp-content\/uploads\/2025\/05\/20250314-Puerto-de-Somport-21-23-Madrid-19-HQ-300x200.jpg\" alt=\"\" width=\"300\" height=\"200\" srcset=\"https:\/\/www.plugandgo.es\/wp-content\/uploads\/2025\/05\/20250314-Puerto-de-Somport-21-23-Madrid-19-HQ-300x200.jpg 300w, https:\/\/www.plugandgo.es\/wp-content\/uploads\/2025\/05\/20250314-Puerto-de-Somport-21-23-Madrid-19-HQ-1024x683.jpg 1024w, https:\/\/www.plugandgo.es\/wp-content\/uploads\/2025\/05\/20250314-Puerto-de-Somport-21-23-Madrid-19-HQ-768x512.jpg 768w, https:\/\/www.plugandgo.es\/wp-content\/uploads\/2025\/05\/20250314-Puerto-de-Somport-21-23-Madrid-19-HQ-1536x1024.jpg 1536w, https:\/\/www.plugandgo.es\/wp-content\/uploads\/2025\/05\/20250314-Puerto-de-Somport-21-23-Madrid-19-HQ-2048x1365.jpg 2048w, https:\/\/www.plugandgo.es\/wp-content\/uploads\/2025\/05\/20250314-Puerto-de-Somport-21-23-Madrid-19-HQ-1030x687.jpg 1030w, https:\/\/www.plugandgo.es\/wp-content\/uploads\/2025\/05\/20250314-Puerto-de-Somport-21-23-Madrid-19-HQ-760x507.jpg 760w\" sizes=\"(max-width: 300px) 100vw, 300px\" \/> <img decoding=\"async\" class=\"alignnone size-medium wp-image-11828\" src=\"https:\/\/www.plugandgo.es\/wp-content\/uploads\/2026\/02\/20250717-Ribera-del-Loira-56-Madrid-11-HQ-300x200.jpg\" alt=\"\" width=\"300\" height=\"200\" srcset=\"https:\/\/www.plugandgo.es\/wp-content\/uploads\/2026\/02\/20250717-Ribera-del-Loira-56-Madrid-11-HQ-300x200.jpg 300w, https:\/\/www.plugandgo.es\/wp-content\/uploads\/2026\/02\/20250717-Ribera-del-Loira-56-Madrid-11-HQ-1024x683.jpg 1024w, https:\/\/www.plugandgo.es\/wp-content\/uploads\/2026\/02\/20250717-Ribera-del-Loira-56-Madrid-11-HQ-768x512.jpg 768w, https:\/\/www.plugandgo.es\/wp-content\/uploads\/2026\/02\/20250717-Ribera-del-Loira-56-Madrid-11-HQ-1536x1024.jpg 1536w, https:\/\/www.plugandgo.es\/wp-content\/uploads\/2026\/02\/20250717-Ribera-del-Loira-56-Madrid-11-HQ-2048x1365.jpg 2048w, https:\/\/www.plugandgo.es\/wp-content\/uploads\/2026\/02\/20250717-Ribera-del-Loira-56-Madrid-11-HQ-1030x687.jpg 1030w, https:\/\/www.plugandgo.es\/wp-content\/uploads\/2026\/02\/20250717-Ribera-del-Loira-56-Madrid-11-HQ-760x507.jpg 760w\" sizes=\"(max-width: 300px) 100vw, 300px\" \/> <img loading=\"lazy\" decoding=\"async\" class=\"alignnone size-medium wp-image-11823\" src=\"https:\/\/www.plugandgo.es\/wp-content\/uploads\/2026\/02\/20250717-Ribera-del-Loira-56-Madrid-63-HQ-300x200.jpg\" alt=\"\" width=\"300\" height=\"200\" srcset=\"https:\/\/www.plugandgo.es\/wp-content\/uploads\/2026\/02\/20250717-Ribera-del-Loira-56-Madrid-63-HQ-300x200.jpg 300w, https:\/\/www.plugandgo.es\/wp-content\/uploads\/2026\/02\/20250717-Ribera-del-Loira-56-Madrid-63-HQ-1024x683.jpg 1024w, https:\/\/www.plugandgo.es\/wp-content\/uploads\/2026\/02\/20250717-Ribera-del-Loira-56-Madrid-63-HQ-768x512.jpg 768w, https:\/\/www.plugandgo.es\/wp-content\/uploads\/2026\/02\/20250717-Ribera-del-Loira-56-Madrid-63-HQ-1536x1024.jpg 1536w, https:\/\/www.plugandgo.es\/wp-content\/uploads\/2026\/02\/20250717-Ribera-del-Loira-56-Madrid-63-HQ-2048x1365.jpg 2048w, https:\/\/www.plugandgo.es\/wp-content\/uploads\/2026\/02\/20250717-Ribera-del-Loira-56-Madrid-63-HQ-1030x687.jpg 1030w, https:\/\/www.plugandgo.es\/wp-content\/uploads\/2026\/02\/20250717-Ribera-del-Loira-56-Madrid-63-HQ-760x507.jpg 760w\" sizes=\"(max-width: 300px) 100vw, 300px\" \/><img loading=\"lazy\" decoding=\"async\" class=\"alignnone size-medium wp-image-11095\" src=\"https:\/\/www.plugandgo.es\/wp-content\/uploads\/2025\/03\/20240530-Alcala-544-Madrid-30-HQ-300x200.jpg\" alt=\"\" width=\"300\" height=\"200\" srcset=\"https:\/\/www.plugandgo.es\/wp-content\/uploads\/2025\/03\/20240530-Alcala-544-Madrid-30-HQ-300x200.jpg 300w, https:\/\/www.plugandgo.es\/wp-content\/uploads\/2025\/03\/20240530-Alcala-544-Madrid-30-HQ-1024x683.jpg 1024w, https:\/\/www.plugandgo.es\/wp-content\/uploads\/2025\/03\/20240530-Alcala-544-Madrid-30-HQ-768x512.jpg 768w, https:\/\/www.plugandgo.es\/wp-content\/uploads\/2025\/03\/20240530-Alcala-544-Madrid-30-HQ-1536x1024.jpg 1536w, https:\/\/www.plugandgo.es\/wp-content\/uploads\/2025\/03\/20240530-Alcala-544-Madrid-30-HQ-2048x1365.jpg 2048w, https:\/\/www.plugandgo.es\/wp-content\/uploads\/2025\/03\/20240530-Alcala-544-Madrid-30-HQ-1030x687.jpg 1030w, https:\/\/www.plugandgo.es\/wp-content\/uploads\/2025\/03\/20240530-Alcala-544-Madrid-30-HQ-760x507.jpg 760w\" sizes=\"(max-width: 300px) 100vw, 300px\" \/><\/p>\n<p data-start=\"4366\" data-end=\"4741\">La <strong data-start=\"4369\" data-end=\"4397\">flexibilidad del espacio<\/strong> se convierte tambi\u00e9n en una condici\u00f3n esencial. La tecnolog\u00eda evoluciona r\u00e1pidamente y las oficinas ya no pueden ser est\u00e1ticas. Los espacios deben poder transformarse con facilidad mediante infraestructuras m\u00f3viles, paredes modulares o mobiliario flexible, evitando intervenciones que obliguen a cerrar la oficina o a realizar obras complejas.<\/p>\n<p data-start=\"4743\" data-end=\"4990\">En este nuevo escenario cobran protagonismo tambi\u00e9n <strong data-start=\"4795\" data-end=\"4822\">los espacios inmersivos<\/strong>, capaces de generar experiencias realistas que activan el conocimiento, refuerzan el aprendizaje y permiten visualizar proyectos o soluciones de forma m\u00e1s interactiva.<\/p>\n<p data-start=\"4992\" data-end=\"5313\">Por otro lado, <strong data-start=\"5007\" data-end=\"5040\">la automatizaci\u00f3n de procesos<\/strong> est\u00e1 simplificando muchas tareas repetitivas y externalizando ciertas funciones. Como consecuencia, los equipos internos trabajan cada vez m\u00e1s en colaboraci\u00f3n con terceros, lo que exige espacios preparados para la conexi\u00f3n, la reuni\u00f3n y la cocreaci\u00f3n con actores externos.<\/p>\n<p data-start=\"5315\" data-end=\"5725\">Finalmente, el dise\u00f1o cobra una dimensi\u00f3n estrat\u00e9gica en t\u00e9rminos de <strong data-start=\"5384\" data-end=\"5414\">identidad y diferenciaci\u00f3n<\/strong>. Traducir la identidad de marca en el espacio -a trav\u00e9s de valores, formas, colores y materiales- ayuda a reforzar el sentido de pertenencia y el prop\u00f3sito de la organizaci\u00f3n. En un contexto cada vez m\u00e1s tecnol\u00f3gico y distribuido, invertir en branding y en una identidad clara resulta m\u00e1s importante que nunca.<\/p>\n<p data-start=\"5727\" data-end=\"6207\" data-is-last-node=\"\" data-is-only-node=\"\">Toda esta experiencia ha llevado a plug&amp;go a <strong>repensar la oficina desde una perspectiva distinta<\/strong>. El resultado es un relato en el que la tecnolog\u00eda no solo transforma el espacio, sino que tambi\u00e9n orienta una nueva realidad del trabajo. Una realidad en la que humanos y sistemas inteligentes conviven y colaboran, y en la que surge inevitablemente una pregunta abierta: si hoy la inteligencia artificial procesa conocimiento sin generarlo por s\u00ed misma, \u00bfllegar\u00e1 alg\u00fan d\u00eda a hacerlo?<\/p>\n","protected":false},"excerpt":{"rendered":"<p>plug&amp;go ha publicado un nuevo book en el que re\u00fane una selecci\u00f3n de diez de sus proyectos m\u00e1s recientes de dise\u00f1o de espacios de trabajo. El libro gira en torno a una pregunta que hoy resulta clave para arquitectos, empresas y dise\u00f1adores de workplace: c\u00f3mo dise\u00f1ar lugares de trabajo preparados para la IA. Descarga el [&hellip;]<\/p>\n","protected":false},"author":2,"featured_media":11905,"comment_status":"open","ping_status":"open","sticky":false,"template":"","format":"standard","meta":{"footnotes":""},"categories":[132],"tags":[162],"class_list":["post-11900","post","type-post","status-publish","format-standard","has-post-thumbnail","hentry","category-actualidad","tag-ia-y-espacios-de-trabajo"],"_links":{"self":[{"href":"https:\/\/www.plugandgo.es\/en\/wp-json\/wp\/v2\/posts\/11900","targetHints":{"allow":["GET"]}}],"collection":[{"href":"https:\/\/www.plugandgo.es\/en\/wp-json\/wp\/v2\/posts"}],"about":[{"href":"https:\/\/www.plugandgo.es\/en\/wp-json\/wp\/v2\/types\/post"}],"author":[{"embeddable":true,"href":"https:\/\/www.plugandgo.es\/en\/wp-json\/wp\/v2\/users\/2"}],"replies":[{"embeddable":true,"href":"https:\/\/www.plugandgo.es\/en\/wp-json\/wp\/v2\/comments?post=11900"}],"version-history":[{"count":5,"href":"https:\/\/www.plugandgo.es\/en\/wp-json\/wp\/v2\/posts\/11900\/revisions"}],"predecessor-version":[{"id":11909,"href":"https:\/\/www.plugandgo.es\/en\/wp-json\/wp\/v2\/posts\/11900\/revisions\/11909"}],"wp:featuredmedia":[{"embeddable":true,"href":"https:\/\/www.plugandgo.es\/en\/wp-json\/wp\/v2\/media\/11905"}],"wp:attachment":[{"href":"https:\/\/www.plugandgo.es\/en\/wp-json\/wp\/v2\/media?parent=11900"}],"wp:term":[{"taxonomy":"category","embeddable":true,"href":"https:\/\/www.plugandgo.es\/en\/wp-json\/wp\/v2\/categories?post=11900"},{"taxonomy":"post_tag","embeddable":true,"href":"https:\/\/www.plugandgo.es\/en\/wp-json\/wp\/v2\/tags?post=11900"}],"curies":[{"name":"wp","href":"https:\/\/api.w.org\/{rel}","templated":true}]}}