{"id":1659,"date":"2016-09-22T08:07:33","date_gmt":"2016-09-22T08:07:33","guid":{"rendered":"http:\/\/plugexperience.es\/?p=249"},"modified":"2016-09-22T08:07:33","modified_gmt":"2016-09-22T08:07:33","slug":"jornada-rethink-barcelona","status":"publish","type":"post","link":"https:\/\/www.plugandgo.es\/en\/jornada-rethink-barcelona\/","title":{"rendered":"III Jornada Rethink Barcelona"},"content":{"rendered":"<p>El pasado martes 20 de septiembre, <a href=\"https:\/\/plugandgo.es\/#xl_xr_page_index\" target=\"_blank\" rel=\"noopener\">Plug&amp;Go<\/a> particip\u00f3 en la jornada <a href=\"http:\/\/www.grupovia.net\/index.php\/eventos\/675-oficinas-rethink-barcelona-20-de-septiembre-2016\" target=\"_blank\" rel=\"noopener\">\u201cOficinas Rethink Barcelona 2016\u201d<\/a>, organizada por Grupo V\u00eda, que tuvo lugar en el showroom de <a href=\"http:\/\/www.ofita.com\/\" target=\"_blank\" rel=\"noopener\">Ofita<\/a> de la ciudad condal.<\/p>\n<p>Ha sido un verdadero placer participar en este evento y compartirlo con grandes profesionales del mundo de la arquitectura, el interiorismo y el sector inmobiliario como son <strong>Aguirre Newman, Savills, ECA Grupo Bureau Veritas, B720, Calsina Flotats o Denys &amp; Von Arend<\/strong>.<\/p>\n<p><img fetchpriority=\"high\" decoding=\"async\" class=\"aligncenter wp-image-251\" src=\"https:\/\/www.plugandgo.es\/wp-content\/uploads\/2016\/09\/jornada-rethink-barcelona.png\" alt=\"jornada rethink barcelona\" width=\"700\" height=\"461\" \/><\/p>\n<p><strong>Covadonga G. Quintana, socia y directora de Plug&amp;Go<\/strong>, mostr\u00f3 los \u00faltimos trabajos realizados por la compa\u00f1\u00eda de arquitectura corporativa para, de este modo, hacer hincapi\u00e9 en la <strong>importancia de la experiencia de cliente<\/strong>. Pudimos ver el trabajo realizado en la sede de META4, donde se ha querido favorecer la colaboraci\u00f3n, la diversidad y el bienestar de los trabajadores.<\/p>\n<p><img decoding=\"async\" class=\"aligncenter wp-image-252\" src=\"https:\/\/www.plugandgo.es\/wp-content\/uploads\/2016\/09\/oficina-logtrust-1024x682.jpg\" alt=\"oficina logtrust\" width=\"700\" height=\"467\" \/><\/p>\n<p>Asimismo, disfrutamos del dise\u00f1o creado para las oficinas de Logtrust en las que se ha apostado por el dinamismo o la colorterapia; las <a href=\"https:\/\/www.facebook.com\/230099357365235\/photos\/?tab=album&amp;album_id=295703044138199\" target=\"_blank\" rel=\"noopener\">oficinas para Medplace<\/a> con tenant rep, manual de estilo, traslado de trabajadores de casa a la oficina y facility management; y las <a href=\"https:\/\/plugandgo.es\/#xl_xr_page_clientes\" target=\"_blank\" rel=\"noopener\">oficinas de Ardian<\/a> con separaci\u00f3n de las \u00e1reas de atenci\u00f3n de las operativas, una apuesta por la imagen y la b\u00fasqueda de credibilidad.<\/p>\n<p>Durante la jornada, se habl\u00f3 tambi\u00e9n sobre la transformaci\u00f3n que est\u00e1n experimentando los espacios de trabajo debido a la evoluci\u00f3n tecnol\u00f3gica y a los cambios en las culturas y estructuras empresariales, ahora m\u00e1s flexibles y descentralizadas. Los nuevos tiempos y necesidades de las empresas nos obligan a <strong>acabar con el modelo tradicional de puestos asignados y jerarquizados y a pensar m\u00e1s en espacios de colaboraci\u00f3n<\/strong>.<\/p>\n<p>Para dar fin a la jornada se abri\u00f3 un debate en el que pudimos advertir un repunte en el sector tras unos a\u00f1os de par\u00f3n, y discutir sobre las claves para descifrar las necesidades de los clientes en el momento de presentar las propuestas de implantaci\u00f3n.<\/p>\n<p>&nbsp;    \t<\/p>\n","protected":false},"excerpt":{"rendered":"<p>El pasado martes 20 de septiembre, Plug&amp;Go particip\u00f3 en la jornada \u201cOficinas Rethink Barcelona 2016\u201d, organizada por Grupo V\u00eda, que tuvo lugar en el showroom de Ofita de la ciudad condal. Ha sido un verdadero placer participar en este evento y compartirlo con grandes profesionales del mundo de la arquitectura, el interiorismo y el sector [&hellip;]<\/p>\n","protected":false},"author":1,"featured_media":1489,"comment_status":"open","ping_status":"open","sticky":false,"template":"","format":"standard","meta":{"footnotes":""},"categories":[132],"tags":[26,27,33],"class_list":["post-1659","post","type-post","status-publish","format-standard","has-post-thumbnail","hentry","category-actualidad","tag-evento","tag-pluggo","tag-rethink-barcelona"],"_links":{"self":[{"href":"https:\/\/www.plugandgo.es\/en\/wp-json\/wp\/v2\/posts\/1659","targetHints":{"allow":["GET"]}}],"collection":[{"href":"https:\/\/www.plugandgo.es\/en\/wp-json\/wp\/v2\/posts"}],"about":[{"href":"https:\/\/www.plugandgo.es\/en\/wp-json\/wp\/v2\/types\/post"}],"author":[{"embeddable":true,"href":"https:\/\/www.plugandgo.es\/en\/wp-json\/wp\/v2\/users\/1"}],"replies":[{"embeddable":true,"href":"https:\/\/www.plugandgo.es\/en\/wp-json\/wp\/v2\/comments?post=1659"}],"version-history":[{"count":0,"href":"https:\/\/www.plugandgo.es\/en\/wp-json\/wp\/v2\/posts\/1659\/revisions"}],"wp:featuredmedia":[{"embeddable":true,"href":"https:\/\/www.plugandgo.es\/en\/wp-json\/wp\/v2\/media\/1489"}],"wp:attachment":[{"href":"https:\/\/www.plugandgo.es\/en\/wp-json\/wp\/v2\/media?parent=1659"}],"wp:term":[{"taxonomy":"category","embeddable":true,"href":"https:\/\/www.plugandgo.es\/en\/wp-json\/wp\/v2\/categories?post=1659"},{"taxonomy":"post_tag","embeddable":true,"href":"https:\/\/www.plugandgo.es\/en\/wp-json\/wp\/v2\/tags?post=1659"}],"curies":[{"name":"wp","href":"https:\/\/api.w.org\/{rel}","templated":true}]}}