{"id":1664,"date":"2016-10-07T11:27:17","date_gmt":"2016-10-07T11:27:17","guid":{"rendered":"http:\/\/plugexperience.es\/?p=284"},"modified":"2016-10-07T11:27:17","modified_gmt":"2016-10-07T11:27:17","slug":"oficinas-colaborativas","status":"publish","type":"post","link":"https:\/\/www.plugandgo.es\/en\/oficinas-colaborativas\/","title":{"rendered":"Oficinas colaborativas y personalizadas"},"content":{"rendered":"<p>Con motivo de nuestra reciente participaci\u00f3n en la jornada de &#8220;Oficinas Rethink&#8221;, organizada por <a href=\"http:\/\/www.grupovia.net\/\" target=\"_blank\" rel=\"noopener\">Grupo V\u00eda<\/a>, la revista <a href=\"http:\/\/www.datagora.es\/\" target=\"_blank\" rel=\"noopener\">Dat\u00e1gora<\/a> publica un art\u00edculo dedicado a todas las cuestiones que all\u00ed abordamos.<\/p>\n<p>\u00bfQu\u00e9 sacamos en claro de esta jornada?<\/p>\n<h5>Las oficinas son ahora m\u00e1s colaborativas y personalizadas.<\/h5>\n<p>Los espacios de oficina est\u00e1n experimentando una gran transformaci\u00f3n. La evoluci\u00f3n tecnol\u00f3gica es uno de los grandes motivos, pero no solo encontramos esta raz\u00f3n. La cultura y las estructuras empresariales son cada vez m\u00e1s flexibles y descentralizadas y, por supuesto, eso se traduce tambi\u00e9n en sus oficinas.<\/p>\n<figure id=\"attachment_293\" aria-describedby=\"caption-attachment-293\" style=\"width: 900px\" class=\"wp-caption aligncenter\"><img fetchpriority=\"high\" decoding=\"async\" class=\"size-full wp-image-293\" src=\"https:\/\/www.plugandgo.es\/wp-content\/uploads\/2016\/10\/Ardian_PlugGo@RVCStudio-LR-28-1.jpg\" alt=\"oficinas colaborativas - Ardian\" width=\"900\" height=\"562\" \/><figcaption id=\"caption-attachment-293\" class=\"wp-caption-text\">Oficinas de Ardian<\/figcaption><\/figure>\n<p>Durante el evento, compartimos experiencias y proyectos con grandes profesionales del sector como Aguirre Newman, Savills, ECA Grupo Bureau Veritas, B720, Calsina Flotats, Ofita y Denys &amp; Von Arend. Todos coincidimos en lo mismo: <strong>los puestos de trabajo flexibles son ahora una tendencia y pueden ahorrar costes a las empresas<\/strong>. Diversos estudios realizados en los \u00faltimos a\u00f1os establecen que el 50% de los puestos fijos asignados est\u00e1n vac\u00edos, por lo que podr\u00edamos afirmar que las empresas, hasta ahora, estaban malgastando costes inmobiliarios.<\/p>\n<p>Las mesas de trabajo fijas para los empleados est\u00e1n desapareciendo paulatinamente. Se van imponiendo los puestos de trabajo flexibles, sin escritorios fijos, y con oficinas m\u00e1s colaborativas y ajustadas a las necesidades de cada cliente.<\/p>\n<figure id=\"attachment_295\" aria-describedby=\"caption-attachment-295\" style=\"width: 900px\" class=\"wp-caption aligncenter\"><img decoding=\"async\" class=\"size-full wp-image-295\" src=\"https:\/\/www.plugandgo.es\/wp-content\/uploads\/2016\/10\/OPENSPACE.jpg\" alt=\"oficinas colaborativas medpace\" width=\"900\" height=\"600\" \/><figcaption id=\"caption-attachment-295\" class=\"wp-caption-text\">Oficinas de Medpace<\/figcaption><\/figure>\n<p>Por eso, durante la jornada, mostramos los \u00faltimos trabajos realizados por <a href=\"https:\/\/plugandgo.es\/#xl_xr_page_index\" target=\"_blank\" rel=\"noopener\">Plug&amp;Go<\/a>, que mantienen estas premisas. Vimos las nuevas <a href=\"http:\/\/plugexperience.es\/oficinas-de-zooplus\/\" target=\"_blank\" rel=\"noopener\">oficinas de Zooplus<\/a>, con m\u00e1s de 600m2 de espacio distribuido en \u00e1rea abierta, pocos despachos, zonas de reuni\u00f3n informal, espacios de concentraci\u00f3n y un punto neur\u00e1lgico donde comer, tomar un caf\u00e9 o hacer brainstorming. Descubrimos, asimismo, las <a href=\"https:\/\/plugandgo.es\/#xl_xr_page_clientes\" target=\"_blank\" rel=\"noopener\">oficinas de Ardian<\/a>, donde hemos apostado por la imagen y la separaci\u00f3n de areas; y las <a href=\"https:\/\/www.facebook.com\/plugandgoarq\/photos\/?tab=album&amp;album_id=295703044138199\" target=\"_blank\" rel=\"noopener\">oficinas de Medpace<\/a>, con espacios adaptados y facility management.<\/p>\n<p>En definitiva, <strong>la oficina debe ofrecer flexibilidad espacial y temporal:<\/strong> con zonas informales, espacios abiertos, rincones conectados y mesas multitarea, permitiendo tambi\u00e9n la posibilidad de trabajo adaptado a la vida personal y a un horario no muy estricto en el que se cumplan tareas y objetivos.<\/p>\n<p><em>Aqu\u00ed puedes leer el<a href=\"http:\/\/www.datagora.es\/2016\/09\/23\/oficinas-mas-humanas-personalizadas-y-sobre-todo-colaborativas\/\" target=\"_blank\" rel=\"noopener\"> art\u00edculo de la revista Dat\u00e1gora<\/a><\/em>.    \t<\/p>\n","protected":false},"excerpt":{"rendered":"<p>Con motivo de nuestra reciente participaci\u00f3n en la jornada de &#8220;Oficinas Rethink&#8221;, organizada por Grupo V\u00eda, la revista Dat\u00e1gora publica un art\u00edculo dedicado a todas las cuestiones que all\u00ed abordamos. \u00bfQu\u00e9 sacamos en claro de esta jornada? Las oficinas son ahora m\u00e1s colaborativas y personalizadas. Los espacios de oficina est\u00e1n experimentando una gran transformaci\u00f3n. La [&hellip;]<\/p>\n","protected":false},"author":1,"featured_media":1496,"comment_status":"open","ping_status":"open","sticky":false,"template":"","format":"standard","meta":{"footnotes":""},"categories":[133,135],"tags":[29,36],"class_list":["post-1664","post","type-post","status-publish","format-standard","has-post-thumbnail","hentry","category-noticias","category-oficinas","tag-oficinas","tag-publicaciones"],"_links":{"self":[{"href":"https:\/\/www.plugandgo.es\/en\/wp-json\/wp\/v2\/posts\/1664","targetHints":{"allow":["GET"]}}],"collection":[{"href":"https:\/\/www.plugandgo.es\/en\/wp-json\/wp\/v2\/posts"}],"about":[{"href":"https:\/\/www.plugandgo.es\/en\/wp-json\/wp\/v2\/types\/post"}],"author":[{"embeddable":true,"href":"https:\/\/www.plugandgo.es\/en\/wp-json\/wp\/v2\/users\/1"}],"replies":[{"embeddable":true,"href":"https:\/\/www.plugandgo.es\/en\/wp-json\/wp\/v2\/comments?post=1664"}],"version-history":[{"count":0,"href":"https:\/\/www.plugandgo.es\/en\/wp-json\/wp\/v2\/posts\/1664\/revisions"}],"wp:featuredmedia":[{"embeddable":true,"href":"https:\/\/www.plugandgo.es\/en\/wp-json\/wp\/v2\/media\/1496"}],"wp:attachment":[{"href":"https:\/\/www.plugandgo.es\/en\/wp-json\/wp\/v2\/media?parent=1664"}],"wp:term":[{"taxonomy":"category","embeddable":true,"href":"https:\/\/www.plugandgo.es\/en\/wp-json\/wp\/v2\/categories?post=1664"},{"taxonomy":"post_tag","embeddable":true,"href":"https:\/\/www.plugandgo.es\/en\/wp-json\/wp\/v2\/tags?post=1664"}],"curies":[{"name":"wp","href":"https:\/\/api.w.org\/{rel}","templated":true}]}}