{"id":1666,"date":"2016-11-08T09:53:04","date_gmt":"2016-11-08T09:53:04","guid":{"rendered":"http:\/\/plugexperience.es\/?p=304"},"modified":"2016-11-08T09:53:04","modified_gmt":"2016-11-08T09:53:04","slug":"balance-de-orgatec-2016","status":"publish","type":"post","link":"https:\/\/www.plugandgo.es\/en\/balance-de-orgatec-2016\/","title":{"rendered":"Nuevas visiones de trabajo, balance de Orgatec 2016"},"content":{"rendered":"<p><strong>Orgatec, <a href=\"http:\/\/www.orgatec.com\/ORGATEC\/index-2.php\" target=\"_blank\" rel=\"noopener\">la feria internacional de mobiliario de oficina m\u00e1s importante<\/a><\/strong>, que lleva celebr\u00e1ndose en Colonia, Alemania, desde los a\u00f1os cincuenta, es un encuentro ineludible para el conocimiento del sector y un escaparate de tendencias. Plug&amp;Go ha estado all\u00ed, y te hacemos un balance de Orgatec 2016.<\/p>\n<p><img fetchpriority=\"high\" decoding=\"async\" class=\"aligncenter wp-image-306\" src=\"https:\/\/www.plugandgo.es\/wp-content\/uploads\/2016\/11\/balance-de-orgatec-2016-1.png\" alt=\"balance de orgatec 2016\" width=\"800\" height=\"532\" \/><\/p>\n<h5>Balance de Orgatec 2016<\/h5>\n<p>Siempre atentos al mercado, no pod\u00edamos faltar a esta cita mundial referente. Como siempre nuestro inter\u00e9s es reconocer las tendencias, las propuestas que marcar\u00e1n la diferencia en el futuro cercano y entender hacia d\u00f3nde van los entornos laborales. He aqu\u00ed nuestro balance de Orgatec 2016.<\/p>\n<p>La visita ha resultado muy satisfactoria, en Orgatec 2016 hemos apreciado un elevad\u00edsimo nivel de las exposiciones, con propuestas que responden claramente a los nuevos conceptos de trabajo y a la transformaci\u00f3n digital de las empresas. La digitalizaci\u00f3n no significa s\u00f3lo una tecnolog\u00eda innovadora, sino que tambi\u00e9n es sin\u00f3nimo de una nueva cultura del trabajo que revoluciona el dise\u00f1o de oficinas.<\/p>\n<p><strong>El r\u00e1pido avance de la digitalizaci\u00f3n cambia los procesos empresariales y genera nuevas formas de trabajo<\/strong>, lo que supone grandes desaf\u00edos para los que nos dedicamos al dise\u00f1o e implantaci\u00f3n de oficinas.<\/p>\n<p>[Tweet &#8220;Las nuevas tecnolog\u00edas est\u00e1n afectando directamente a la #arquitectura de las #oficinas &#8220;]<\/p>\n<p>&nbsp;<\/p>\n<p>El trabajo de oficina tradicional, las jerarqu\u00edas r\u00edgidas o la separaci\u00f3n estricta de trabajo y el ocio est\u00e1n siendo reemplazados por formas digitales y flexibles de cooperaci\u00f3n y transferencia de conocimientos. <strong>El internet de las cosas, y con ello la comunicaci\u00f3n pr\u00e1cticamente ilimitada con y entre dispositivos inteligentes, comporta una nueva definici\u00f3n del entorno laboral y de la oficina.<\/strong> Orgatec nos ha mostrado rese\u00f1ables soluciones innovadoras para este nuevo escenario de trabajo.<\/p>\n<p>Los cambios sociales y tecnol\u00f3gicos requieren soluciones orientadas al futuro. En Colonia, hemos visto mobiliario de oficina salido de la impresora, robots en la oficina o avatares hologr\u00e1ficos en las videoconferencias: lo que hasta hace poco sonaba a ciencia ficci\u00f3n es en parte ya realidad.<\/p>\n<p>Orgatec nos ha mostrado que <strong>el lugar de trabajo ya no est\u00e1 ligado a un espacio determinado<\/strong>, sino m\u00e1s bien a momentos: momentos del trabajo en red a trav\u00e9s de una perfecta integraci\u00f3n de las tecnolog\u00edas, momentos de bienestar, de inspiraci\u00f3n, de una experimentaci\u00f3n l\u00fadica\u2026<\/p>\n<p>Durante nuestro recorrido hemos encontrado muchas propuestas que dan soluci\u00f3n a una misma problem\u00e1tica, la necesidad de m\u00e1s espacios de colaboraci\u00f3n en la oficina, \u00bfd\u00f3nde confluyen las ideas? \u00bfC\u00f3mo son los nuevos puntos de reuni\u00f3n?: vers\u00e1tiles, m\u00f3viles, informales\u2026 Los nuevos materiales y acabados aportan un aire m\u00e1s hogare\u00f1o a los espacios de trabajo.<\/p>\n<p>Otra tendencia que se impone \u2013y nos encana que as\u00ed sea- es el wellness, la sensibilizaci\u00f3n para generar\u00a0entornos saludables<strong>.<\/strong><\/p>\n<p>El modelo de oficina tradicional est\u00e1 llegando a su fin, y el lema de la feria \u201cNuevas visiones de trabajo\u201d\u00a0 es una realidad.    \t<\/p>\n","protected":false},"excerpt":{"rendered":"<p>Orgatec, la feria internacional de mobiliario de oficina m\u00e1s importante, que lleva celebr\u00e1ndose en Colonia, Alemania, desde los a\u00f1os cincuenta, es un encuentro ineludible para el conocimiento del sector y un escaparate de tendencias. Plug&amp;Go ha estado all\u00ed, y te hacemos un balance de Orgatec 2016. Balance de Orgatec 2016 Siempre atentos al mercado, no [&hellip;]<\/p>\n","protected":false},"author":1,"featured_media":1497,"comment_status":"open","ping_status":"open","sticky":false,"template":"","format":"standard","meta":{"footnotes":""},"categories":[132,131,133],"tags":[],"class_list":["post-1666","post","type-post","status-publish","format-standard","has-post-thumbnail","hentry","category-actualidad","category-arquitectura","category-noticias"],"_links":{"self":[{"href":"https:\/\/www.plugandgo.es\/en\/wp-json\/wp\/v2\/posts\/1666","targetHints":{"allow":["GET"]}}],"collection":[{"href":"https:\/\/www.plugandgo.es\/en\/wp-json\/wp\/v2\/posts"}],"about":[{"href":"https:\/\/www.plugandgo.es\/en\/wp-json\/wp\/v2\/types\/post"}],"author":[{"embeddable":true,"href":"https:\/\/www.plugandgo.es\/en\/wp-json\/wp\/v2\/users\/1"}],"replies":[{"embeddable":true,"href":"https:\/\/www.plugandgo.es\/en\/wp-json\/wp\/v2\/comments?post=1666"}],"version-history":[{"count":0,"href":"https:\/\/www.plugandgo.es\/en\/wp-json\/wp\/v2\/posts\/1666\/revisions"}],"wp:featuredmedia":[{"embeddable":true,"href":"https:\/\/www.plugandgo.es\/en\/wp-json\/wp\/v2\/media\/1497"}],"wp:attachment":[{"href":"https:\/\/www.plugandgo.es\/en\/wp-json\/wp\/v2\/media?parent=1666"}],"wp:term":[{"taxonomy":"category","embeddable":true,"href":"https:\/\/www.plugandgo.es\/en\/wp-json\/wp\/v2\/categories?post=1666"},{"taxonomy":"post_tag","embeddable":true,"href":"https:\/\/www.plugandgo.es\/en\/wp-json\/wp\/v2\/tags?post=1666"}],"curies":[{"name":"wp","href":"https:\/\/api.w.org\/{rel}","templated":true}]}}