{"id":1668,"date":"2016-11-18T12:57:26","date_gmt":"2016-11-18T12:57:26","guid":{"rendered":"http:\/\/plugexperience.es\/?p=315"},"modified":"2016-11-18T12:57:26","modified_gmt":"2016-11-18T12:57:26","slug":"la-renovacion-de-los-espacios-de-trabajo","status":"publish","type":"post","link":"https:\/\/www.plugandgo.es\/en\/la-renovacion-de-los-espacios-de-trabajo\/","title":{"rendered":"La renovaci\u00f3n de los espacios de trabajo"},"content":{"rendered":"<p>Ayer <a href=\"https:\/\/www.plugandgo.es\/#xl_xr_page_index\" target=\"_blank\" rel=\"noopener\">Plug&amp;Go<\/a> particip\u00f3 como ponente en<strong> &#8220;La renovaci\u00f3n de los espacios de trabajo&#8221;<\/strong>, dentro de las <a href=\"http:\/\/www.promateriales.com\/noticia\/11104\/noticias-eventos\/plug&amp;go-arq-arquitectos-ayala-cano-&amp;-escario-arquitectos-estudio-alvarez-sala-en-las-jproarquitectura.html\" target=\"_blank\" rel=\"noopener\">Jornadas Proarquitectura<\/a>. Tuvimos el placer de compartir espacio con grandes profesionales como <a href=\"http:\/\/www.grupoevetson.com\/\" target=\"_blank\" rel=\"noopener\">Grupo Evetson<\/a>, <a href=\"http:\/\/www.arquitectosayala.com\/\" target=\"_blank\" rel=\"noopener\">Arquitectos Ayala<\/a>, <a href=\"http:\/\/www.eas.es\/\" target=\"_blank\" rel=\"noopener\">Estudio \u00c1lvarez-Sala<\/a>, <a href=\"http:\/\/www.parklex.com\/es\/\" target=\"_blank\" rel=\"noopener\">Parklex<\/a>, <a href=\"http:\/\/canoyescario.es\/\" target=\"_blank\" rel=\"noopener\">Cano y Escario<\/a>, <a href=\"http:\/\/www.airzone.es\/\" target=\"_blank\" rel=\"noopener\">Airzone<\/a> y <a href=\"http:\/\/www.asepau.org\/\" target=\"_blank\" rel=\"noopener\">ASEPAU. <\/a><\/p>\n<figure id=\"attachment_316\" aria-describedby=\"caption-attachment-316\" style=\"width: 800px\" class=\"wp-caption aligncenter\"><img fetchpriority=\"high\" decoding=\"async\" class=\"wp-image-316 size-full\" src=\"https:\/\/www.plugandgo.es\/wp-content\/uploads\/2016\/11\/renovacion-de-espacios-de-trabajo1-1.jpg\" alt=\"renovaci\u00f3n de los espacios de trabajo\" width=\"800\" height=\"533\" \/><figcaption id=\"caption-attachment-316\" class=\"wp-caption-text\">Covadonga G. Quintana durante la ponencia &#8220;La renovaci\u00f3n de los espacios de trabajo&#8221;<\/figcaption><\/figure>\n<p>&nbsp;<\/p>\n<p>En <a href=\"https:\/\/twitter.com\/search?q=%23Jproarquitectura&amp;src=typd\" target=\"_blank\" rel=\"noopener\">#JProarquitectura<\/a> hablamos de tecnolog\u00eda, accesibilidad, ahorro energ\u00e9tico y, como no, de las nuevas formas de trabajo que se est\u00e1n imponiendo en las oficinas. Las nuevas generaciones y esta nueva forma de trabajar, m\u00e1s colaborativa y flexible, est\u00e1n haciendo imprescindible la renovaci\u00f3n de los espacios de trabajo.<\/p>\n<p>Por su parte, Plug&amp;Go destac\u00f3 el valor de la oficina para transmitir los valores de marca, as\u00ed como el sentimiento de pertenencia a la empresa. <strong>&#8220;Sentirse como en casa, en la oficina&#8221;<\/strong> declaraba Covadonga G. Quintana, socia y directora de Plug&amp;Go, que es una de las aspiraciones de su empresa de arquitectura corporativa a la hora de dise\u00f1ar un espacio de trabajo.<\/p>\n<p>&nbsp;<\/p>\n<figure id=\"attachment_317\" aria-describedby=\"caption-attachment-317\" style=\"width: 800px\" class=\"wp-caption aligncenter\"><img decoding=\"async\" class=\"wp-image-317 size-full\" src=\"https:\/\/www.plugandgo.es\/wp-content\/uploads\/2016\/11\/renovacion-de-espacios-de-trabajo2.jpg\" alt=\"renovaci\u00f3n de los espacios de trabajo\" width=\"800\" height=\"533\" \/><figcaption id=\"caption-attachment-317\" class=\"wp-caption-text\">Covadonga G. Quintana, socia de Plug&amp;Go, durante la ponencia<\/figcaption><\/figure>\n<p>&nbsp;<\/p>\n<p><strong>&#8220;La recepci\u00f3n no es el \u00fanico punto donde dise\u00f1ar marca, sino que la marca se transmite en todos los espacios de trabajo&#8221; <\/strong>expon\u00eda durante la ponencia. Gracias a la integraci\u00f3n de color, texturas, olor, etc. podemos transmitir la esencia y los valores de la marca. Tambi\u00e9n se habl\u00f3 de bienestar y de la <a href=\"http:\/\/plugexperience.es\/certificacion-well\/\" target=\"_blank\" rel=\"noopener\">certificaci\u00f3n WELL<\/a>, gracias a la cual la sostenibilidad deja de asociarse al contenedor (los edificios) y pasamos a hablar de personas.<\/p>\n<p>&nbsp;<\/p>\n<figure id=\"attachment_318\" aria-describedby=\"caption-attachment-318\" style=\"width: 800px\" class=\"wp-caption aligncenter\"><img decoding=\"async\" class=\"wp-image-318 size-full\" src=\"https:\/\/www.plugandgo.es\/wp-content\/uploads\/2016\/11\/equipo-plugandgoarq.jpg\" alt=\"equipo de Plug&amp;Go\" width=\"800\" height=\"533\" \/><figcaption id=\"caption-attachment-318\" class=\"wp-caption-text\">Equipo de Plug&amp;Go participante en las Jornadas Proarquitectura.<\/figcaption><\/figure>\n<p>&nbsp;<\/p>\n<p>En definitiva, ha sido un placer participar en estas Jornadas Proarquitectura: &#8220;La renovaci\u00f3n de los espacios de trabajo&#8221;. Hemos compartido experiencia y conocimientos con profesionales de primer nivel, por lo que no podemos sentirnos m\u00e1s felices. \u00a1Gracias a todos!<\/p>\n<p>&nbsp;    \t<\/p>\n","protected":false},"excerpt":{"rendered":"<p>Ayer Plug&amp;Go particip\u00f3 como ponente en &#8220;La renovaci\u00f3n de los espacios de trabajo&#8221;, dentro de las Jornadas Proarquitectura. Tuvimos el placer de compartir espacio con grandes profesionales como Grupo Evetson, Arquitectos Ayala, Estudio \u00c1lvarez-Sala, Parklex, Cano y Escario, Airzone y ASEPAU. Covadonga G. Quintana durante la ponencia &#8220;La renovaci\u00f3n de los espacios de trabajo&#8221; &nbsp; [&hellip;]<\/p>\n","protected":false},"author":1,"featured_media":1498,"comment_status":"open","ping_status":"open","sticky":false,"template":"","format":"standard","meta":{"footnotes":""},"categories":[132,133],"tags":[26,27],"class_list":["post-1668","post","type-post","status-publish","format-standard","has-post-thumbnail","hentry","category-actualidad","category-noticias","tag-evento","tag-pluggo"],"_links":{"self":[{"href":"https:\/\/www.plugandgo.es\/en\/wp-json\/wp\/v2\/posts\/1668","targetHints":{"allow":["GET"]}}],"collection":[{"href":"https:\/\/www.plugandgo.es\/en\/wp-json\/wp\/v2\/posts"}],"about":[{"href":"https:\/\/www.plugandgo.es\/en\/wp-json\/wp\/v2\/types\/post"}],"author":[{"embeddable":true,"href":"https:\/\/www.plugandgo.es\/en\/wp-json\/wp\/v2\/users\/1"}],"replies":[{"embeddable":true,"href":"https:\/\/www.plugandgo.es\/en\/wp-json\/wp\/v2\/comments?post=1668"}],"version-history":[{"count":0,"href":"https:\/\/www.plugandgo.es\/en\/wp-json\/wp\/v2\/posts\/1668\/revisions"}],"wp:featuredmedia":[{"embeddable":true,"href":"https:\/\/www.plugandgo.es\/en\/wp-json\/wp\/v2\/media\/1498"}],"wp:attachment":[{"href":"https:\/\/www.plugandgo.es\/en\/wp-json\/wp\/v2\/media?parent=1668"}],"wp:term":[{"taxonomy":"category","embeddable":true,"href":"https:\/\/www.plugandgo.es\/en\/wp-json\/wp\/v2\/categories?post=1668"},{"taxonomy":"post_tag","embeddable":true,"href":"https:\/\/www.plugandgo.es\/en\/wp-json\/wp\/v2\/tags?post=1668"}],"curies":[{"name":"wp","href":"https:\/\/api.w.org\/{rel}","templated":true}]}}