{"id":1670,"date":"2017-01-10T10:04:02","date_gmt":"2017-01-10T10:04:02","guid":{"rendered":"http:\/\/plugexperience.es\/?p=434"},"modified":"2017-01-10T10:04:02","modified_gmt":"2017-01-10T10:04:02","slug":"oficinas-de-meta4-por-pluggo","status":"publish","type":"post","link":"https:\/\/www.plugandgo.es\/en\/oficinas-de-meta4-por-pluggo\/","title":{"rendered":"Oficinas de Meta4, por Plug&Go"},"content":{"rendered":"<p><a href=\"https:\/\/www.plugandgo.es\/\" target=\"_blank\" rel=\"noopener\">Plug&amp;go<\/a> ha llevado a cabo el proyecto de interiorismo y ejecuci\u00f3n llave en mano para la ampliaci\u00f3n de las oficinas de Meta4 en Las Rozas (Madrid).<br \/>\n<a href=\"http:\/\/www.meta4.es\/\" target=\"_blank\" rel=\"noopener\">Meta4<\/a>, l\u00edder en digitalizaci\u00f3n de gesti\u00f3n de recursos humanos, est\u00e1 creciendo y apuesta por una renovaci\u00f3n y ampliaci\u00f3n de superficie en su actual edificio corporativo en Madrid; integrando conceptos de flexibilidad, comunicaci\u00f3n y trabajo en equipo.<\/p>\n<p><img fetchpriority=\"high\" decoding=\"async\" class=\"aligncenter wp-image-438\" src=\"https:\/\/www.plugandgo.es\/wp-content\/uploads\/2017\/01\/oficinas-de-meta4-1-1.jpg\" alt=\"oficinas de meta4\" height=\"420\" width=\"630\"><\/p>\n<h5>25 a\u00f1os manteniendo el esp\u00edritu de start up<\/h5>\n<p>La vocaci\u00f3n de servicio de Meta4 se respira en su nuevo dise\u00f1o de espacio. <strong>Un entorno pensado para clientes (interno y externo)<\/strong>. Un lugar donde conectar y fomentar la escucha emp\u00e1tica, porque para Meta4 \u201cponerse en los zapatos del otro\u201d y no perder el empuje, ilusi\u00f3n y coherencia de todo proyecto nuevo ha sido una constante en su 25 a\u00f1os de vida. El nuevo espacio de Meta4 se realiza previo an\u00e1lisis de la organizaci\u00f3n por perfiles, para evitar crear espacios que no sean necesarios. <strong>Los perfiles residentes, m\u00f3viles, colaborativos y confidentes, se enlazan con puestos knowmads, ejes de conexi\u00f3n donde intercambiar talento y trabajar con equipos diferentes y clientes.<\/strong><\/p>\n<p>El dise\u00f1o, integra los colores corporativos (azul y rojo) y, establece como hilo conductor un material de cuerdas tensadas, que permite configurar espacios de reuni\u00f3n informal o salas de brainstorming. Las cuerdas evocan ese significado de continuidad y uni\u00f3n.<\/p>\n<p><img decoding=\"async\" class=\"aligncenter wp-image-437\" src=\"https:\/\/www.plugandgo.es\/wp-content\/uploads\/2017\/01\/oficinas-de-meta4-2.jpg\" alt=\"oficinas de meta4\" height=\"420\" width=\"630\"><\/p>\n<p>El 4, de su logotipo, se rescata como una gran escultura a la entrada, que tiene un uso como mesa para conectar el port\u00e1til y realizar una reuni\u00f3n informal.<\/p>\n<p>El modelo de ocupaci\u00f3n genera un centro neur\u00e1lgico de reuni\u00f3n en formato \u00e1gora, donde poder realizar presentaciones a clientes, mantener formaci\u00f3n interna, reunirse sin las barreras arquitect\u00f3nicas que marca el mobiliario tradicional. <strong>Un ambiente creado para conectar e innovar de forma distendida.<\/strong><\/p>\n<p>En el \u00e1rea abierta, se contemplan puestos no asignados (hot desking) y puestos asignados (residentes). Para favorecer la concentraci\u00f3n y conferencias, se sit\u00faan varias phone booth que inviten a dar valor al \u00e1rea abierta, constituida por mesas bench sin separadores ni cajoneras. Las taquillas, en zona perimetral, permiten recoger y dejar los puestos limpios al fin de cada jornada.<\/p>\n<p><img decoding=\"async\" class=\"aligncenter wp-image-440\" src=\"https:\/\/www.plugandgo.es\/wp-content\/uploads\/2017\/01\/oficinas-de-meta4-3.jpg\" alt=\"oficinas de meta4\" height=\"420\" width=\"630\"><\/p>\n<p>Las salas cerradas, contienen un interiorismo cuidado en maderas, blanco y gris que invitan al relax y recuerdan el estilo escandinavo. Un interiorismo sin pretensiones, cercano, limpio, sin trabas, facilitador como la cultura de Meta4.<\/p>\n<p>La ergonom\u00eda no s\u00f3lo se trabaja en siller\u00eda de alta gama, sino en cambio de posturas, cre\u00e1ndose zonas hotelling con bancos y mesas altas que permitan al equipo trabajar en otras posturas.<\/p>\n<p><img loading=\"lazy\" decoding=\"async\" class=\"aligncenter wp-image-441\" src=\"https:\/\/www.plugandgo.es\/wp-content\/uploads\/2017\/01\/HOTELLING1.jpg\" alt=\"oficinas de meta4\" height=\"630\" width=\"420\"><\/p>\n<p>El arte como hilo conductor de innovaci\u00f3n, traje a medida y autenticidad. Con Meta4 tambi\u00e9n innovamos en rescatar el trabajo manual para crear murales y se\u00f1alizar espacios. Alej\u00e1ndonos de los vinilos, se crea un gran mural que contiene los mensajes que el equipo de Meta4 asocia a su empresa: equipo,<br \/>\nconfianza, flexibilidad\u2026<\/p>\n<p><img loading=\"lazy\" decoding=\"async\" class=\"aligncenter wp-image-445\" src=\"https:\/\/www.plugandgo.es\/wp-content\/uploads\/2017\/01\/MURAL2.jpg\" alt=\"oficinas de meta4\" height=\"420\" width=\"630\"><\/p>\n<h4>Un mural dise\u00f1ado por el artista Antonio de Ir\u00fan.<\/h4>\n<p>La se\u00f1al\u00e9tica tambi\u00e9n se realiza a mano, sobre puertas, mesas y carpinter\u00eda y hace un gi\u00f1o a personalidades del arte como: EL Bosco, Dal\u00ed, Picasso, Charles Chaplin, Mar\u00eda Callas\u2026 Las firmas de estos personajes, se\u00f1alizan los espacios para poder ser reservados por el equipo.<\/p>\n<p>Realizar a mano este proceso de se\u00f1al\u00e9tica, permite recordar que Meta4 mantiene el esp\u00edritu de artesanos, dise\u00f1ando soluciones a medida de sus clientes.<\/p>\n<h5>Apostando por el bienestar y cuidado de su cliente interno<\/h5>\n<p>Adem\u00e1s de integrar esta transformaci\u00f3n del espacio, Meta4 ha realizado un cambio en su zona de comedor, integrando men\u00fas ecol\u00f3gicos que van desde el desayuno a la comida y que permiten al equipo cuidarse dentro de la oficina.<\/p>\n<p>&nbsp;<\/p>\n<p><strong>Publicado en Espacios Interiores: <\/strong>Sede social de Meta4 &#8211;&gt; <a href=\"https:\/\/www.plugandgo.es\/wp-content\/uploads\/2017\/01\/meta4.pdf\" target=\"_blank\" rel=\"noopener\"><em>Descarga la publicaci\u00f3n completa en PDF.<\/em><\/a>    \t<\/p>\n","protected":false},"excerpt":{"rendered":"<p>Plug&amp;go ha llevado a cabo el proyecto de interiorismo y ejecuci\u00f3n llave en mano para la ampliaci\u00f3n de las oficinas de Meta4 en Las Rozas (Madrid). Meta4, l\u00edder en digitalizaci\u00f3n de gesti\u00f3n de recursos humanos, est\u00e1 creciendo y apuesta por una renovaci\u00f3n y ampliaci\u00f3n de superficie en su actual edificio corporativo en Madrid; integrando conceptos [&hellip;]<\/p>\n","protected":false},"author":1,"featured_media":1500,"comment_status":"open","ping_status":"open","sticky":false,"template":"","format":"standard","meta":{"footnotes":""},"categories":[135,136],"tags":[29,27,36],"class_list":["post-1670","post","type-post","status-publish","format-standard","has-post-thumbnail","hentry","category-oficinas","category-publicaciones","tag-oficinas","tag-pluggo","tag-publicaciones"],"_links":{"self":[{"href":"https:\/\/www.plugandgo.es\/en\/wp-json\/wp\/v2\/posts\/1670","targetHints":{"allow":["GET"]}}],"collection":[{"href":"https:\/\/www.plugandgo.es\/en\/wp-json\/wp\/v2\/posts"}],"about":[{"href":"https:\/\/www.plugandgo.es\/en\/wp-json\/wp\/v2\/types\/post"}],"author":[{"embeddable":true,"href":"https:\/\/www.plugandgo.es\/en\/wp-json\/wp\/v2\/users\/1"}],"replies":[{"embeddable":true,"href":"https:\/\/www.plugandgo.es\/en\/wp-json\/wp\/v2\/comments?post=1670"}],"version-history":[{"count":0,"href":"https:\/\/www.plugandgo.es\/en\/wp-json\/wp\/v2\/posts\/1670\/revisions"}],"wp:featuredmedia":[{"embeddable":true,"href":"https:\/\/www.plugandgo.es\/en\/wp-json\/wp\/v2\/media\/1500"}],"wp:attachment":[{"href":"https:\/\/www.plugandgo.es\/en\/wp-json\/wp\/v2\/media?parent=1670"}],"wp:term":[{"taxonomy":"category","embeddable":true,"href":"https:\/\/www.plugandgo.es\/en\/wp-json\/wp\/v2\/categories?post=1670"},{"taxonomy":"post_tag","embeddable":true,"href":"https:\/\/www.plugandgo.es\/en\/wp-json\/wp\/v2\/tags?post=1670"}],"curies":[{"name":"wp","href":"https:\/\/api.w.org\/{rel}","templated":true}]}}