{"id":1679,"date":"2017-04-10T10:08:23","date_gmt":"2017-04-10T10:08:23","guid":{"rendered":"http:\/\/plugexperience.es\/?p=528"},"modified":"2017-04-10T10:08:23","modified_gmt":"2017-04-10T10:08:23","slug":"internet-de-las-cosas-en-el-diseno-de-oficinas","status":"publish","type":"post","link":"https:\/\/www.plugandgo.es\/en\/internet-de-las-cosas-en-el-diseno-de-oficinas\/","title":{"rendered":"Internet de las cosas en el dise\u00f1o de oficinas"},"content":{"rendered":"<p>El Internet de las cosas, tambi\u00e9n conocido como &#8220;Internet of Things&#8221; o &#8220;IoT&#8221; (por sus siglas en ingl\u00e9s) es un t\u00e9rmino del que cada vez o\u00edmos hablar m\u00e1s. A pesar de ello, a la mayor parte de la sociedad esto del Internet de las cosas le suena a algo del futuro, pero no es as\u00ed.<\/p>\n<figure id=\"attachment_537\" aria-describedby=\"caption-attachment-537\" style=\"width: 800px\" class=\"wp-caption aligncenter\"><img fetchpriority=\"high\" decoding=\"async\" class=\"wp-image-537 size-full\" src=\"https:\/\/www.plugandgo.es\/wp-content\/uploads\/2017\/04\/Oficinas-azValor-21baja-1.jpg\" alt=\"Internet de las cosas en el dise\u00f1o de oficinas\" width=\"800\" height=\"533\" \/><figcaption id=\"caption-attachment-537\" class=\"wp-caption-text\">Oficinas de AzValor, por Plug&amp;go arquitectura corporativa<\/figcaption><\/figure>\n<h5><\/h5>\n<h2>\u00bfQu\u00e9 es el Internet de las cosas?<\/h2>\n<p>Su propio nombre lo dice, cosas cotidianas que se conectan a Internet. Pero en realidad es mucho m\u00e1s que eso, se trata una revoluci\u00f3n en las relaciones entre los objetos y las personas, incluso entre los objetos directamente, que se conectan entre ellos y con la Red y ofrecen datos en tiempo real. Dicho de otro modo, es la digitalizaci\u00f3n del mundo f\u00edsico.<\/p>\n<p>Hace poco le\u00edamos una <a href=\"http:\/\/www.innovaspain.com\/hasier-larrea-fundador-ceo-ori-systems\/\" target=\"_blank\" rel=\"noopener\">entrevista a Hasier Larrea<\/a>, Ingeniero Industrial, en la que dec\u00eda que <strong>\u201clos espacios se adaptar\u00e1n a nosotros y no viceversa\u201d<\/strong>. Tiene toda la raz\u00f3n.<\/p>\n<p>Con el Internet de las cosas se abre un mundo de posibilidades, tanto para nuestra vida laboral, como en lo personal. Tareas como comprar, conducir, o incluso trabajar, ya no ser\u00e1n lo mismo.<\/p>\n<h2>\u00bfC\u00f3mo puede afectar el Internet de las cosas al dise\u00f1o de oficinas?<\/h2>\n<p>&#8220;El mobiliario y la arquitectura del futuro tendr\u00e1n \u2018m\u00fasculo\u2019 y \u2018cerebro\u2019; es arquitectura rob\u00f3tica\u201d, dec\u00eda Hasier Larrea. La\u00a0rob\u00f3tica\u00a0hace que los muebles se puedan transformar y que puedan estar conectados a otros elementos inteligentes como termostatos, luces, persianas, etc. Con esta nueva tecnolog\u00eda, podemos optimizar los espacios de trabajo y mejorar el bienestar del usuario final: el trabajador.<\/p>\n<p>Los nuevas oficinas son cada vez m\u00e1s &#8220;inteligentes&#8221; y conectadas. En definitiva, se trata de conseguir el m\u00e1ximo bienestar de todos los trabajadores, al menos as\u00ed es c\u00f3mo lo entendemos en <strong><a href=\"https:\/\/plugandgo.es\" target=\"_blank\" rel=\"noopener\">Plug &amp; Go<\/a><\/strong> y tal y como afrontamos todos nuestros proyectos de arquitectura corporativa.<\/p>\n<p>Nuestra m\u00e1xima, fomentar la calidad de vida.<\/p>\n<div id=\"stcpDiv\"><\/div>\n","protected":false},"excerpt":{"rendered":"<p>El Internet de las cosas, tambi\u00e9n conocido como &#8220;Internet of Things&#8221; o &#8220;IoT&#8221; (por sus siglas en ingl\u00e9s) es un t\u00e9rmino del que cada vez o\u00edmos hablar m\u00e1s. A pesar de ello, a la mayor parte de la sociedad esto del Internet de las cosas le suena a algo del futuro, pero no es as\u00ed. [&hellip;]<\/p>\n","protected":false},"author":1,"featured_media":1538,"comment_status":"closed","ping_status":"closed","sticky":false,"template":"","format":"standard","meta":{"footnotes":""},"categories":[132],"tags":[],"class_list":["post-1679","post","type-post","status-publish","format-standard","has-post-thumbnail","hentry","category-actualidad"],"_links":{"self":[{"href":"https:\/\/www.plugandgo.es\/en\/wp-json\/wp\/v2\/posts\/1679","targetHints":{"allow":["GET"]}}],"collection":[{"href":"https:\/\/www.plugandgo.es\/en\/wp-json\/wp\/v2\/posts"}],"about":[{"href":"https:\/\/www.plugandgo.es\/en\/wp-json\/wp\/v2\/types\/post"}],"author":[{"embeddable":true,"href":"https:\/\/www.plugandgo.es\/en\/wp-json\/wp\/v2\/users\/1"}],"replies":[{"embeddable":true,"href":"https:\/\/www.plugandgo.es\/en\/wp-json\/wp\/v2\/comments?post=1679"}],"version-history":[{"count":0,"href":"https:\/\/www.plugandgo.es\/en\/wp-json\/wp\/v2\/posts\/1679\/revisions"}],"wp:featuredmedia":[{"embeddable":true,"href":"https:\/\/www.plugandgo.es\/en\/wp-json\/wp\/v2\/media\/1538"}],"wp:attachment":[{"href":"https:\/\/www.plugandgo.es\/en\/wp-json\/wp\/v2\/media?parent=1679"}],"wp:term":[{"taxonomy":"category","embeddable":true,"href":"https:\/\/www.plugandgo.es\/en\/wp-json\/wp\/v2\/categories?post=1679"},{"taxonomy":"post_tag","embeddable":true,"href":"https:\/\/www.plugandgo.es\/en\/wp-json\/wp\/v2\/tags?post=1679"}],"curies":[{"name":"wp","href":"https:\/\/api.w.org\/{rel}","templated":true}]}}