{"id":1688,"date":"2017-06-21T11:50:21","date_gmt":"2017-06-21T11:50:21","guid":{"rendered":"http:\/\/plugexperience.es\/?p=654"},"modified":"2023-05-30T11:21:42","modified_gmt":"2023-05-30T11:21:42","slug":"tendencias-en-decoracion-casa-decor-2017","status":"publish","type":"post","link":"https:\/\/www.plugandgo.es\/en\/tendencias-en-decoracion-casa-decor-2017\/","title":{"rendered":"\u00daltimas tendencias en decoraci\u00f3n, de la mano de Casa Decor"},"content":{"rendered":"<h4>Un a\u00f1o m\u00e1s hemos acudido a <a href=\"https:\/\/casadecor.es\/madrid-2017\/\" target=\"_blank\" rel=\"noopener\">Casa Decor<\/a>, la exclusiva exposici\u00f3n de interiorismo que se realiza todos los a\u00f1os en un emplazamiento diferente en el centro de Madrid.<\/h4>\n<p><em>Este a\u00f1o celebra su 25\u00ba aniversario y ha desembarcado, por primera vez, en la zona m\u00e1s exclusiva y lujosa de la capital: el barrio de los Jer\u00f3nimos.<\/em><\/p>\n<p><img fetchpriority=\"high\" decoding=\"async\" class=\"aligncenter size-full wp-image-658\" src=\"https:\/\/www.plugandgo.es\/wp-content\/uploads\/2017\/06\/casadecor-1.png\" alt=\"casadecor\" width=\"484\" height=\"331\" \/><\/p>\n<p>Durante estos 25 a\u00f1os, Casa Decor ha ocupado medio centenar de edificios hasta llegar a esta edici\u00f3n, donde ha vuelto a sus or\u00edgenes: redecorar un edificio de viviendas de 1900.<\/p>\n<p>Para quien no lo conozca, durante los 40 d\u00edas que dura el evento, se va dando forma a diferentes espacios decorados por los interioristas m\u00e1s destacados de la actualidad. Empresas del sector se acercan cada a\u00f1o a Casa Decor para renovar ideas y entrar en contacto con otros profesionales, y as\u00ed lo hemos hecho nosotros.<\/p>\n<h2><span style=\"color: #ff6600;\">\u00daltimas tendencias en decoraci\u00f3n<\/span><\/h2>\n<p>Entre las tendencias que pudimos ver destaca el <strong>colorido<\/strong>. Los <strong>motivos naturales y los estampados tropicales<\/strong> cobran fuerza y los elementos vegetales como flores y hojas predominan en los espacios del hogar. Tambi\u00e9n el <strong>color azul<\/strong> en toda su gama crom\u00e1tica sobresale esta temporda. Los colores intensos han invadido todas las instancias de la casa, dotando de fuerza y expresividad todos sus rincones.<\/p>\n<p>Los tejidos naturales y los muebles con etiqueta ecol\u00f3gica son otro de los elementos que han llamado nuestra atenci\u00f3n. La concienciaci\u00f3n con el medio ambiente, el ahorro energ\u00e9tico y la reutilizaci\u00f3n de materiales cada vez est\u00e1n m\u00e1s en boga; una <strong>propuesta ecol\u00f3gica<\/strong> que nos encanta.<\/p>\n<p>En cuanto a los suelos, se combinan los materiales de siempre, como la madera o el m\u00e1rmol, con dise\u00f1os modernos y vanguardistas. Los <strong>mosaicos<\/strong> y las <strong>mezclas de materiales<\/strong> despuntan y se abren paso los acabados originales.<\/p>\n<p>Ha sido una experiencia estupenda para estar al tanto en lo que se refiere a las \u00faltimas tendencias en decoraci\u00f3n. Casa Decor es un escaparate \u00fanico que recomendamos a todo aquel profesional del mundo del dise\u00f1o, la arquitectura y, por supuesto, de la decoraci\u00f3n.<\/p>\n<p>\u00a1Nos vemos en la pr\u00f3xima edici\u00f3n!<\/p>\n","protected":false},"excerpt":{"rendered":"<p>Un a\u00f1o m\u00e1s hemos acudido a Casa Decor, la exclusiva exposici\u00f3n de interiorismo que se realiza todos los a\u00f1os en un emplazamiento diferente en el centro de Madrid. Este a\u00f1o celebra su 25\u00ba aniversario y ha desembarcado, por primera vez, en la zona m\u00e1s exclusiva y lujosa de la capital: el barrio de los Jer\u00f3nimos. [&hellip;]<\/p>\n","protected":false},"author":1,"featured_media":1555,"comment_status":"open","ping_status":"open","sticky":false,"template":"","format":"standard","meta":{"footnotes":""},"categories":[132],"tags":[40,19,41],"class_list":["post-1688","post","type-post","status-publish","format-standard","has-post-thumbnail","hentry","category-actualidad","tag-decoracion-de-interiores","tag-diseno","tag-interiorismo"],"_links":{"self":[{"href":"https:\/\/www.plugandgo.es\/en\/wp-json\/wp\/v2\/posts\/1688","targetHints":{"allow":["GET"]}}],"collection":[{"href":"https:\/\/www.plugandgo.es\/en\/wp-json\/wp\/v2\/posts"}],"about":[{"href":"https:\/\/www.plugandgo.es\/en\/wp-json\/wp\/v2\/types\/post"}],"author":[{"embeddable":true,"href":"https:\/\/www.plugandgo.es\/en\/wp-json\/wp\/v2\/users\/1"}],"replies":[{"embeddable":true,"href":"https:\/\/www.plugandgo.es\/en\/wp-json\/wp\/v2\/comments?post=1688"}],"version-history":[{"count":0,"href":"https:\/\/www.plugandgo.es\/en\/wp-json\/wp\/v2\/posts\/1688\/revisions"}],"wp:featuredmedia":[{"embeddable":true,"href":"https:\/\/www.plugandgo.es\/en\/wp-json\/wp\/v2\/media\/1555"}],"wp:attachment":[{"href":"https:\/\/www.plugandgo.es\/en\/wp-json\/wp\/v2\/media?parent=1688"}],"wp:term":[{"taxonomy":"category","embeddable":true,"href":"https:\/\/www.plugandgo.es\/en\/wp-json\/wp\/v2\/categories?post=1688"},{"taxonomy":"post_tag","embeddable":true,"href":"https:\/\/www.plugandgo.es\/en\/wp-json\/wp\/v2\/tags?post=1688"}],"curies":[{"name":"wp","href":"https:\/\/api.w.org\/{rel}","templated":true}]}}