{"id":1700,"date":"2017-11-23T16:16:47","date_gmt":"2017-11-23T16:16:47","guid":{"rendered":"http:\/\/plugexperience.es\/?p=726"},"modified":"2017-11-23T16:16:47","modified_gmt":"2017-11-23T16:16:47","slug":"hacia-la-oficina-eficiente-la-transformacion-los-espacios-trabajo","status":"publish","type":"post","link":"https:\/\/www.plugandgo.es\/en\/hacia-la-oficina-eficiente-la-transformacion-los-espacios-trabajo\/","title":{"rendered":"Hacia la oficina eficiente: la transformaci\u00f3n de los espacios de trabajo"},"content":{"rendered":"<p>Hoy hemos disfrutado de una ma\u00f1ana de lo m\u00e1s interesante: compartiendo experiencias, conocimientos y opiniones sobre espacios de trabajo con grandes profesionales del mundo de la arquitectura.<\/p>\n<p><img fetchpriority=\"high\" decoding=\"async\" class=\"aligncenter size-full wp-image-729\" src=\"https:\/\/www.plugandgo.es\/wp-content\/uploads\/2017\/11\/hacia-la-oficina-eficiente-01-2.jpg\" alt=\"hacia la oficina eficiente \" width=\"700\" height=\"467\"><\/p>\n<p>Covadonga G. Quintana, socia de <a href=\"https:\/\/www.plugandgo.es\" target=\"_blank\" rel=\"noopener\">Plug &amp; Go<\/a>, ha participado como ponente en la <a href=\"http:\/\/grupoevetson.com\/portfolio\/hacia-la-oficina-eficiente-madrid\/\" target=\"_blank\" rel=\"noopener\">Jornada Proarquitectura<\/a> organizada por Grupo Evetson. En la mesa redonda han participado tambi\u00e9n:<\/p>\n<ul>\n<li>Julio Touza, socio y co-director en&nbsp;Touza Arquitectos<\/li>\n<li>\u00c1ngela Teresa Rodr\u00edguez, de Ramseyer Waisman&nbsp;Arquitectos<\/li>\n<li>\u00d3scar Mart\u00ednez, director de BREEAM Espa\u00f1a<\/li>\n<li>Francisco Javier Blanco, de Espacio Aretha,<\/li>\n<li>Ra\u00fal Escudero, director de proyectos en 3g office<\/li>\n<li>Jes\u00fas Ocampo, director t\u00e9cnico en ACIEROI<\/li>\n<li>Julian Fornies, de GERFLOR<\/li>\n<li>Jos\u00e9 Miguel Gonzalez, director comercial en&nbsp;FLEXICEL<\/li>\n<li>\u00c1lvaro Maestro, jefe de producto y marketing en ALGECO Espa\u00f1a<\/li>\n<li>Javier Mart\u00edn, director de cuentas claves&nbsp;en ALGECO Espa\u00f1a<\/li>\n<\/ul>\n<h2>Hacia la oficina eficiente: la transformaci\u00f3n de los espacios de trabajo<\/h2>\n<p>Est\u00e1 claro que los espacios de trabajo est\u00e1n viviendo una gran trasformaci\u00f3n. La implantaci\u00f3n de nuevas tecnolog\u00edas, la ergonom\u00eda y la salud del trabajador se han convertido en elementos clave a la hora de dise\u00f1ar las oficinas.<\/p>\n<p>Durante la jornada, titulada &#8220;Hacia la oficina eficiente&#8221;, hemos abordado distintos temas relacionados con este cambio: la transformaci\u00f3n digital, el bienestar de los trabajadores, la sostenibilidad&#8230;<\/p>\n<p><img decoding=\"async\" class=\"aligncenter size-full wp-image-727\" src=\"https:\/\/www.plugandgo.es\/wp-content\/uploads\/2017\/11\/hacia-la-oficina-eficiente-02-1.jpg\" alt=\"hacia la oficina eficiente \" width=\"700\" height=\"467\"><\/p>\n<p>Si bien antes, a la hora de hablar de la oficina, se presum\u00eda de los materiales con los que estaba hecha y dise\u00f1ada, ahora lo importante es su funcionalidad. Conseguir el bienestar de los usuarios es uno de los aspectos m\u00e1s importantes a la hora de dise\u00f1ar los espacios de trabajo.<\/p>\n<p>Las empresas ahora conciben la oficina de un modo diferente a como se hac\u00eda antes.<\/p>\n<p>Ha habido una p\u00e9rdida del sentimiento de propiedad del puesto de trabajo. Es decir, antes las personas sent\u00edan que eran propietarias de unos determinados metros cuadrados, ahora mismo el espacio es un espacio com\u00fan. &#8220;No hay un sentimiento de propiedad, pero s\u00ed un sentimiento de pertenencia a la empresa&#8221; ha recalcado Covadonga G. Quintana durante su intervenci\u00f3n.<\/p>\n<figure id=\"attachment_728\" aria-describedby=\"caption-attachment-728\" style=\"width: 700px\" class=\"wp-caption aligncenter\"><img decoding=\"async\" class=\"size-full wp-image-728\" src=\"https:\/\/www.plugandgo.es\/wp-content\/uploads\/2017\/11\/hacia-la-oficina-eficiente-04-1.jpg\" alt=\"hacia la oficina eficiente \" width=\"700\" height=\"467\"><figcaption id=\"caption-attachment-728\" class=\"wp-caption-text\">Covadonga G. Quintana, socia de Plug &amp; Go<\/figcaption><\/figure>\n<p>El espacio de trabajo est\u00e1 al servicio de las personas, ese es el cambio de paradigma. El sentimiento de pertenencia a la empresa no solo se trabaja con los colores, los logotipos o los mensajes de marca, sino que se hace tambi\u00e9n a traves de la funcionalidad del espacio. De esta manera, se transmite ese cambio de procesos, ese cambio de forma de trabajar, y la transformacion real de la compa\u00f1ia.<\/p>\n<p>La oficina hoy en d\u00eda es un lugar cada vez m\u00e1s c\u00e1lido, adaptable y comunicativo; donde encontramos <em>phone booth<\/em>, \u00e1goras, espacios muy abiertos, puestos no asignados, etc. Elementos que invitan a generar flujos de trabajo m\u00e1s confortables y productivos.<\/p>\n<p><img loading=\"lazy\" decoding=\"async\" class=\"aligncenter size-full wp-image-730\" src=\"https:\/\/www.plugandgo.es\/wp-content\/uploads\/2017\/11\/hacia-la-oficina-eficiente-03.jpg\" alt=\"hacia la oficina eficiente \" width=\"700\" height=\"467\"><\/p>\n<p>Las compa\u00f1\u00edas son cada vez m\u00e1s internacionales. Nos acercamos al concepto <em>knowmad<\/em>, esa persona que puede trabajar con cualquier persona y desde cualquier lugar; y esta movilidad hace que todos estos atributos se incorporen al espacio de trabajo. La digitalizaci\u00f3n, por supuesto, ha ayudado mucho a este cambio.    \t<\/p>\n","protected":false},"excerpt":{"rendered":"<p>Hoy hemos disfrutado de una ma\u00f1ana de lo m\u00e1s interesante: compartiendo experiencias, conocimientos y opiniones sobre espacios de trabajo con grandes profesionales del mundo de la arquitectura. Covadonga G. Quintana, socia de Plug &amp; Go, ha participado como ponente en la Jornada Proarquitectura organizada por Grupo Evetson. En la mesa redonda han participado tambi\u00e9n: Julio [&hellip;]<\/p>\n","protected":false},"author":1,"featured_media":1612,"comment_status":"open","ping_status":"open","sticky":false,"template":"","format":"standard","meta":{"footnotes":""},"categories":[132,133],"tags":[],"class_list":["post-1700","post","type-post","status-publish","format-standard","has-post-thumbnail","hentry","category-actualidad","category-noticias"],"_links":{"self":[{"href":"https:\/\/www.plugandgo.es\/en\/wp-json\/wp\/v2\/posts\/1700","targetHints":{"allow":["GET"]}}],"collection":[{"href":"https:\/\/www.plugandgo.es\/en\/wp-json\/wp\/v2\/posts"}],"about":[{"href":"https:\/\/www.plugandgo.es\/en\/wp-json\/wp\/v2\/types\/post"}],"author":[{"embeddable":true,"href":"https:\/\/www.plugandgo.es\/en\/wp-json\/wp\/v2\/users\/1"}],"replies":[{"embeddable":true,"href":"https:\/\/www.plugandgo.es\/en\/wp-json\/wp\/v2\/comments?post=1700"}],"version-history":[{"count":0,"href":"https:\/\/www.plugandgo.es\/en\/wp-json\/wp\/v2\/posts\/1700\/revisions"}],"wp:featuredmedia":[{"embeddable":true,"href":"https:\/\/www.plugandgo.es\/en\/wp-json\/wp\/v2\/media\/1612"}],"wp:attachment":[{"href":"https:\/\/www.plugandgo.es\/en\/wp-json\/wp\/v2\/media?parent=1700"}],"wp:term":[{"taxonomy":"category","embeddable":true,"href":"https:\/\/www.plugandgo.es\/en\/wp-json\/wp\/v2\/categories?post=1700"},{"taxonomy":"post_tag","embeddable":true,"href":"https:\/\/www.plugandgo.es\/en\/wp-json\/wp\/v2\/tags?post=1700"}],"curies":[{"name":"wp","href":"https:\/\/api.w.org\/{rel}","templated":true}]}}