{"id":1883,"date":"2018-07-09T08:43:15","date_gmt":"2018-07-09T08:43:15","guid":{"rendered":"https:\/\/www.plugandgo.es\/?p=1883"},"modified":"2018-07-09T08:43:15","modified_gmt":"2018-07-09T08:43:15","slug":"cambios-en-la-arquitectura-tras-la-crisis","status":"publish","type":"post","link":"https:\/\/www.plugandgo.es\/en\/cambios-en-la-arquitectura-tras-la-crisis\/","title":{"rendered":"Los cambios en la arquitectura tras la crisis"},"content":{"rendered":"<p>La crisis econ\u00f3mica que afect\u00f3 a nuestro pa\u00eds en la \u00faltima d\u00e9cada ha impulsado diversos cambios en la manera de concebir y abordar la arquitectura, ya sea en las propias estructuras de los edificios como tambi\u00e9n al interior de los espacios de trabajo. De esta manera, hoy es posible ver estrategias alineadas con la sostenibilidad o la innovaci\u00f3n en t\u00e9rminos de accesibilidad y dise\u00f1o.<\/p>\n<blockquote><p>\u201cLlevamos a\u00f1os de crisis donde las sociedades patrimoniales no renovaban su stock en un mercado bajista y mucho m\u00e1s atomizado&#8230; y hemos pasado a un mercado donde se han integrado sociedades creando un patrimonio mayor con una estrategia clara de inversi\u00f3n y de rehabilitaci\u00f3n y puesta en mercado de sus activos, haci\u00e9ndolas m\u00e1s eficientes y m\u00e1s alineadas a la arquitectura actual\u201d, comenta nuestra socia directora de <a href=\"https:\/\/www.plugandgo.es\">plug&amp;go<\/a>, Covadonga G. Quintana.<\/p><\/blockquote>\n<figure id=\"attachment_1891\" aria-describedby=\"caption-attachment-1891\" style=\"width: 600px\" class=\"wp-caption aligncenter\"><img fetchpriority=\"high\" decoding=\"async\" class=\"wp-image-1891\" src=\"https:\/\/www.plugandgo.es\/wp-content\/uploads\/2018\/07\/covadonga-g-quintana-300x181.png\" alt=\"arquitectura corporativa\" width=\"600\" height=\"361\" srcset=\"https:\/\/www.plugandgo.es\/wp-content\/uploads\/2018\/07\/covadonga-g-quintana-300x181.png 300w, https:\/\/www.plugandgo.es\/wp-content\/uploads\/2018\/07\/covadonga-g-quintana-1024x617.png 1024w, https:\/\/www.plugandgo.es\/wp-content\/uploads\/2018\/07\/covadonga-g-quintana-760x458.png 760w, https:\/\/www.plugandgo.es\/wp-content\/uploads\/2018\/07\/covadonga-g-quintana-1030x620.png 1030w, https:\/\/www.plugandgo.es\/wp-content\/uploads\/2018\/07\/covadonga-g-quintana-768x463.png 768w, https:\/\/www.plugandgo.es\/wp-content\/uploads\/2018\/07\/covadonga-g-quintana-1536x925.png 1536w, https:\/\/www.plugandgo.es\/wp-content\/uploads\/2018\/07\/covadonga-g-quintana.png 1569w\" sizes=\"(max-width: 600px) 100vw, 600px\" \/><figcaption id=\"caption-attachment-1891\" class=\"wp-caption-text\">Covadonga G. Quintana, socia directora de plug&amp;go<\/figcaption><\/figure>\n<h2>Espacios reconfigurados<\/h2>\n<p>Algunos de los cambios m\u00e1s tangibles se reflejan en el hecho de que los edificios est\u00e1n experimentando un proceso de renovaci\u00f3n, apostando por <strong>espacios de trabajo m\u00e1s reducidos<\/strong> en t\u00e9rminos de metros cuadrados. Lo anterior, gracias a que diversas trasnacionales han tomado la decisi\u00f3n de centralizar sus departamentos en otros pa\u00edses de Europa dejando sus sedes para los equipos de negocios, por nombrar solo un motivo.<\/p>\n<p>Otro cambio que se vive hoy es el <strong>crecimiento de las \u00e1reas de coworking<\/strong>, de la mano de la proliferaci\u00f3n de los startups y la figura de los <em>freelances<\/em>. Seg\u00fan datos de <a href=\"https:\/\/elpais.com\/\" target=\"_blank\" rel=\"noopener\">El Pa\u00eds<\/a> publicados en febrero, el n\u00famero de instalaciones de estas caracter\u00edsticas creci\u00f3 un 50% durante 2017 y se estima que existen cerca de 10.000 oficinas de coworking en todo el mundo. Este boom ha cobrado especial importancia en las zonas urbanas del pa\u00eds, ya que cuatro de cada cinco de ellos est\u00e1n ubicados en Madrid o Barcelona.<\/p>\n<blockquote><p>\u201cLa proliferaci\u00f3n de <em>startups<\/em> ha impulsado el crecimiento de espacios <em>coworking<\/em> y modelos mucho m\u00e1s flexibles que permitan abordar crecimientos sin estar atados a contratos de arrendamiento con cumplimientos obligados\u201d, agrega Covadonga G. Quintana.<\/p><\/blockquote>\n<h2 style=\"text-align: left;\">La tendencia hoy: arquitectura corporativa<\/h2>\n<p>Actualmente, las organizaciones est\u00e1n tomando cada vez m\u00e1s consciencia de que los lugares de trabajo no pueden ser concebidos \u00fanicamente por su mera funcionalidad, sino tambi\u00e9n como <strong>herramientas de comunicaci\u00f3n y branding<\/strong>, entre otras funciones, lo que en plug&amp;go nos gusta llamar <a href=\"https:\/\/www.plugandgo.es\/servicios\/\">arquitectura corporativa<\/a>.<\/p>\n<figure id=\"attachment_1893\" aria-describedby=\"caption-attachment-1893\" style=\"width: 891px\" class=\"wp-caption aligncenter\"><img decoding=\"async\" class=\"wp-image-1893 size-full\" src=\"https:\/\/www.plugandgo.es\/wp-content\/uploads\/2018\/07\/meta-arquitectura.png?_t=1531125564\" alt=\"cambios en la arquitectura\" width=\"891\" height=\"582\" srcset=\"https:\/\/www.plugandgo.es\/wp-content\/uploads\/2018\/07\/meta-arquitectura.png 891w, https:\/\/www.plugandgo.es\/wp-content\/uploads\/2018\/07\/meta-arquitectura-760x496.png 760w, https:\/\/www.plugandgo.es\/wp-content\/uploads\/2018\/07\/meta-arquitectura-300x196.png 300w, https:\/\/www.plugandgo.es\/wp-content\/uploads\/2018\/07\/meta-arquitectura-768x502.png 768w\" sizes=\"(max-width: 891px) 100vw, 891px\" \/><figcaption id=\"caption-attachment-1893\" class=\"wp-caption-text\">Sede de Meta4 en Madrid, por plug&amp;go<\/figcaption><\/figure>\n<p>Para lograr desarrollar este concepto ayudamos a la empresa a crear su marca desde dentro, generando acciones como instaurar embajadores en el equipo, trabajar en base a la metodolog\u00eda <em>Design Thinking<\/em> y pensar el sello en base a tres ejes: <em>Architectural Branding, Employer Branding<\/em> y <em>Experiential Branding<\/em>.<\/p>\n<blockquote><p>\u201cTodas las acciones de marca que realizamos est\u00e1n dentro del paraguas de arquitectura corporativa y se asientan en tres pilares: <strong>innovaci\u00f3n, experiencia y comunidad<\/strong>\u201d, dice nuestra socia directora.<\/p><\/blockquote>\n<p>Algunas de las empresas con las que desarrollamos estos conceptos en la actualidad son Decathlon y Meta4. En la transformaci\u00f3n de sus sedes centrales se est\u00e1n realizando proyectos muy interesantes pues \u201crespiran\u201d branding en todo su proceso creativo, con equipos multidisciplinares compuestos por miembros tanto de sus propias compa\u00f1\u00edas como de plug&amp;go.<\/p>\n","protected":false},"excerpt":{"rendered":"<p>La crisis econ\u00f3mica que afect\u00f3 a nuestro pa\u00eds en la \u00faltima d\u00e9cada ha impulsado diversos cambios en la manera de concebir y abordar la arquitectura, ya sea en las propias estructuras de los edificios como tambi\u00e9n al interior de los espacios de trabajo. De esta manera, hoy es posible ver estrategias alineadas con la sostenibilidad [&hellip;]<\/p>\n","protected":false},"author":2,"featured_media":1898,"comment_status":"closed","ping_status":"closed","sticky":false,"template":"","format":"standard","meta":{"footnotes":""},"categories":[132,131],"tags":[],"class_list":["post-1883","post","type-post","status-publish","format-standard","has-post-thumbnail","hentry","category-actualidad","category-arquitectura"],"_links":{"self":[{"href":"https:\/\/www.plugandgo.es\/en\/wp-json\/wp\/v2\/posts\/1883","targetHints":{"allow":["GET"]}}],"collection":[{"href":"https:\/\/www.plugandgo.es\/en\/wp-json\/wp\/v2\/posts"}],"about":[{"href":"https:\/\/www.plugandgo.es\/en\/wp-json\/wp\/v2\/types\/post"}],"author":[{"embeddable":true,"href":"https:\/\/www.plugandgo.es\/en\/wp-json\/wp\/v2\/users\/2"}],"replies":[{"embeddable":true,"href":"https:\/\/www.plugandgo.es\/en\/wp-json\/wp\/v2\/comments?post=1883"}],"version-history":[{"count":0,"href":"https:\/\/www.plugandgo.es\/en\/wp-json\/wp\/v2\/posts\/1883\/revisions"}],"wp:featuredmedia":[{"embeddable":true,"href":"https:\/\/www.plugandgo.es\/en\/wp-json\/wp\/v2\/media\/1898"}],"wp:attachment":[{"href":"https:\/\/www.plugandgo.es\/en\/wp-json\/wp\/v2\/media?parent=1883"}],"wp:term":[{"taxonomy":"category","embeddable":true,"href":"https:\/\/www.plugandgo.es\/en\/wp-json\/wp\/v2\/categories?post=1883"},{"taxonomy":"post_tag","embeddable":true,"href":"https:\/\/www.plugandgo.es\/en\/wp-json\/wp\/v2\/tags?post=1883"}],"curies":[{"name":"wp","href":"https:\/\/api.w.org\/{rel}","templated":true}]}}