{"id":2006,"date":"2018-07-25T10:22:25","date_gmt":"2018-07-25T10:22:25","guid":{"rendered":"https:\/\/www.plugandgo.es\/?p=2006"},"modified":"2018-07-25T10:22:25","modified_gmt":"2018-07-25T10:22:25","slug":"nueva-sede-social-pharmex-rompiendo-moldes","status":"publish","type":"post","link":"https:\/\/www.plugandgo.es\/en\/nueva-sede-social-pharmex-rompiendo-moldes\/","title":{"rendered":"La nueva sede social de la multinacional Pharmex, rompiendo moldes"},"content":{"rendered":"<p>La firma farmac\u00e9utica suiza <a href=\"https:\/\/www.pharmex.swiss\/\" target=\"_blank\" rel=\"noopener\">Pharmex<\/a> inici\u00f3 a finales de 2016 la compra de los conocidos laboratorios P\u00e9rez-Gim\u00e9nez, fabricantes, entre otras referencias, del conocido Calmante Vitaminado.<\/p>\n<p>Este proceso de compra e integraci\u00f3n, que llev\u00f3 -a Pharmex- la obtenci\u00f3n de la aprobaci\u00f3n de la Aemps para comercializar su oferta en 2018, se ha culminado con un <a href=\"https:\/\/www.plugandgo.es\/servicios\/\" target=\"_blank\" rel=\"noopener\"><strong>cambio de sede social en Madrid<\/strong><\/a>, transformando la imagen, cultura y forma de trabajar de la compa\u00f1\u00eda en Espa\u00f1a.<\/p>\n<p><img fetchpriority=\"high\" decoding=\"async\" class=\"alignnone size-full wp-image-2000\" src=\"https:\/\/www.plugandgo.es\/wp-content\/uploads\/2018\/07\/Oficinas-Pharmex-06.jpg\" alt=\"\" width=\"800\" height=\"533\" srcset=\"https:\/\/www.plugandgo.es\/wp-content\/uploads\/2018\/07\/Oficinas-Pharmex-06.jpg 800w, https:\/\/www.plugandgo.es\/wp-content\/uploads\/2018\/07\/Oficinas-Pharmex-06-760x506.jpg 760w, https:\/\/www.plugandgo.es\/wp-content\/uploads\/2018\/07\/Oficinas-Pharmex-06-300x200.jpg 300w, https:\/\/www.plugandgo.es\/wp-content\/uploads\/2018\/07\/Oficinas-Pharmex-06-768x512.jpg 768w\" sizes=\"(max-width: 800px) 100vw, 800px\" \/><\/p>\n<h2>Pharmex ha confiado el proyecto de implantaci\u00f3n y ejecuci\u00f3n de obras a plug&amp;go arquitectura corporativa<\/h2>\n<p>Desde el inicio y desarrollo del concepto de dise\u00f1o, en <a href=\"https:\/\/www.plugandgo.es\/\" target=\"_blank\" rel=\"noopener\">plug&amp;go<\/a> tuvimos claro que el nuevo espacio ten\u00eda que cumplir con dos premisas importantes: generar bienestar al equipo humano de Pharmex, como ellos hacen con sus clientes; y definir un modelo de ocupaci\u00f3n que rompiese con la idea de farmac\u00e9utica tradicional: distante, fr\u00eda, jer\u00e1rquica y fuera de los actuales paradigmas laborarles.<\/p>\n<blockquote><p>El nuevo espacio ten\u00eda que cumplir con dos premisas importantes: generar bienestar y romper con la idea de farmac\u00e9utica tradicional<\/p><\/blockquote>\n<p>El nuevo espacio de Pharmex respira <strong>transparencia<\/strong>, eliminando despachos y definiendo el puesto de trabajo como una herramienta real que permita desarrollar funciones y no estatus. De este modo, los directores quedan integrados en el \u00e1rea abierta con una posici\u00f3n configurada en <em>bench<\/em> con sillas de confidente para poder atender al grupo que lideren.<\/p>\n<p><img decoding=\"async\" class=\"aligncenter wp-image-2007 size-full\" src=\"https:\/\/www.plugandgo.es\/wp-content\/uploads\/2018\/07\/Oficinas-Pharmex-17-1.jpg?_t=1532512936\" alt=\"sede social de pharmex\" width=\"800\" height=\"533\" srcset=\"https:\/\/www.plugandgo.es\/wp-content\/uploads\/2018\/07\/Oficinas-Pharmex-17-1.jpg 800w, https:\/\/www.plugandgo.es\/wp-content\/uploads\/2018\/07\/Oficinas-Pharmex-17-1-760x506.jpg 760w, https:\/\/www.plugandgo.es\/wp-content\/uploads\/2018\/07\/Oficinas-Pharmex-17-1-300x200.jpg 300w, https:\/\/www.plugandgo.es\/wp-content\/uploads\/2018\/07\/Oficinas-Pharmex-17-1-768x512.jpg 768w\" sizes=\"(max-width: 800px) 100vw, 800px\" \/><\/p>\n<p>La <strong>confidencialidad<\/strong>, requerida para conferencias internacionales del grupo con su matriz en Suiza y mercados en Latinoam\u00e9rica, se logra dise\u00f1ando <em>phone booths<\/em> con soluciones ac\u00fasticas que permiten este objetivo, adem\u00e1s de ser un lugar de concentraci\u00f3n puntual. Adicionalmente, el equipo cuenta con diferentes salas de reuniones donde mantener sesiones de grupo y formaci\u00f3n.<\/p>\n<p><img decoding=\"async\" class=\"alignnone wp-image-1979 size-full\" src=\"https:\/\/www.plugandgo.es\/wp-content\/uploads\/2018\/07\/Oficinas-Pharmex-27.jpg\" alt=\"sede social de pharmex\" width=\"800\" height=\"533\" srcset=\"https:\/\/www.plugandgo.es\/wp-content\/uploads\/2018\/07\/Oficinas-Pharmex-27.jpg 800w, https:\/\/www.plugandgo.es\/wp-content\/uploads\/2018\/07\/Oficinas-Pharmex-27-760x506.jpg 760w, https:\/\/www.plugandgo.es\/wp-content\/uploads\/2018\/07\/Oficinas-Pharmex-27-300x200.jpg 300w, https:\/\/www.plugandgo.es\/wp-content\/uploads\/2018\/07\/Oficinas-Pharmex-27-768x512.jpg 768w\" sizes=\"(max-width: 800px) 100vw, 800px\" \/><\/p>\n<p>El espacio dedicado a realizar una pausa o comer, presta mucha atenci\u00f3n al <strong>dise\u00f1o<\/strong>. Se busca crear un centro neur\u00e1lgico que adem\u00e1s de descansar, de cabida a trabajar o reunirse de forma no convencional. Gran parte de los procesos creativos y de <em>brainstorming<\/em> del grupo se realizan en este espacio creado para innovar.<\/p>\n<p><img loading=\"lazy\" decoding=\"async\" class=\"alignnone wp-image-1972 size-full\" src=\"https:\/\/www.plugandgo.es\/wp-content\/uploads\/2018\/07\/Oficinas-Pharmex-34.jpg\" alt=\"sede social de pharmex\" width=\"800\" height=\"533\" srcset=\"https:\/\/www.plugandgo.es\/wp-content\/uploads\/2018\/07\/Oficinas-Pharmex-34.jpg 800w, https:\/\/www.plugandgo.es\/wp-content\/uploads\/2018\/07\/Oficinas-Pharmex-34-760x506.jpg 760w, https:\/\/www.plugandgo.es\/wp-content\/uploads\/2018\/07\/Oficinas-Pharmex-34-300x200.jpg 300w, https:\/\/www.plugandgo.es\/wp-content\/uploads\/2018\/07\/Oficinas-Pharmex-34-768x512.jpg 768w\" sizes=\"(max-width: 800px) 100vw, 800px\" \/><\/p>\n<p>La facilidad para compartir ideas es una constante en la planta, las paredes dejan de ser un elemento puramente vertical para convertirse en paneles donde debatir estrategia, lanzamiento de producto y crecimiento de empresa.<\/p>\n<p>La <strong>sensaci\u00f3n<\/strong> de estar trabajando en un <strong>espacio al aire libre<\/strong>, es constante en cada espacio de trabajo, no s\u00f3lo por el uso de la luz natural a la hora de planificar el uso, sino por la integraci\u00f3n de jardines verdes en el interior.<\/p>\n<p>Las <strong>notas de color y madera<\/strong>, salpicadas en mobiliario que evoca el hogar, <strong>permiten romper con la idea de empresa de sanidad o farmacia con blanco impoluto. <\/strong><\/p>\n<p><img loading=\"lazy\" decoding=\"async\" class=\"alignnone wp-image-1966 size-full\" src=\"https:\/\/www.plugandgo.es\/wp-content\/uploads\/2018\/07\/Oficinas-Pharmex-05.jpg\" alt=\"sede social de pharmex\" width=\"800\" height=\"533\" srcset=\"https:\/\/www.plugandgo.es\/wp-content\/uploads\/2018\/07\/Oficinas-Pharmex-05.jpg 800w, https:\/\/www.plugandgo.es\/wp-content\/uploads\/2018\/07\/Oficinas-Pharmex-05-760x506.jpg 760w, https:\/\/www.plugandgo.es\/wp-content\/uploads\/2018\/07\/Oficinas-Pharmex-05-300x200.jpg 300w, https:\/\/www.plugandgo.es\/wp-content\/uploads\/2018\/07\/Oficinas-Pharmex-05-768x512.jpg 768w\" sizes=\"(max-width: 800px) 100vw, 800px\" \/><\/p>\n<p>Este nuevo reto de Pharmex, ha permitido al grupo cerrar con \u00e9xito su proceso de integraci\u00f3n con el acompa\u00f1amiento de plug&amp;go en todo el proceso creativo y de ejecuci\u00f3n, generando una nueva forma de <a href=\"https:\/\/www.plugandgo.es\/cuando-cambiar-de-oficina-deja-de-ser-un-commodity\/\" target=\"_blank\" rel=\"noopener\">hacer marca a trav\u00e9s del dise\u00f1o de oficina<\/a>.<\/p>\n<p>Puedes ver el proyecto completo aqu\u00ed\u00a0\u27a1 <a href=\"https:\/\/www.plugandgo.es\/portfolio-item\/pharmex\/\" target=\"_blank\" rel=\"noopener\"><strong>Proyecto de implantaci\u00f3n y ejecuci\u00f3n de obras<\/strong> <strong>&#8211; Pharmex<\/strong><\/a><\/p>\n<p>&nbsp;<\/p>\n","protected":false},"excerpt":{"rendered":"<p>La firma farmac\u00e9utica suiza Pharmex inici\u00f3 a finales de 2016 la compra de los conocidos laboratorios P\u00e9rez-Gim\u00e9nez, fabricantes, entre otras referencias, del conocido Calmante Vitaminado. Este proceso de compra e integraci\u00f3n, que llev\u00f3 -a Pharmex- la obtenci\u00f3n de la aprobaci\u00f3n de la Aemps para comercializar su oferta en 2018, se ha culminado con un cambio [&hellip;]<\/p>\n","protected":false},"author":2,"featured_media":2017,"comment_status":"closed","ping_status":"closed","sticky":false,"template":"","format":"standard","meta":{"footnotes":""},"categories":[132,135],"tags":[29,34],"class_list":["post-2006","post","type-post","status-publish","format-standard","has-post-thumbnail","hentry","category-actualidad","category-oficinas","tag-oficinas","tag-proyects"],"_links":{"self":[{"href":"https:\/\/www.plugandgo.es\/en\/wp-json\/wp\/v2\/posts\/2006","targetHints":{"allow":["GET"]}}],"collection":[{"href":"https:\/\/www.plugandgo.es\/en\/wp-json\/wp\/v2\/posts"}],"about":[{"href":"https:\/\/www.plugandgo.es\/en\/wp-json\/wp\/v2\/types\/post"}],"author":[{"embeddable":true,"href":"https:\/\/www.plugandgo.es\/en\/wp-json\/wp\/v2\/users\/2"}],"replies":[{"embeddable":true,"href":"https:\/\/www.plugandgo.es\/en\/wp-json\/wp\/v2\/comments?post=2006"}],"version-history":[{"count":0,"href":"https:\/\/www.plugandgo.es\/en\/wp-json\/wp\/v2\/posts\/2006\/revisions"}],"wp:featuredmedia":[{"embeddable":true,"href":"https:\/\/www.plugandgo.es\/en\/wp-json\/wp\/v2\/media\/2017"}],"wp:attachment":[{"href":"https:\/\/www.plugandgo.es\/en\/wp-json\/wp\/v2\/media?parent=2006"}],"wp:term":[{"taxonomy":"category","embeddable":true,"href":"https:\/\/www.plugandgo.es\/en\/wp-json\/wp\/v2\/categories?post=2006"},{"taxonomy":"post_tag","embeddable":true,"href":"https:\/\/www.plugandgo.es\/en\/wp-json\/wp\/v2\/tags?post=2006"}],"curies":[{"name":"wp","href":"https:\/\/api.w.org\/{rel}","templated":true}]}}