{"id":3137,"date":"2018-10-30T11:56:09","date_gmt":"2018-10-30T11:56:09","guid":{"rendered":"https:\/\/www.plugandgo.es\/?p=3137"},"modified":"2018-10-30T11:56:09","modified_gmt":"2018-10-30T11:56:09","slug":"ideas-para-una-nueva-cultura-de-trabajo-orgatec-2018","status":"publish","type":"post","link":"https:\/\/www.plugandgo.es\/en\/ideas-para-una-nueva-cultura-de-trabajo-orgatec-2018\/","title":{"rendered":"Ideas para una nueva cultura de trabajo | Orgatec 2018"},"content":{"rendered":"<p>El sector del dise\u00f1o y equipamiento de oficinas se acaba de dar cita en <a href=\"http:\/\/www.orgatec.com\/ORGATEC\/index-2.php\" target=\"_blank\" rel=\"noopener\">Orgatec<\/a>, la <strong>feria de oficinas e instalaciones l\u00edder a nivel mundial<\/strong>, que se celebra cada dos a\u00f1os en la ciudad alemana de Colonia. All\u00ed estuvo el <a href=\"https:\/\/www.plugandgo.es\/equipo\/\" target=\"_blank\" rel=\"noopener\">equipo de plug&amp;go<\/a>, conociendo y compartiendo ideas para una nueva cultura corporativa.<\/p>\n<figure id=\"attachment_3138\" aria-describedby=\"caption-attachment-3138\" style=\"width: 1020px\" class=\"wp-caption alignnone\"><img fetchpriority=\"high\" decoding=\"async\" class=\"size-full wp-image-3138\" src=\"https:\/\/www.plugandgo.es\/wp-content\/uploads\/2018\/10\/orgatec-plugandgo.png\" alt=\"\" width=\"1020\" height=\"574\" srcset=\"https:\/\/www.plugandgo.es\/wp-content\/uploads\/2018\/10\/orgatec-plugandgo.png 1020w, https:\/\/www.plugandgo.es\/wp-content\/uploads\/2018\/10\/orgatec-plugandgo-760x428.png 760w, https:\/\/www.plugandgo.es\/wp-content\/uploads\/2018\/10\/orgatec-plugandgo-300x169.png 300w, https:\/\/www.plugandgo.es\/wp-content\/uploads\/2018\/10\/orgatec-plugandgo-768x432.png 768w\" sizes=\"(max-width: 1020px) 100vw, 1020px\" \/><figcaption id=\"caption-attachment-3138\" class=\"wp-caption-text\">plug&amp;go en Orgatec 2018<\/figcaption><\/figure>\n<h1><strong>Orgatec 2018 Una nueva cultura de trabajo<\/strong><\/h1>\n<p>La edici\u00f3n de 2018 corrobora una vez m\u00e1s que la digitalizaci\u00f3n, la globalizaci\u00f3n, la demograf\u00eda y las nuevas culturas corporativas est\u00e1n cambiando radicalmente nuestro entorno y, por lo tanto, tambi\u00e9n las din\u00e1micas de trabajo.<\/p>\n<h2>Colaboraci\u00f3n y concentraci\u00f3n<\/h2>\n<p>La feria ha explorado la interacci\u00f3n entre los espacios laborales y la cultura del trabajo, con nuevas visiones abordadas desde m\u00faltiples puntos de vista. Por ejemplo, \u00bfc\u00f3mo puede el mismo entorno proporcionar lugares de colaboraci\u00f3n y al mismo tiempo ofrecer a los empleados zonas individuales donde puedan concentrarse? \u00bfC\u00f3mo puede un mismo espacio laboral atender las demandas de las diferentes generaciones que hoy conviven en la oficina?<\/p>\n<p>Orgatec 2018 ha puesto el foco en mostrar a los visitantes de todo el mundo c\u00f3mo las soluciones innovadoras e inteligentes de dise\u00f1o de espacios de trabajo pueden promover la eficacia a trav\u00e9s de la conexi\u00f3n interpersonal.<\/p>\n<p>La <strong>oficina m\u00f3vil, colaborativa e informal<\/strong>, junto con el tercer espacio, han protagonizado la oferta de los expositores, junto a nuevos <strong>valores sociales<\/strong> ya introducidos en el espacio laboral, como la humanizaci\u00f3n o la sostenibilidad, a trav\u00e9s de materiales innovadores, el reciclaje o el <strong><a href=\"https:\/\/www.plugandgo.es\/diseno-biofilico-tendencia-en-oficinas\/\" target=\"_blank\" rel=\"noopener\">dise\u00f1o biof\u00edlico<\/a><\/strong>.<\/p>\n<p>Adem\u00e1s de visitar el \u00e1rea de exposici\u00f3n, durante nuestra estancia en Colonia hemos asistido a diferentes charlas y exhibiciones, como Plant 10.1, con siete escenarios que mostraban c\u00f3mo la cultura moderna de trabajo est\u00e1 evolucionando: espacio cooperativo, sala de estar, mini home, espacio pensante\u2026<\/p>\n<p>En el \u00e1rea de exposici\u00f3n especial <em>Inspired Collaborations<\/em>, Orgatec nos ha dado algunas pistas sobre qu\u00e9 hace buena una oficina: proporciona un buen ambiente, pone a las personas en su centro y favorece el di\u00e1logo, la conexi\u00f3n y el trabajo flexible.<\/p>\n<p>Nos llena de satisfacci\u00f3n comprobar un a\u00f1o m\u00e1s el auge de valores y conceptos totalmente alineados con nuestra filosof\u00eda de trabajo y el ADN de plug&amp;go: <strong><a href=\"https:\/\/www.plugandgo.es\" target=\"_blank\" rel=\"noopener\">arquitectura corporativa centrada en las personas, que facilita las din\u00e1micas de trabajo actuales<\/a><\/strong>.<\/p>\n","protected":false},"excerpt":{"rendered":"<p>El sector del dise\u00f1o y equipamiento de oficinas se acaba de dar cita en Orgatec, la feria de oficinas e instalaciones l\u00edder a nivel mundial, que se celebra cada dos a\u00f1os en la ciudad alemana de Colonia. All\u00ed estuvo el equipo de plug&amp;go, conociendo y compartiendo ideas para una nueva cultura corporativa. plug&amp;go en Orgatec [&hellip;]<\/p>\n","protected":false},"author":2,"featured_media":3138,"comment_status":"closed","ping_status":"closed","sticky":false,"template":"","format":"standard","meta":{"footnotes":""},"categories":[137,133],"tags":[59],"class_list":["post-3137","post","type-post","status-publish","format-standard","has-post-thumbnail","hentry","category-experiencias","category-noticias","tag-orgatec"],"_links":{"self":[{"href":"https:\/\/www.plugandgo.es\/en\/wp-json\/wp\/v2\/posts\/3137","targetHints":{"allow":["GET"]}}],"collection":[{"href":"https:\/\/www.plugandgo.es\/en\/wp-json\/wp\/v2\/posts"}],"about":[{"href":"https:\/\/www.plugandgo.es\/en\/wp-json\/wp\/v2\/types\/post"}],"author":[{"embeddable":true,"href":"https:\/\/www.plugandgo.es\/en\/wp-json\/wp\/v2\/users\/2"}],"replies":[{"embeddable":true,"href":"https:\/\/www.plugandgo.es\/en\/wp-json\/wp\/v2\/comments?post=3137"}],"version-history":[{"count":0,"href":"https:\/\/www.plugandgo.es\/en\/wp-json\/wp\/v2\/posts\/3137\/revisions"}],"wp:featuredmedia":[{"embeddable":true,"href":"https:\/\/www.plugandgo.es\/en\/wp-json\/wp\/v2\/media\/3138"}],"wp:attachment":[{"href":"https:\/\/www.plugandgo.es\/en\/wp-json\/wp\/v2\/media?parent=3137"}],"wp:term":[{"taxonomy":"category","embeddable":true,"href":"https:\/\/www.plugandgo.es\/en\/wp-json\/wp\/v2\/categories?post=3137"},{"taxonomy":"post_tag","embeddable":true,"href":"https:\/\/www.plugandgo.es\/en\/wp-json\/wp\/v2\/tags?post=3137"}],"curies":[{"name":"wp","href":"https:\/\/api.w.org\/{rel}","templated":true}]}}