{"id":3320,"date":"2018-11-26T12:24:51","date_gmt":"2018-11-26T12:24:51","guid":{"rendered":"https:\/\/www.plugandgo.es\/?p=3320"},"modified":"2018-11-26T12:24:51","modified_gmt":"2018-11-26T12:24:51","slug":"pluggo-participa-en-workplace-strategy","status":"publish","type":"post","link":"https:\/\/www.plugandgo.es\/en\/pluggo-participa-en-workplace-strategy\/","title":{"rendered":"Plug&go participa en el Workplace Strategy: Nuevos espacios de trabajo"},"content":{"rendered":"<p>La semana pasada tuvimos la oportunidad de participar en el encuentro <strong>Workplace Strategy: <a href=\"http:\/\/www.grupovia.net\/1185-workplace-strategy-madrid-22-de-noviembre-2018?fbclid=IwAR3T1exp1vmfVujaSytf6XBw4F7aaiFwSIbYCMOXdscwO7g31sCy1GSjm68\" target=\"_blank\" rel=\"noopener\">Nuevos espacios de trabajo<\/a><\/strong>, que tuvo lugar en el Showroom Actiu en Madrid, junto a otros estudios referentes de la arquitectura corporativa.<\/p>\n<p>Bajo el t\u00edtulo \u201c\u00bfSe ha contagiado el espacio de trabajo del modelo Airbnb?\u201d, Covadonga G. Quintana, socia directora de plug&amp;go, comenz\u00f3 hablando sobre <strong>la forma en que entendemos la arquitectura corporativa<\/strong> y de la relaci\u00f3n entre esta plataforma digital de mercado residencial de alquiler de apartamentos tur\u00edsticos Airbnb, con el espacio de trabajo.<\/p>\n<figure id=\"attachment_3325\" aria-describedby=\"caption-attachment-3325\" style=\"width: 800px\" class=\"wp-caption aligncenter\"><img fetchpriority=\"high\" decoding=\"async\" class=\"wp-image-3325 size-full\" src=\"https:\/\/www.plugandgo.es\/wp-content\/uploads\/2018\/11\/Workplace-Strategy-1.jpg\" alt=\"Workplace Strategy\" width=\"800\" height=\"533\" srcset=\"https:\/\/www.plugandgo.es\/wp-content\/uploads\/2018\/11\/Workplace-Strategy-1.jpg 800w, https:\/\/www.plugandgo.es\/wp-content\/uploads\/2018\/11\/Workplace-Strategy-1-760x506.jpg 760w, https:\/\/www.plugandgo.es\/wp-content\/uploads\/2018\/11\/Workplace-Strategy-1-300x200.jpg 300w, https:\/\/www.plugandgo.es\/wp-content\/uploads\/2018\/11\/Workplace-Strategy-1-768x512.jpg 768w\" sizes=\"(max-width: 800px) 100vw, 800px\" \/><figcaption id=\"caption-attachment-3325\" class=\"wp-caption-text\">Covadonga G. Quintana durante el Workplace Strategy.<\/figcaption><\/figure>\n<p>\u201cAisl\u00e1ndonos de lo que es el objeto social de la compa\u00f1\u00eda, encontramos la relaci\u00f3n de c\u00f3mo los sectores, aunque no tengan nada que ver en esencia, s\u00ed se est\u00e1n conectando unos a otros. C\u00f3mo toda la parte de bienestar, de tecnolog\u00eda y digitalizaci\u00f3n del ecosistema de las <em>startups<\/em> est\u00e1 realmente impregnando tambi\u00e9n otros sectores como el del inmobiliario y los espacios de trabajo\u201d, explic\u00f3 Covadonga.<\/p>\n<p>Desde plug&amp;go queremos mostrar nuestra forma de hacer arquitectura y c\u00f3mo entendemos el dise\u00f1o actualmente: <strong>pensamos en las personas, en transformar el espacio de trabajo<\/strong>, pero tambi\u00e9n en identidad de marca, adue\u00f1\u00e1ndonos de conceptos como la experiencia de cliente y el Wellness Laboral. Todo ello frente a la idea pasada, que se centraba en la medici\u00f3n de productividad, eficiencia y donde busc\u00e1bamos una consultor\u00eda <em>space planning<\/em>, tangibilizar y dar un dato al cliente.<\/p>\n<figure id=\"attachment_3327\" aria-describedby=\"caption-attachment-3327\" style=\"width: 800px\" class=\"wp-caption aligncenter\"><img decoding=\"async\" class=\"wp-image-3327 size-full\" src=\"https:\/\/www.plugandgo.es\/wp-content\/uploads\/2018\/11\/Workplace-Strategy-3.jpg\" alt=\"Workplace Strategy\" width=\"800\" height=\"533\" srcset=\"https:\/\/www.plugandgo.es\/wp-content\/uploads\/2018\/11\/Workplace-Strategy-3.jpg 800w, https:\/\/www.plugandgo.es\/wp-content\/uploads\/2018\/11\/Workplace-Strategy-3-760x506.jpg 760w, https:\/\/www.plugandgo.es\/wp-content\/uploads\/2018\/11\/Workplace-Strategy-3-300x200.jpg 300w, https:\/\/www.plugandgo.es\/wp-content\/uploads\/2018\/11\/Workplace-Strategy-3-768x512.jpg 768w\" sizes=\"(max-width: 800px) 100vw, 800px\" \/><figcaption id=\"caption-attachment-3327\" class=\"wp-caption-text\">Mesa redonda durante el Workplace Strategy.<\/figcaption><\/figure>\n<p>\u201cCuando pensamos en transformar el espacio de trabajo, para nosotros lo que importa es qui\u00e9n eres, c\u00f3mo te quieres ver en los pr\u00f3ximos a\u00f1os. Visualizarte y hacer un camino para recorrerlo junto a ti y dise\u00f1ar tu espacio \u00f3ptimo, que es diferente para cada compa\u00f1\u00eda\u201d.<\/p>\n<figure id=\"attachment_3328\" aria-describedby=\"caption-attachment-3328\" style=\"width: 800px\" class=\"wp-caption aligncenter\"><img decoding=\"async\" class=\"wp-image-3328 size-full\" src=\"https:\/\/www.plugandgo.es\/wp-content\/uploads\/2018\/11\/Workplace-Strategy-4.jpg\" alt=\"Workplace Strategy\" width=\"800\" height=\"533\" srcset=\"https:\/\/www.plugandgo.es\/wp-content\/uploads\/2018\/11\/Workplace-Strategy-4.jpg 800w, https:\/\/www.plugandgo.es\/wp-content\/uploads\/2018\/11\/Workplace-Strategy-4-760x506.jpg 760w, https:\/\/www.plugandgo.es\/wp-content\/uploads\/2018\/11\/Workplace-Strategy-4-300x200.jpg 300w, https:\/\/www.plugandgo.es\/wp-content\/uploads\/2018\/11\/Workplace-Strategy-4-768x512.jpg 768w\" sizes=\"(max-width: 800px) 100vw, 800px\" \/><figcaption id=\"caption-attachment-3328\" class=\"wp-caption-text\">Participantes en el Workplace Strategy.<\/figcaption><\/figure>\n<p>&nbsp;<\/p>\n<blockquote><p>\u201cQueremos rescatar el alma, no las tendencias\u201d<\/p><\/blockquote>\n<h1>\u00bfQu\u00e9 barreras nos encontramos?<\/h1>\n<p>Cuando pensamos en identidad corporativa a la hora de dise\u00f1ar el espacio de trabajo, <strong>vemos que cuesta much\u00edsimo transmitir alma<\/strong>. Seg\u00fan declara Covadonga, \u201cest\u00e1 muy aceptado en las empresas el que un espacio de trabajo no son mesas y sillas, que es un lugar donde realmente si es eficiente permite trabajar mejor, pero cuesta much\u00edsimo humanizar el espacio de trabajo, conectar lo interior exterior, incorporar elementos mucho m\u00e1s c\u00e1lidos, m\u00e1s hogar\u201d.<\/p>\n<h1>\u00bfQu\u00e9 hilos est\u00e1n conectados?<\/h1>\n<p>Tratamos de <strong>generar flexibilidad<\/strong> para la incorporaci\u00f3n de profesionales; a ello se une la diversidad, puesto que nos encontramos en un momento en que confluyen cinco generaciones diferentes que entienden la comunicaci\u00f3n y la confianza de manera distinta. Es por eso que tambi\u00e9n queremos transformar la confianza, cambiando el modelo de liderazgo: pasar de un modelo mucho m\u00e1s jer\u00e1rquico a otro basado en <strong>la confianza y la responsabilidad<\/strong>.<\/p>\n<figure id=\"attachment_3326\" aria-describedby=\"caption-attachment-3326\" style=\"width: 800px\" class=\"wp-caption aligncenter\"><img loading=\"lazy\" decoding=\"async\" class=\"wp-image-3326 size-full\" src=\"https:\/\/www.plugandgo.es\/wp-content\/uploads\/2018\/11\/Workplace-Strategy-2.jpg\" alt=\"Workplace Strategy\" width=\"800\" height=\"533\" srcset=\"https:\/\/www.plugandgo.es\/wp-content\/uploads\/2018\/11\/Workplace-Strategy-2.jpg 800w, https:\/\/www.plugandgo.es\/wp-content\/uploads\/2018\/11\/Workplace-Strategy-2-760x506.jpg 760w, https:\/\/www.plugandgo.es\/wp-content\/uploads\/2018\/11\/Workplace-Strategy-2-300x200.jpg 300w, https:\/\/www.plugandgo.es\/wp-content\/uploads\/2018\/11\/Workplace-Strategy-2-768x512.jpg 768w\" sizes=\"(max-width: 800px) 100vw, 800px\" \/><figcaption id=\"caption-attachment-3326\" class=\"wp-caption-text\">Covadonga G. Quintana durante el Workplace Strategy.<\/figcaption><\/figure>\n<p>&nbsp;<\/p>\n<blockquote><p>\u201cEscuchamos qui\u00e9n eres y ayudamos a visualizar al cliente qui\u00e9n quiere ser\u201d<\/p><\/blockquote>\n<h1>\u00bfC\u00f3mo lo hacemos?<\/h1>\n<p>Nuestra visi\u00f3n siempre es desde fuera cuando nos enfrentamos a un proyecto: la intenci\u00f3n es generar en el equipo un clima que propicie el liderazgo colaborativo, de manera que contin\u00fae con el cambio de paradigmas dentro de la empresa.<\/p>\n<p>Queremos compartir con vosotros algunos proyectos que hemos realizado durante este a\u00f1o 2018 y que son un claro ejemplo de c\u00f3mo hemos trabajado esa identidad corporativa de fuera hacia dentro.<\/p>\n<ul>\n<li>\n<h2>Fibonad<\/h2>\n<\/li>\n<\/ul>\n<p>En <strong><a href=\"https:\/\/www.plugandgo.es\/portfolio-item\/fibonad\/\" target=\"_blank\" rel=\"noopener\">Fibonad<\/a><\/strong>, empresa global de medios publicitarios, hemos creado un espacio din\u00e1mico donde se transmitan emociones, <strong>con mobiliario muy sencillo donde sentirse como en casa<\/strong>. Llegamos a este dise\u00f1o tras conocer c\u00f3mo se comporta una empresa en la que el 80% de su plantilla la forman menores de 28 a\u00f1os.<\/p>\n<p>Tratando de conocerlos para comenzar la planificaci\u00f3n espacial, descubrimos que son una generaci\u00f3n que no piensa en belleza sino en el no-filtro. Necesitan un lugar donde las cosas tienen que servir para algo y la persona es individual y auto didacta, donde todos se relacionan al mismo nivel y dispongan de lugares en los que sean todos iguales.<\/p>\n<ul>\n<li>\n<h2>Yanbal<\/h2>\n<\/li>\n<\/ul>\n<p>Un proyecto totalmente distinto al anterior es el que realizamos en<strong> <a href=\"https:\/\/www.plugandgo.es\/portfolio-item\/yanbal\/\" target=\"_blank\" rel=\"noopener\">Yanbal<\/a><\/strong>, una compa\u00f1\u00eda multinacional de fabricaci\u00f3n y venta de cosm\u00e9ticos que buscaba un cambio de modelo de negocio <strong>donde aparezca la multiculturalidad<\/strong> por ser una sede de tr\u00e1nsito donde confluyen personas de diferentes culturas.<\/p>\n<p><img loading=\"lazy\" decoding=\"async\" class=\"aligncenter size-full wp-image-3354\" src=\"https:\/\/www.plugandgo.es\/wp-content\/uploads\/2018\/11\/Oficinas-Yanbal-04-2.jpg\" alt=\"Workplace Strategy\" width=\"1000\" height=\"667\" srcset=\"https:\/\/www.plugandgo.es\/wp-content\/uploads\/2018\/11\/Oficinas-Yanbal-04-2.jpg 1000w, https:\/\/www.plugandgo.es\/wp-content\/uploads\/2018\/11\/Oficinas-Yanbal-04-2-760x507.jpg 760w, https:\/\/www.plugandgo.es\/wp-content\/uploads\/2018\/11\/Oficinas-Yanbal-04-2-300x200.jpg 300w, https:\/\/www.plugandgo.es\/wp-content\/uploads\/2018\/11\/Oficinas-Yanbal-04-2-768x512.jpg 768w\" sizes=\"(max-width: 1000px) 100vw, 1000px\" \/><\/p>\n<p>Puesto que su <em>core business <\/em>es vender belleza, buscaban generar flexibilidad en un espacio muy <em>cool<\/em> y \u00fanico donde se respirase esa diversidad cultural y donde se integre la belleza. \u201cTodo es un escaparate como si realmente fuera un local comercial, aunque son oficinas\u201d.<\/p>\n<ul>\n<li>\n<h2>Covir\u00e1n<\/h2>\n<\/li>\n<\/ul>\n<p>Esta empresa distribuidora quer\u00eda <strong>cambiar los paradigmas<\/strong> y convertir el espacio en un lugar de encuentro de todas las cooperativas y personas que integran <strong><a href=\"https:\/\/www.plugandgo.es\/portfolio-item\/coviran\/\" target=\"_blank\" rel=\"noopener\">Covir\u00e1n<\/a><\/strong>.<\/p>\n<ul>\n<li>\n<h2>Ventura Garc\u00e9s L\u00f3pez \u2013 Ibor<\/h2>\n<\/li>\n<\/ul>\n<p>En este proyecto ubicado en el <strong><a href=\"https:\/\/www.plugandgo.es\/portfolio-item\/ventura-garces\/\" target=\"_blank\" rel=\"noopener\">sector de la abogac\u00eda<\/a><\/strong>,\u00a0<strong>buscamos solidez y cercan\u00eda<\/strong>, como una biblioteca viva donde se puedan formar los abogados y el resto del equipo, con espacios confidenciales cuando sean necesarios.<\/p>\n<ul>\n<li>\n<h2>Pharmex<\/h2>\n<\/li>\n<\/ul>\n<p>Quer\u00edan<strong> incorporar la innovaci\u00f3n<\/strong> y romper con el paradigma de lo que es un <strong><a href=\"https:\/\/www.plugandgo.es\/portfolio-item\/pharmex\/\" target=\"_blank\" rel=\"noopener\">espacio farmac\u00e9utico<\/a><\/strong>: no parecerse a un hospital. De esta manera hemos incorporado lugares alternativos donde adem\u00e1s tratamos de integrar el bienestar al espacio de trabajo.<\/p>\n<p><img loading=\"lazy\" decoding=\"async\" class=\"aligncenter size-full wp-image-3353\" src=\"https:\/\/www.plugandgo.es\/wp-content\/uploads\/2018\/11\/Oficinas-Pharmex-27.jpg\" alt=\"Workplace Strategy\" width=\"800\" height=\"533\" srcset=\"https:\/\/www.plugandgo.es\/wp-content\/uploads\/2018\/11\/Oficinas-Pharmex-27.jpg 800w, https:\/\/www.plugandgo.es\/wp-content\/uploads\/2018\/11\/Oficinas-Pharmex-27-760x506.jpg 760w, https:\/\/www.plugandgo.es\/wp-content\/uploads\/2018\/11\/Oficinas-Pharmex-27-300x200.jpg 300w, https:\/\/www.plugandgo.es\/wp-content\/uploads\/2018\/11\/Oficinas-Pharmex-27-768x512.jpg 768w\" sizes=\"(max-width: 800px) 100vw, 800px\" \/><\/p>\n<ul>\n<li>\n<h2>Quadpack<\/h2>\n<\/li>\n<\/ul>\n<p>Este grupo internacional encargado de crear envases para productos de belleza, con sede en Barcelona, todav\u00eda est\u00e1 viviendo las reformas de su nuevo espacio laboral. En \u00e9l se quiere <strong>cambiar totalmente su identidad interior y buscar sus ra\u00edces<\/strong>, para as\u00ed abordar todos sus cambios de futuro. Todo ello manteniendo su esencia de pyme, que es como se ha creado el grupo.<\/p>\n","protected":false},"excerpt":{"rendered":"<p>La semana pasada tuvimos la oportunidad de participar en el encuentro Workplace Strategy: Nuevos espacios de trabajo, que tuvo lugar en el Showroom Actiu en Madrid, junto a otros estudios referentes de la arquitectura corporativa. Bajo el t\u00edtulo \u201c\u00bfSe ha contagiado el espacio de trabajo del modelo Airbnb?\u201d, Covadonga G. Quintana, socia directora de plug&amp;go, [&hellip;]<\/p>\n","protected":false},"author":3,"featured_media":3326,"comment_status":"closed","ping_status":"closed","sticky":false,"template":"","format":"standard","meta":{"footnotes":""},"categories":[132,133],"tags":[],"class_list":["post-3320","post","type-post","status-publish","format-standard","has-post-thumbnail","hentry","category-actualidad","category-noticias"],"_links":{"self":[{"href":"https:\/\/www.plugandgo.es\/en\/wp-json\/wp\/v2\/posts\/3320","targetHints":{"allow":["GET"]}}],"collection":[{"href":"https:\/\/www.plugandgo.es\/en\/wp-json\/wp\/v2\/posts"}],"about":[{"href":"https:\/\/www.plugandgo.es\/en\/wp-json\/wp\/v2\/types\/post"}],"author":[{"embeddable":true,"href":"https:\/\/www.plugandgo.es\/en\/wp-json\/wp\/v2\/users\/3"}],"replies":[{"embeddable":true,"href":"https:\/\/www.plugandgo.es\/en\/wp-json\/wp\/v2\/comments?post=3320"}],"version-history":[{"count":0,"href":"https:\/\/www.plugandgo.es\/en\/wp-json\/wp\/v2\/posts\/3320\/revisions"}],"wp:featuredmedia":[{"embeddable":true,"href":"https:\/\/www.plugandgo.es\/en\/wp-json\/wp\/v2\/media\/3326"}],"wp:attachment":[{"href":"https:\/\/www.plugandgo.es\/en\/wp-json\/wp\/v2\/media?parent=3320"}],"wp:term":[{"taxonomy":"category","embeddable":true,"href":"https:\/\/www.plugandgo.es\/en\/wp-json\/wp\/v2\/categories?post=3320"},{"taxonomy":"post_tag","embeddable":true,"href":"https:\/\/www.plugandgo.es\/en\/wp-json\/wp\/v2\/tags?post=3320"}],"curies":[{"name":"wp","href":"https:\/\/api.w.org\/{rel}","templated":true}]}}