{"id":3651,"date":"2019-04-09T08:18:52","date_gmt":"2019-04-09T08:18:52","guid":{"rendered":"https:\/\/www.plugandgo.es\/?p=3651"},"modified":"2019-04-09T08:18:52","modified_gmt":"2019-04-09T08:18:52","slug":"oficina-abre-puertas-decoracion-de-hogar","status":"publish","type":"post","link":"https:\/\/www.plugandgo.es\/en\/oficina-abre-puertas-decoracion-de-hogar\/","title":{"rendered":"La oficina abre sus puertas a la decoraci\u00f3n de hogar"},"content":{"rendered":"<p>La frontera entre la decoraci\u00f3n de hogar y el mundo de la oficina se ha diluido, hasta el punto que desde hace tiempo se habla ya de la <strong>domesticaci\u00f3n de los espacios corporativos<\/strong>. La incorporaci\u00f3n de \u00e1reas de descanso acondicionadas con sof\u00e1s y cojines, y decoradas con l\u00e1mparas o alfombras; el uso de cuadros y objetos amigables\u2026 son algunos gui\u00f1os que corroboran esta realidad.<\/p>\n<p>Las personas son hoy el epicentro de los dise\u00f1os corporativas, y esta premisa explica esta nueva decoraci\u00f3n. Que <strong>las personas est\u00e9n c\u00f3modas<\/strong> y se sientan bien en su trabajo es un pilar fundamental, tanto del progreso laboral como del bienestar. As\u00ed, cada vez es m\u00e1s habitual que se busque \u201csentirse como en casa\u201d en los espacios de trabajo, y es aqu\u00ed donde entran en juego las tendencias en decoraci\u00f3n de hogar.<\/p>\n<p><img fetchpriority=\"high\" decoding=\"async\" class=\"aligncenter wp-image-3643 size-full\" src=\"https:\/\/www.plugandgo.es\/wp-content\/uploads\/2019\/03\/Oficinas-Alantra-28.jpg?_t=1554797593\" alt=\"decoraci\u00f3n de hogar\" width=\"1000\" height=\"667\" srcset=\"https:\/\/www.plugandgo.es\/wp-content\/uploads\/2019\/03\/Oficinas-Alantra-28.jpg 1000w, https:\/\/www.plugandgo.es\/wp-content\/uploads\/2019\/03\/Oficinas-Alantra-28-760x507.jpg 760w, https:\/\/www.plugandgo.es\/wp-content\/uploads\/2019\/03\/Oficinas-Alantra-28-300x200.jpg 300w, https:\/\/www.plugandgo.es\/wp-content\/uploads\/2019\/03\/Oficinas-Alantra-28-768x512.jpg 768w\" sizes=\"(max-width: 1000px) 100vw, 1000px\" \/><\/p>\n<p>Como explica Covadonga G. Quintana, socia directora de plug&amp;go, \u201cest\u00e1 muy aceptado en las empresas el que un espacio de trabajo no son mesas y sillas, que es un lugar donde realmente s\u00ed es eficiente permite trabajar mejor, pero cuesta much\u00edsimo humanizar el espacio de trabajo, conectar lo interior exterior, incorporar elementos mucho m\u00e1s c\u00e1lidos, m\u00e1s hogar\u201d.<\/p>\n<p>Es por esto que hoy vamos a hacer referencia a las nueve tendencias de las que habla la revista <a href=\"https:\/\/www.elmueble.com\/ideas\/decoterapia\/tendencias-deco-2019_42547\" target=\"_blank\" rel=\"noopener\">El mueble<\/a>, destinadas a la decoraci\u00f3n de hogar. Las comentamos en este post porque realmente <strong>son totalmente trasladables a los nuevos entornos laborales<\/strong>: espacios de trabajo m\u00e1s humanos, con alma.<\/p>\n<h2>La decoraci\u00f3n de hogar en los entornos laborales<\/h2>\n<h3><strong>Terciopelo: elegancia modernizada<\/strong><\/h3>\n<p>El look del terciopelo se ha modernizado con dise\u00f1os m\u00e1s atrevidos y contempor\u00e1neos, volvi\u00e9ndose elegante y sofisticado.<\/p>\n<h3><strong><em>Flower power<\/em><\/strong><\/h3>\n<p>Los papeles pintados y los textiles con grandes dise\u00f1os de flores, cobran protagonismo este a\u00f1o. Llenan de color cualquier espacio, tanto los dise\u00f1os m\u00e1s cl\u00e1sicos como los m\u00e1s contempor\u00e1neos y abstractos.<\/p>\n<h3><strong>La edad de oro<\/strong><\/h3>\n<p>Podremos encontrar acabados en oro no s\u00f3lo en grifer\u00edas, l\u00e1mparas o los pomos o tiradores de los armarios, sino tambi\u00e9n en detalles y complementos como los marcos de los espejos, que recuperan el acabado de pan de oro con una p\u00e1tina m\u00e1s actual.<\/p>\n<p><img decoding=\"async\" class=\"aligncenter wp-image-760 size-full\" src=\"https:\/\/www.plugandgo.es\/wp-content\/uploads\/2018\/05\/LOGTRUST-23.jpg?_t=1554797776\" alt=\"decoraci\u00f3n de hogar\" width=\"2048\" height=\"1365\" srcset=\"https:\/\/www.plugandgo.es\/wp-content\/uploads\/2018\/05\/LOGTRUST-23.jpg 2048w, https:\/\/www.plugandgo.es\/wp-content\/uploads\/2018\/05\/LOGTRUST-23-1024x683.jpg 1024w, https:\/\/www.plugandgo.es\/wp-content\/uploads\/2018\/05\/LOGTRUST-23-760x507.jpg 760w, https:\/\/www.plugandgo.es\/wp-content\/uploads\/2018\/05\/LOGTRUST-23-1030x686.jpg 1030w, https:\/\/www.plugandgo.es\/wp-content\/uploads\/2018\/05\/LOGTRUST-23-300x200.jpg 300w, https:\/\/www.plugandgo.es\/wp-content\/uploads\/2018\/05\/LOGTRUST-23-768x512.jpg 768w, https:\/\/www.plugandgo.es\/wp-content\/uploads\/2018\/05\/LOGTRUST-23-1536x1024.jpg 1536w\" sizes=\"(max-width: 2048px) 100vw, 2048px\" \/><\/p>\n<h3><strong>\u00a1Las fibras se suben por las paredes!<\/strong><\/h3>\n<p>Los platos y bandejas de fibras, e incluso las alfombras, colonizan las paredes: basta con crear una composici\u00f3n para transformar un espacio.<\/p>\n<h3><strong>Tapicer\u00edas a todo color<\/strong><\/h3>\n<p>Los sof\u00e1s y dem\u00e1s piezas de asiento est\u00e1n reclamando color para este a\u00f1o: azul cobalto, verde botella, burdeos&#8230; Colores intensos y con car\u00e1cter que har\u00e1n que no pasen desapercibidos.<\/p>\n<h3><strong>Terrazo, m\u00e1s all\u00e1 del suelo<\/strong><\/h3>\n<p>Este material y sus caracter\u00edsticos dibujos seguir\u00e1n marcando tendencia en encimeras, antepechos y en todo tipo de complementos.<\/p>\n<h3><strong>Cuadros por toda la casa<\/strong><\/h3>\n<p>Junto a los motivos florales, los cuadros son uno de los estampados de moda este a\u00f1o.<\/p>\n<p><img decoding=\"async\" class=\"aligncenter wp-image-788 size-full\" src=\"https:\/\/www.plugandgo.es\/wp-content\/uploads\/2018\/05\/Oficinas-azValor-07.jpg?_t=1554797696\" alt=\"decoraci\u00f3n de hogar\" width=\"2048\" height=\"1366\" srcset=\"https:\/\/www.plugandgo.es\/wp-content\/uploads\/2018\/05\/Oficinas-azValor-07.jpg 2048w, https:\/\/www.plugandgo.es\/wp-content\/uploads\/2018\/05\/Oficinas-azValor-07-1024x683.jpg 1024w, https:\/\/www.plugandgo.es\/wp-content\/uploads\/2018\/05\/Oficinas-azValor-07-760x507.jpg 760w, https:\/\/www.plugandgo.es\/wp-content\/uploads\/2018\/05\/Oficinas-azValor-07-1030x687.jpg 1030w, https:\/\/www.plugandgo.es\/wp-content\/uploads\/2018\/05\/Oficinas-azValor-07-300x200.jpg 300w, https:\/\/www.plugandgo.es\/wp-content\/uploads\/2018\/05\/Oficinas-azValor-07-768x512.jpg 768w, https:\/\/www.plugandgo.es\/wp-content\/uploads\/2018\/05\/Oficinas-azValor-07-1536x1025.jpg 1536w\" sizes=\"(max-width: 2048px) 100vw, 2048px\" \/><\/p>\n<h3><strong>Techos decorados<\/strong><\/h3>\n<p>\u00bfPor qu\u00e9 no darle al techo el protagonismo que se merece? Igual que decoramos las paredes, podemos utilizar papeles pintados, molduras, color, &#8230; \u00bfTe atreves?<\/p>\n<h3><strong>Se llevan las curvas<\/strong><\/h3>\n<p>El perfil curvy est\u00e1 de moda. Ya sea en complementos como en mobiliario, las curvas y las l\u00edneas sinuosas y redondeadas han llegado para quedarse, ante el minimalismo de la l\u00ednea recta.<\/p>\n<h3><strong>Art d\u00e9co, de revival <\/strong><\/h3>\n<p>Inspirando tanto textiles como piezas de mobiliario y complementos, el Art d\u00e9co se har\u00e1 notar este 2019. Pero llega modernizado, como todo revival, con una paleta crom\u00e1tica que se ampl\u00eda a los colores de moda, con los tonos blush con mucho protagonismo. Lo mismo ocurre con los materiales empleados y los dise\u00f1os, de l\u00edneas m\u00e1s sobrias y minimalistas.<\/p>\n<h3><strong>Dorado + negro, t\u00e1ndem de moda<\/strong><\/h3>\n<p>Las cocinas han abierto sus puertas al negro para su decoraci\u00f3n. Adem\u00e1s, si a este le sumas detalles en dorado, como la grifer\u00eda o las l\u00e1mparas, el resultado no puede ser m\u00e1s estiloso y, adem\u00e1s, de tendencia en decoraci\u00f3n de hogar.<\/p>\n<h3><strong>Encimeras m\u00e1s oscuras<\/strong><\/h3>\n<p>Los tonos m\u00e1s intensos y c\u00e1lidos, competir\u00e1n con los grises p\u00e1lidos y blancos que hasta ahora se impon\u00edan en estas superficies. Como ya se ha comentado, este a\u00f1o el color inunda las cocinas y, adem\u00e1s, la madera en acabado raw seguir\u00e1 con propuestas muy naturales y con un matiz r\u00fastico, pero a la vez muy contempor\u00e1neas.<\/p>\n<p><img loading=\"lazy\" decoding=\"async\" class=\"aligncenter wp-image-3193 size-full\" src=\"https:\/\/www.plugandgo.es\/wp-content\/uploads\/2018\/11\/Oficinas-Yanbal-11-3.jpg?_t=1554797816\" alt=\"decoraci\u00f3n de hogar\" width=\"1000\" height=\"667\" srcset=\"https:\/\/www.plugandgo.es\/wp-content\/uploads\/2018\/11\/Oficinas-Yanbal-11-3.jpg 1000w, https:\/\/www.plugandgo.es\/wp-content\/uploads\/2018\/11\/Oficinas-Yanbal-11-3-760x507.jpg 760w, https:\/\/www.plugandgo.es\/wp-content\/uploads\/2018\/11\/Oficinas-Yanbal-11-3-300x200.jpg 300w, https:\/\/www.plugandgo.es\/wp-content\/uploads\/2018\/11\/Oficinas-Yanbal-11-3-768x512.jpg 768w\" sizes=\"(max-width: 1000px) 100vw, 1000px\" \/><\/p>\n<h3><strong>Look artesanal<\/strong><\/h3>\n<p>Lo artesanal ser\u00e1 una tendencia s\u00f3lida en l\u00e1mparas, mobiliario, vajillas, jarrones o incluso en textiles. Y, adem\u00e1s, con el uso de materiales sostenibles, como las fibras naturales, el papel de arroz o la cer\u00e1mica se impondr\u00e1n.<\/p>\n<h3><strong>Los tonos blush<\/strong><\/h3>\n<p>Vienen pisando fuerte desde este 2018 y, combinado con gris -uno de los colores de moda este a\u00f1o-, forman un gran t\u00e1ndem. En definitiva, el rosa, en diferentes matices, es tendencia en decoraci\u00f3n de hogar desde hace un par de a\u00f1os: desde el rosa cuarzo hasta sus matices m\u00e1s pastel.<\/p>\n<h3><strong>Nuevos usos del m\u00e1rmol<\/strong><\/h3>\n<p>Gracias a este boom por lo natural, piedras naturales como el m\u00e1rmol han recuperado su terreno perdido en la decoraci\u00f3n. Y ya no s\u00f3lo a modo de encimeras de cocina o de ba\u00f1o, sino en piezas de mobiliario, como mesas de centro con sobre de m\u00e1rmol, o complementos como jarrones.<\/p>\n<h3><strong>Caminos de cama<\/strong><\/h3>\n<p>Estos complementos textiles alargados, tambi\u00e9n conocidos como cobertores, se colocan a pie de cama para dar un extra de calidez y crear un ambiente m\u00e1s acogedor en el dormitorio.<\/p>\n<h2><strong>Plug&amp;go y la humanizaci\u00f3n de la oficina<\/strong><\/h2>\n<p>En definitiva, la apuesta es clara: gui\u00f1os a la naturaleza, a la artesan\u00eda y a todo aquellos que humanice y personalice nuestros hogares. Como en los proyectos que realizamos en plug&amp;go, en nuestro af\u00e1n por <strong>poner en el centro a las personas y el branding corporativo<\/strong> de nuestros clientes, con sus valores de marca. Valores que sin esa personalizaci\u00f3n dif\u00edcilmente se pueden transmitir. Algunas de las \u201clas historias que nos inspiran\u201d en: <a href=\"https:\/\/www.plugandgo.es\/clientes\/\" target=\"_blank\" rel=\"noopener\">https:\/\/www.plugandgo.es\/clientes\/<\/a><\/p>\n","protected":false},"excerpt":{"rendered":"<p>La frontera entre la decoraci\u00f3n de hogar y el mundo de la oficina se ha diluido, hasta el punto que desde hace tiempo se habla ya de la domesticaci\u00f3n de los espacios corporativos. La incorporaci\u00f3n de \u00e1reas de descanso acondicionadas con sof\u00e1s y cojines, y decoradas con l\u00e1mparas o alfombras; el uso de cuadros y [&hellip;]<\/p>\n","protected":false},"author":2,"featured_media":3643,"comment_status":"closed","ping_status":"closed","sticky":false,"template":"","format":"standard","meta":{"footnotes":""},"categories":[134],"tags":[],"class_list":["post-3651","post","type-post","status-publish","format-standard","has-post-thumbnail","hentry","category-diseno"],"_links":{"self":[{"href":"https:\/\/www.plugandgo.es\/en\/wp-json\/wp\/v2\/posts\/3651","targetHints":{"allow":["GET"]}}],"collection":[{"href":"https:\/\/www.plugandgo.es\/en\/wp-json\/wp\/v2\/posts"}],"about":[{"href":"https:\/\/www.plugandgo.es\/en\/wp-json\/wp\/v2\/types\/post"}],"author":[{"embeddable":true,"href":"https:\/\/www.plugandgo.es\/en\/wp-json\/wp\/v2\/users\/2"}],"replies":[{"embeddable":true,"href":"https:\/\/www.plugandgo.es\/en\/wp-json\/wp\/v2\/comments?post=3651"}],"version-history":[{"count":0,"href":"https:\/\/www.plugandgo.es\/en\/wp-json\/wp\/v2\/posts\/3651\/revisions"}],"wp:featuredmedia":[{"embeddable":true,"href":"https:\/\/www.plugandgo.es\/en\/wp-json\/wp\/v2\/media\/3643"}],"wp:attachment":[{"href":"https:\/\/www.plugandgo.es\/en\/wp-json\/wp\/v2\/media?parent=3651"}],"wp:term":[{"taxonomy":"category","embeddable":true,"href":"https:\/\/www.plugandgo.es\/en\/wp-json\/wp\/v2\/categories?post=3651"},{"taxonomy":"post_tag","embeddable":true,"href":"https:\/\/www.plugandgo.es\/en\/wp-json\/wp\/v2\/tags?post=3651"}],"curies":[{"name":"wp","href":"https:\/\/api.w.org\/{rel}","templated":true}]}}