{"id":4244,"date":"2019-11-11T12:21:02","date_gmt":"2019-11-11T12:21:02","guid":{"rendered":"https:\/\/www.plugandgo.es\/?p=4244"},"modified":"2019-11-11T12:21:02","modified_gmt":"2019-11-11T12:21:02","slug":"pluggo-colabora-con-la-fundacion-vicente-ferrer","status":"publish","type":"post","link":"https:\/\/www.plugandgo.es\/en\/pluggo-colabora-con-la-fundacion-vicente-ferrer\/","title":{"rendered":"Plug&go colabora con la Fundaci\u00f3n Vicente Ferrer en la construcci\u00f3n de una planta potabilizadora de agua"},"content":{"rendered":"<p>Plug&amp;go colabora con la Fundaci\u00f3n Vicente Ferrer para llevar agua potable a m\u00e1s de 3.000 personas de la aldea de Ayysgaripalli, en Andhra Pradesh, un proyecto que <strong>producir\u00e1 9.000 litros de agua saludable cada d\u00eda<\/strong>.<\/p>\n<p>Esta aldea se encuentra en la regi\u00f3n de Kalyandurg, donde viven grupos de poblaci\u00f3n muy vulnerables, condicionados por la sequ\u00eda cr\u00f3nica de su zona y por las desigualdades sociales.<\/p>\n<p><strong>Las obras de construcci\u00f3n de la planta potabilizadora<\/strong> comenzaron en julio de 2018, y a d\u00eda de hoy ya se han realizado regularmente reuniones de planificaci\u00f3n y seguimiento del proyecto, as\u00ed como diversos trabajos de construcci\u00f3n con \u00e9xito.<\/p>\n<p><img fetchpriority=\"high\" decoding=\"async\" class=\"aligncenter wp-image-4246 size-full\" src=\"https:\/\/www.plugandgo.es\/wp-content\/uploads\/2019\/11\/Captura-de-pantalla-2019-11-11-a-las-13.16.38.png?_t=1573474653\" alt=\"Plug&amp;go colabora con la Fundaci\u00f3n Vicente Ferrer \" width=\"964\" height=\"675\" srcset=\"https:\/\/www.plugandgo.es\/wp-content\/uploads\/2019\/11\/Captura-de-pantalla-2019-11-11-a-las-13.16.38.png 964w, https:\/\/www.plugandgo.es\/wp-content\/uploads\/2019\/11\/Captura-de-pantalla-2019-11-11-a-las-13.16.38-760x532.png 760w, https:\/\/www.plugandgo.es\/wp-content\/uploads\/2019\/11\/Captura-de-pantalla-2019-11-11-a-las-13.16.38-300x210.png 300w, https:\/\/www.plugandgo.es\/wp-content\/uploads\/2019\/11\/Captura-de-pantalla-2019-11-11-a-las-13.16.38-768x538.png 768w\" sizes=\"(max-width: 964px) 100vw, 964px\" \/><\/p>\n<p><strong>Su finalizaci\u00f3n est\u00e1 prevista para enero de 2020,<\/strong> por lo que los pr\u00f3ximos meses estar\u00e1n dedicados a realizar las actividades pendientes en cuanto a la instalaci\u00f3n del equipamiento t\u00e9cnico, para comenzar el suministro de agua potable y <strong>realizar talleres de sensibilizaci\u00f3n y formaci\u00f3n<\/strong> sobre la importancia del agua potable, los peligros del consumo de agua contaminada y la prevenci\u00f3n de enfermedades estacionales.<\/p>\n<p>Siendo el eje principal la sostenibilidad, <strong>esta iniciativa busca cambiar el futuro de miles de personas sin acceso a agua potable<\/strong> en la India, y lo hacemos a trav\u00e9s de nuestro partner AGUAKMZERO.<\/p>\n<blockquote><p>\u201cEn el trabajo de la acci\u00f3n del bien debemos estar todos\u201d Vicente Ferrer<\/p><\/blockquote>\n<p>El acceso a este agua potable reducir\u00e1 el riesgo de contraer enfermedades de transmisi\u00f3n h\u00eddrica, incidiendo de forma positiva en la salud de la poblaci\u00f3n de forma general.<\/p>\n<p>Esta iniciativa fue puesta en marcha hace 7 a\u00f1os por la <a href=\"https:\/\/fundacionvicenteferrer.org\/es\/la-fundacion\" target=\"_blank\" rel=\"noopener\">FVF<\/a>, tras un intenso trabajo de sensibilizaci\u00f3n con gobiernos locales y la poblaci\u00f3n, de que <strong>agua limpia no es sin\u00f3nimo de agua saludable y potable<\/strong>.<\/p>\n<h2>Nuestro compromiso sostenible<\/h2>\n<p>Nuestro compromiso sostenible est\u00e1 basado en las personas, porque parte de nuestra cultura como empresa es el respeto y la <a href=\"https:\/\/www.plugandgo.es\/espacios-para-la-socializacion-en-la-oficina\/\" target=\"_blank\" rel=\"noopener\">preocupaci\u00f3n por los equipos<\/a>.<\/p>\n<p>Por ello, en plug&amp;go nos hemos adue\u00f1ado de una serie de criterios sostenibles como empresa, m\u00e1s all\u00e1 de nuestro c\u00edrculo de vida sostenible a la hora de hacer implantaci\u00f3n.<\/p>\n","protected":false},"excerpt":{"rendered":"<p>Plug&amp;go colabora con la Fundaci\u00f3n Vicente Ferrer para llevar agua potable a m\u00e1s de 3.000 personas de la aldea de Ayysgaripalli, en Andhra Pradesh, un proyecto que producir\u00e1 9.000 litros de agua saludable cada d\u00eda. Esta aldea se encuentra en la regi\u00f3n de Kalyandurg, donde viven grupos de poblaci\u00f3n muy vulnerables, condicionados por la sequ\u00eda [&hellip;]<\/p>\n","protected":false},"author":2,"featured_media":4246,"comment_status":"closed","ping_status":"closed","sticky":false,"template":"","format":"standard","meta":{"footnotes":""},"categories":[133],"tags":[71,72,73],"class_list":["post-4244","post","type-post","status-publish","format-standard","has-post-thumbnail","hentry","category-noticias","tag-agua-potable","tag-compromiso-sostenible","tag-fundacion-vicente-ferrer"],"_links":{"self":[{"href":"https:\/\/www.plugandgo.es\/en\/wp-json\/wp\/v2\/posts\/4244","targetHints":{"allow":["GET"]}}],"collection":[{"href":"https:\/\/www.plugandgo.es\/en\/wp-json\/wp\/v2\/posts"}],"about":[{"href":"https:\/\/www.plugandgo.es\/en\/wp-json\/wp\/v2\/types\/post"}],"author":[{"embeddable":true,"href":"https:\/\/www.plugandgo.es\/en\/wp-json\/wp\/v2\/users\/2"}],"replies":[{"embeddable":true,"href":"https:\/\/www.plugandgo.es\/en\/wp-json\/wp\/v2\/comments?post=4244"}],"version-history":[{"count":0,"href":"https:\/\/www.plugandgo.es\/en\/wp-json\/wp\/v2\/posts\/4244\/revisions"}],"wp:featuredmedia":[{"embeddable":true,"href":"https:\/\/www.plugandgo.es\/en\/wp-json\/wp\/v2\/media\/4246"}],"wp:attachment":[{"href":"https:\/\/www.plugandgo.es\/en\/wp-json\/wp\/v2\/media?parent=4244"}],"wp:term":[{"taxonomy":"category","embeddable":true,"href":"https:\/\/www.plugandgo.es\/en\/wp-json\/wp\/v2\/categories?post=4244"},{"taxonomy":"post_tag","embeddable":true,"href":"https:\/\/www.plugandgo.es\/en\/wp-json\/wp\/v2\/tags?post=4244"}],"curies":[{"name":"wp","href":"https:\/\/api.w.org\/{rel}","templated":true}]}}