{"id":4445,"date":"2020-03-11T09:05:42","date_gmt":"2020-03-11T09:05:42","guid":{"rendered":"https:\/\/www.plugandgo.es\/?p=4445"},"modified":"2020-03-11T09:05:42","modified_gmt":"2020-03-11T09:05:42","slug":"como-conectar-con-el-proposito-de-marca-de-una-empresa","status":"publish","type":"post","link":"https:\/\/www.plugandgo.es\/en\/como-conectar-con-el-proposito-de-marca-de-una-empresa\/","title":{"rendered":"C\u00f3mo conectar con el prop\u00f3sito de marca de una empresa"},"content":{"rendered":"<p>Para conectar con el prop\u00f3sito de marca de una empresa, lo realmente importante a la hora de configurar la etapa de dise\u00f1o del proyecto es\u00a0preguntar al cliente el \u201cpor qu\u00e9\u201d y no el \u201cpara qu\u00e9\u201d. <strong>Son los valores los que nos permiten abordar un proyecto.<\/strong><\/p>\n<figure id=\"attachment_4590\" aria-describedby=\"caption-attachment-4590\" style=\"width: 1030px\" class=\"wp-caption aligncenter\"><a href=\"https:\/\/www.plugandgo.es\/portfolio-item\/autovista-group\/\" target=\"_blank\" rel=\"noopener\"><img fetchpriority=\"high\" decoding=\"async\" class=\"wp-image-4590 size-full\" src=\"https:\/\/www.plugandgo.es\/wp-content\/uploads\/2020\/03\/1943-016-2-1030x699-1.jpg\" alt=\"conectar con el prop\u00f3sito de marca \" width=\"1030\" height=\"699\" srcset=\"https:\/\/www.plugandgo.es\/wp-content\/uploads\/2020\/03\/1943-016-2-1030x699-1.jpg 1030w, https:\/\/www.plugandgo.es\/wp-content\/uploads\/2020\/03\/1943-016-2-1030x699-1-1024x695.jpg 1024w, https:\/\/www.plugandgo.es\/wp-content\/uploads\/2020\/03\/1943-016-2-1030x699-1-760x516.jpg 760w, https:\/\/www.plugandgo.es\/wp-content\/uploads\/2020\/03\/1943-016-2-1030x699-1-300x204.jpg 300w, https:\/\/www.plugandgo.es\/wp-content\/uploads\/2020\/03\/1943-016-2-1030x699-1-768x521.jpg 768w, https:\/\/www.plugandgo.es\/wp-content\/uploads\/2020\/03\/1943-016-2-1030x699-1-1011x686.jpg 1011w\" sizes=\"(max-width: 1030px) 100vw, 1030px\" \/><\/a><figcaption id=\"caption-attachment-4590\" class=\"wp-caption-text\">Oficinas de Autovista Group | Proyecto de plug&amp;go<\/figcaption><\/figure>\n<p>Nuestra forma de entender el espacio se centra en un proceso creativo que iniciamos con un Mood Board, <strong>conectando la marca con la inspiraci\u00f3n<\/strong>. \u201cNuestro valor es ese, pensar desde el inicio en base a la arquitectura, definir el proyecto y luego hacer la ejecuci\u00f3n de obra con unos compromisos de plazo, de coste y de calidad\u201d, explica Covadonga G. Quintana, socia-directora de plug&amp;go.<\/p>\n<blockquote><p>\u201cQueremos rescatar el alma, no las tendencias\u201d<\/p><\/blockquote>\n<p>Se trata, en esencia, de que el cliente consiga sus objetivos estrat\u00e9gicos mejorando adem\u00e1s la calidad y el ambiente laboral.\u00a0La oficina tiene un papel importante como\u00a0<strong>generador de bienestar <\/strong>y si en ella\u00a0se pueden encontrar motivaci\u00f3n y\u00a0<a href=\"https:\/\/www.plugandgo.es\/somos-felices-la-oficina\/\" target=\"_blank\" rel=\"noopener\">felicidad<\/a>, lo dem\u00e1s se traduce en una mayor eficiencia.<\/p>\n<h2>Conectar con el prop\u00f3sito de marca desde la generaci\u00f3n de ideas<\/h2>\n<p>En plug&amp;go nunca iniciamos un an\u00e1lisis t\u00e9cnico sin bucear en el prop\u00f3sito. Y es, desde este lugar, d\u00f3nde ideamos el espacio como herramienta facilitadora de objetivos estrat\u00e9gicos de empresa.<\/p>\n<figure id=\"attachment_4589\" aria-describedby=\"caption-attachment-4589\" style=\"width: 1030px\" class=\"wp-caption aligncenter\"><a href=\"https:\/\/www.plugandgo.es\/portfolio-item\/allot\/\" target=\"_blank\" rel=\"noopener\"><img decoding=\"async\" class=\"wp-image-4589 size-full\" src=\"https:\/\/www.plugandgo.es\/wp-content\/uploads\/2020\/03\/2008-075-2-1030x679-1.jpg\" alt=\"conectar con el prop\u00f3sito de marca\" width=\"1030\" height=\"679\" srcset=\"https:\/\/www.plugandgo.es\/wp-content\/uploads\/2020\/03\/2008-075-2-1030x679-1.jpg 1030w, https:\/\/www.plugandgo.es\/wp-content\/uploads\/2020\/03\/2008-075-2-1030x679-1-1024x675.jpg 1024w, https:\/\/www.plugandgo.es\/wp-content\/uploads\/2020\/03\/2008-075-2-1030x679-1-760x501.jpg 760w, https:\/\/www.plugandgo.es\/wp-content\/uploads\/2020\/03\/2008-075-2-1030x679-1-300x198.jpg 300w, https:\/\/www.plugandgo.es\/wp-content\/uploads\/2020\/03\/2008-075-2-1030x679-1-768x506.jpg 768w\" sizes=\"(max-width: 1030px) 100vw, 1030px\" \/><\/a><figcaption id=\"caption-attachment-4589\" class=\"wp-caption-text\">Oficinas de Allot | Proyecto de plug&amp;go<\/figcaption><\/figure>\n<p>Acompa\u00f1amos a las organizaciones en su evoluci\u00f3n <strong>hacia un dise\u00f1o que sea beneficioso para todos<\/strong>, centr\u00e1ndonos en las personas y abandonando el antiguo modelo de oficinas.<\/p>\n<p>Tal y como lo comprende Covadonga G. Quintana, \u201cCuando pensamos en transformar el espacio de trabajo, para nosotros lo que importa es qui\u00e9n eres, c\u00f3mo te quieres ver en los pr\u00f3ximos a\u00f1os. Visualizarte y hacer un camino para recorrerlo junto a ti y dise\u00f1ar tu espacio \u00f3ptimo, que es diferente para cada compa\u00f1\u00eda\u201d.<\/p>\n<p>En la actualidad, en el mundo de la arquitectura corporativa, <strong>propiciar la experiencia cliente as\u00ed como la experiencia empleado es un requisito indispensable.<\/strong><\/p>\n","protected":false},"excerpt":{"rendered":"<p>Para conectar con el prop\u00f3sito de marca de una empresa, lo realmente importante a la hora de configurar la etapa de dise\u00f1o del proyecto es\u00a0preguntar al cliente el \u201cpor qu\u00e9\u201d y no el \u201cpara qu\u00e9\u201d. Son los valores los que nos permiten abordar un proyecto. Oficinas de Autovista Group | Proyecto de plug&amp;go Nuestra forma [&hellip;]<\/p>\n","protected":false},"author":2,"featured_media":4590,"comment_status":"closed","ping_status":"closed","sticky":false,"template":"","format":"standard","meta":{"footnotes":""},"categories":[131],"tags":[70],"class_list":["post-4445","post","type-post","status-publish","format-standard","has-post-thumbnail","hentry","category-arquitectura","tag-proposito-de-marca"],"_links":{"self":[{"href":"https:\/\/www.plugandgo.es\/en\/wp-json\/wp\/v2\/posts\/4445","targetHints":{"allow":["GET"]}}],"collection":[{"href":"https:\/\/www.plugandgo.es\/en\/wp-json\/wp\/v2\/posts"}],"about":[{"href":"https:\/\/www.plugandgo.es\/en\/wp-json\/wp\/v2\/types\/post"}],"author":[{"embeddable":true,"href":"https:\/\/www.plugandgo.es\/en\/wp-json\/wp\/v2\/users\/2"}],"replies":[{"embeddable":true,"href":"https:\/\/www.plugandgo.es\/en\/wp-json\/wp\/v2\/comments?post=4445"}],"version-history":[{"count":0,"href":"https:\/\/www.plugandgo.es\/en\/wp-json\/wp\/v2\/posts\/4445\/revisions"}],"wp:featuredmedia":[{"embeddable":true,"href":"https:\/\/www.plugandgo.es\/en\/wp-json\/wp\/v2\/media\/4590"}],"wp:attachment":[{"href":"https:\/\/www.plugandgo.es\/en\/wp-json\/wp\/v2\/media?parent=4445"}],"wp:term":[{"taxonomy":"category","embeddable":true,"href":"https:\/\/www.plugandgo.es\/en\/wp-json\/wp\/v2\/categories?post=4445"},{"taxonomy":"post_tag","embeddable":true,"href":"https:\/\/www.plugandgo.es\/en\/wp-json\/wp\/v2\/tags?post=4445"}],"curies":[{"name":"wp","href":"https:\/\/api.w.org\/{rel}","templated":true}]}}