{"id":4594,"date":"2020-04-28T08:23:43","date_gmt":"2020-04-28T08:23:43","guid":{"rendered":"https:\/\/www.plugandgo.es\/?p=4594"},"modified":"2020-04-28T08:23:43","modified_gmt":"2020-04-28T08:23:43","slug":"covid-19-marca-dia-mundial-de-la-seguridad-y-la-salud-en-el-trabajo","status":"publish","type":"post","link":"https:\/\/www.plugandgo.es\/en\/covid-19-marca-dia-mundial-de-la-seguridad-y-la-salud-en-el-trabajo\/","title":{"rendered":"La Covid-19 marca el D\u00eda Mundial de la Seguridad y la Salud en el Trabajo"},"content":{"rendered":"<h2>Una oportunidad para sensibilizarnos en el qu\u00e9 y no tanto en el c\u00f3mo<\/h2>\n<p><span style=\"color: #808080;\">por\u00a0Covadonga G. Quintana. Socia de plug&amp;go arquitectura corporativa<\/span><\/p>\n<p><img fetchpriority=\"high\" decoding=\"async\" class=\"alignright wp-image-4600 size-medium\" src=\"https:\/\/www.plugandgo.es\/wp-content\/uploads\/2020\/04\/IMG_0974-e1588061994723-242x300.jpg?_t=1588061998\" alt=\"D\u00eda Mundial de la Seguridad y la Salud en el Trabajo\" width=\"242\" height=\"300\" srcset=\"https:\/\/www.plugandgo.es\/wp-content\/uploads\/2020\/04\/IMG_0974-e1588061994723-242x300.jpg 242w, https:\/\/www.plugandgo.es\/wp-content\/uploads\/2020\/04\/IMG_0974-e1588061994723-826x1024.jpg 826w, https:\/\/www.plugandgo.es\/wp-content\/uploads\/2020\/04\/IMG_0974-e1588061994723-760x942.jpg 760w, https:\/\/www.plugandgo.es\/wp-content\/uploads\/2020\/04\/IMG_0974-e1588061994723-1030x1276.jpg 1030w, https:\/\/www.plugandgo.es\/wp-content\/uploads\/2020\/04\/IMG_0974-e1588061994723-768x952.jpg 768w, https:\/\/www.plugandgo.es\/wp-content\/uploads\/2020\/04\/IMG_0974-e1588061994723-554x686.jpg 554w, https:\/\/www.plugandgo.es\/wp-content\/uploads\/2020\/04\/IMG_0974-e1588061994723-1239x1536.jpg 1239w, https:\/\/www.plugandgo.es\/wp-content\/uploads\/2020\/04\/IMG_0974-e1588061994723.jpg 1367w\" sizes=\"(max-width: 242px) 100vw, 242px\" \/>Los D\u00edas Internacionales\u00a0nos dan la oportunidad de sensibilizar al p\u00fablico -en general- sobre temas de gran\u00a0inter\u00e9s. Este a\u00f1o 2020 con una poblaci\u00f3n mundial pr\u00e1cticamente confinada por la Covid 19, adem\u00e1s, tenemos una oportunidad doble: reflexionar y alejarnos de listados con una extensi\u00f3n de medidas que nos ci\u00f1en a los c\u00f3mo, y pensar en el qu\u00e9.<\/p>\n<p>En 2003, la Organizaci\u00f3n Internacional del Trabajo (OIT) empez\u00f3 a observar el D\u00eda Mundial haciendo hincapi\u00e9 en la prevenci\u00f3n de los accidentes y las enfermedades en el lugar de trabajo, apoy\u00e1ndose en las caracter\u00edsticas tradicionales que fortalecen su acci\u00f3n: el tripartidismo y el di\u00e1logo social. Han pasado muchos a\u00f1os desde el inicio y en los \u00faltimos a\u00f1os se han abierto grandes debates inspiracionales en la l\u00ednea del trabajo decente en un mundo sostenible y con bajas emisiones de carbono, lo que se ha denominado \u201cempleo verde\u201d pero finalmente -este d\u00eda- queda como un recordatorio no exento de listados de medidas,<\/p>\n<p>La Covid 19 no es una excepci\u00f3n, conocemos y buscamos medidas que reduzcan los miedos y confieran a los equipos soluciones para evitar contagio y ganar en seguridad. Est\u00e1 bien ahondar en los c\u00f3mo. Est\u00e1 bien conocer e implementar las medidas de higiene, predicci\u00f3n, distanciamiento, reducci\u00f3n de aforos y colocaci\u00f3n de elementos que reducen el contagio, pero ante esta crisis sanitaria -y ahora econ\u00f3mica- sin precedentes para la gran mayor\u00eda de personas en activo, me gustar\u00eda poder ahondar en el \u201cqu\u00e9\u201d.<\/p>\n<p>Me gustar\u00eda recuperar el esp\u00edritu del <strong>D\u00eda Mundial de la Seguridad y la Salud en el Trabajo<\/strong>, un llamamiento a la sensibilidad que ahora afecta a todos, no s\u00f3lo a las personas que trabajan con mayor riesgo laboral en construcci\u00f3n, sanidad, f\u00e1bricas, explotaciones\u2026Sino a todos, a todos los trabajadores, aunque -a priori -pensaran que este D\u00eda\u00a0Mundial de la Seguridad y la Salud en el Trabajo iba por otro tipo de oficios.<\/p>\n<p>De poco servir\u00e1 adoptar un listado de medidas que nos permitan, en un horizonte temporal, \u201cprotegernos\u201d de la Covid 19, si no abordamos un pensamiento colectivo que nos conecte con el \u201cqu\u00e9\u201d.<\/p>\n<p><strong>Porque el \u201cqu\u00e9\u201d va orientado al tipo de sociedad que queremos crear en los espacios de trabajo, porque \u00e9l \u201cqu\u00e9\u201d va asociado a un prop\u00f3sito, una forma de entender el empleo mucho m\u00e1s humana, integradora y asociada al bienestar en sentido amplio, no s\u00f3lo a un listado de medidas tangibles.<\/strong><\/p>\n<p>Los \u201cc\u00f3mo\u201d pueden funcionar en el corto plazo pero los \u201cqu\u00e9\u201d construyen un <strong>modelo de bienestar<\/strong> que cuida y da continuidad a largo plazo.<\/p>\n<p>Podemos hablar -este a\u00f1o- del <strong>D\u00eda Mundial de la Seguridad y la Salud en el Trabajo<\/strong> bajo el paraguas de la pandemia, con un listado de medidas, ya por todos conocidas, o podemos integrar estas medidas en un proceso de reflexi\u00f3n que integre <strong>un nuevo modelo de bienestar<\/strong> que contenga conciliaci\u00f3n, trabajo decente, equidad, diversidad, sostenibilidad y bajas emisiones de carbono.<\/p>\n<p>Este modelo de bienestar camina desde una estrategia a corto: dar seguridad al equipo para su regreso tras el estado de alarma y una estrategia a medio, definir un modelo de trabajo flexible que permita bienestar en sentido amplio y defina el marco de medidas de integraci\u00f3n y sostenibilidad que permiten cuidar y cuidarnos <em>(ver figura 1)<\/em>.<\/p>\n<figure id=\"attachment_4595\" aria-describedby=\"caption-attachment-4595\" style=\"width: 810px\" class=\"wp-caption aligncenter\"><img decoding=\"async\" class=\"wp-image-4595 size-full\" src=\"https:\/\/www.plugandgo.es\/wp-content\/uploads\/2020\/04\/Imagen-1.png\" alt=\"\" width=\"810\" height=\"490\" srcset=\"https:\/\/www.plugandgo.es\/wp-content\/uploads\/2020\/04\/Imagen-1.png 810w, https:\/\/www.plugandgo.es\/wp-content\/uploads\/2020\/04\/Imagen-1-760x460.png 760w, https:\/\/www.plugandgo.es\/wp-content\/uploads\/2020\/04\/Imagen-1-300x181.png 300w, https:\/\/www.plugandgo.es\/wp-content\/uploads\/2020\/04\/Imagen-1-768x465.png 768w\" sizes=\"(max-width: 810px) 100vw, 810px\" \/><figcaption id=\"caption-attachment-4595\" class=\"wp-caption-text\">Figura 1. Fuente: plug&amp;go 2020<\/figcaption><\/figure>\n<p>Hay muchas formas de abordar esta reflexi\u00f3n pero es importante hacerlo y poder construir desde este eje que nos llevar\u00e1 a un modelo sin duda <strong>m\u00e1s saludable y con una sociedad mejor<\/strong>, en el trabajo y fuera del trabajo.<\/p>\n<p>Apliquemos las medidas a corto pero busquemos un <strong>horizonte de transformaci\u00f3n<\/strong> que construya en <a href=\"https:\/\/www.plugandgo.es\/consultoria-para-hacer-realidad-la-transformacion-de-una-empresa\/\" target=\"_blank\" rel=\"noopener\">estrategia, visi\u00f3n y modelo de trabajo que queremos tener<\/a>.<\/p>\n<p>Este art\u00edculo ha sido publicado en el blog de\u00a0<a href=\"https:\/\/www.knightfrank.es\/blog\/2020\/04\/27\/la-covid-19-marca-el-dia-mundial-de-la-seguridad-y-la-salud-en-el-trabajo\" target=\"_blank\" rel=\"noopener\">Knight Frank Espa\u00f1a<\/a>.<\/p>\n","protected":false},"excerpt":{"rendered":"<p>Una oportunidad para sensibilizarnos en el qu\u00e9 y no tanto en el c\u00f3mo por\u00a0Covadonga G. Quintana. Socia de plug&amp;go arquitectura corporativa Los D\u00edas Internacionales\u00a0nos dan la oportunidad de sensibilizar al p\u00fablico -en general- sobre temas de gran\u00a0inter\u00e9s. Este a\u00f1o 2020 con una poblaci\u00f3n mundial pr\u00e1cticamente confinada por la Covid 19, adem\u00e1s, tenemos una oportunidad doble: [&hellip;]<\/p>\n","protected":false},"author":2,"featured_media":4595,"comment_status":"closed","ping_status":"closed","sticky":false,"template":"","format":"standard","meta":{"footnotes":""},"categories":[133],"tags":[],"class_list":["post-4594","post","type-post","status-publish","format-standard","has-post-thumbnail","hentry","category-noticias"],"_links":{"self":[{"href":"https:\/\/www.plugandgo.es\/en\/wp-json\/wp\/v2\/posts\/4594","targetHints":{"allow":["GET"]}}],"collection":[{"href":"https:\/\/www.plugandgo.es\/en\/wp-json\/wp\/v2\/posts"}],"about":[{"href":"https:\/\/www.plugandgo.es\/en\/wp-json\/wp\/v2\/types\/post"}],"author":[{"embeddable":true,"href":"https:\/\/www.plugandgo.es\/en\/wp-json\/wp\/v2\/users\/2"}],"replies":[{"embeddable":true,"href":"https:\/\/www.plugandgo.es\/en\/wp-json\/wp\/v2\/comments?post=4594"}],"version-history":[{"count":0,"href":"https:\/\/www.plugandgo.es\/en\/wp-json\/wp\/v2\/posts\/4594\/revisions"}],"wp:featuredmedia":[{"embeddable":true,"href":"https:\/\/www.plugandgo.es\/en\/wp-json\/wp\/v2\/media\/4595"}],"wp:attachment":[{"href":"https:\/\/www.plugandgo.es\/en\/wp-json\/wp\/v2\/media?parent=4594"}],"wp:term":[{"taxonomy":"category","embeddable":true,"href":"https:\/\/www.plugandgo.es\/en\/wp-json\/wp\/v2\/categories?post=4594"},{"taxonomy":"post_tag","embeddable":true,"href":"https:\/\/www.plugandgo.es\/en\/wp-json\/wp\/v2\/tags?post=4594"}],"curies":[{"name":"wp","href":"https:\/\/api.w.org\/{rel}","templated":true}]}}