{"id":4887,"date":"2020-07-31T09:02:21","date_gmt":"2020-07-31T09:02:21","guid":{"rendered":"https:\/\/www.plugandgo.es\/?p=4887"},"modified":"2020-07-31T09:02:21","modified_gmt":"2020-07-31T09:02:21","slug":"cambio-en-el-modelo-de-ocupacion","status":"publish","type":"post","link":"https:\/\/www.plugandgo.es\/en\/cambio-en-el-modelo-de-ocupacion\/","title":{"rendered":"\u201cEstamos asistiendo a un cambio en el modelo de ocupaci\u00f3n\u201d, Covadonga G. Quintana"},"content":{"rendered":"<p>\u201cDesde hace ya algunos a\u00f1os, venimos asistiendo a un cambio en el modelo de ocupaci\u00f3n de las oficinas. Sobre todo porque hemos pasado de un modelo de control a, cada vez m\u00e1s, un modelo de confianza en las organizaciones y, de jerarqu\u00edas a modelos m\u00e1s materiales\u201d.<\/p>\n<figure id=\"attachment_4889\" aria-describedby=\"caption-attachment-4889\" style=\"width: 1030px\" class=\"wp-caption aligncenter\"><img fetchpriority=\"high\" decoding=\"async\" class=\"wp-image-4889 size-full\" src=\"https:\/\/www.plugandgo.es\/wp-content\/uploads\/2020\/07\/2027-299-2-1030x687-1.jpg\" alt=\"cambio en el modelo de ocupaci\u00f3n\" width=\"1030\" height=\"687\" srcset=\"https:\/\/www.plugandgo.es\/wp-content\/uploads\/2020\/07\/2027-299-2-1030x687-1.jpg 1030w, https:\/\/www.plugandgo.es\/wp-content\/uploads\/2020\/07\/2027-299-2-1030x687-1-1024x683.jpg 1024w, https:\/\/www.plugandgo.es\/wp-content\/uploads\/2020\/07\/2027-299-2-1030x687-1-760x507.jpg 760w, https:\/\/www.plugandgo.es\/wp-content\/uploads\/2020\/07\/2027-299-2-1030x687-1-300x200.jpg 300w, https:\/\/www.plugandgo.es\/wp-content\/uploads\/2020\/07\/2027-299-2-1030x687-1-768x512.jpg 768w\" sizes=\"(max-width: 1030px) 100vw, 1030px\" \/><figcaption id=\"caption-attachment-4889\" class=\"wp-caption-text\">AQUILA CAPITAL + AQ ACENTOR | Proyecto de plug&amp;go<\/figcaption><\/figure>\n<p>As\u00ed lo explicaba Covadonga G. Quintana, socia directora de plug&amp;go Arquitectura Corporativa, en el <a href=\"https:\/\/www.plugandgo.es\/nuevo-encuentro-insight-hour\/\" target=\"_blank\" rel=\"noopener\">\u00faltimo encuentro Insight Hour<\/a> organizado por <strong><a href=\"https:\/\/www.knightfrank.es\/\" target=\"_blank\" rel=\"noopener\">Knight Frank<\/a> <\/strong>y <strong>plug&amp;go<\/strong>, en el que adem\u00e1s contamos con la visi\u00f3n de las mayores patrimonialistas de oficinas: <a href=\"https:\/\/www.merlinproperties.com\/\" target=\"_blank\" rel=\"noopener\">Merlin Properties<\/a> y\u00a0 <a href=\"https:\/\/www.inmocolonial.com\/\" target=\"_blank\" rel=\"noopener\">Colonial<\/a>.<\/p>\n<p>Desde este espacio inspiracional y de reflexi\u00f3n, nacido para compartir aprendizajes y valoraciones sobre los espacios que usamos y habitamos, Covadonga se centr\u00f3 en <strong>cinco puntos clave del cambio en el modelo de ocupaci\u00f3n<\/strong>, de los que hablamos a continuaci\u00f3n.<\/p>\n<h2><strong>5 puntos clave del cambio en el modelo de ocupaci\u00f3n<\/strong><\/h2>\n<h2>La descentralizaci\u00f3n de la periferia<\/h2>\n<p>\u201cAntes de la COVID-19, en plug&amp;go ya ven\u00edamos asistiendo a una descentralizaci\u00f3n de la periferia hacia volver a la ciudad, algo que hab\u00eda sido al contrario durante la \u00e9poca de la crisis financiera\u201d, afirma Covadonga.<\/p>\n<figure id=\"attachment_4893\" aria-describedby=\"caption-attachment-4893\" style=\"width: 1030px\" class=\"wp-caption aligncenter\"><img decoding=\"async\" class=\"wp-image-4893 size-full\" src=\"https:\/\/www.plugandgo.es\/wp-content\/uploads\/2020\/07\/2027-187B-2-1030x687-1.jpg\" alt=\"cambio en el modelo de ocupaci\u00f3n\" width=\"1030\" height=\"687\" srcset=\"https:\/\/www.plugandgo.es\/wp-content\/uploads\/2020\/07\/2027-187B-2-1030x687-1.jpg 1030w, https:\/\/www.plugandgo.es\/wp-content\/uploads\/2020\/07\/2027-187B-2-1030x687-1-1024x683.jpg 1024w, https:\/\/www.plugandgo.es\/wp-content\/uploads\/2020\/07\/2027-187B-2-1030x687-1-760x507.jpg 760w, https:\/\/www.plugandgo.es\/wp-content\/uploads\/2020\/07\/2027-187B-2-1030x687-1-300x200.jpg 300w, https:\/\/www.plugandgo.es\/wp-content\/uploads\/2020\/07\/2027-187B-2-1030x687-1-768x512.jpg 768w\" sizes=\"(max-width: 1030px) 100vw, 1030px\" \/><figcaption id=\"caption-attachment-4893\" class=\"wp-caption-text\">AQUILA CAPITAL + AQ ACENTOR | Proyecto de plug&amp;go<\/figcaption><\/figure>\n<p>Muchas compa\u00f1\u00edas ya empezaban a valorar el tener esa sede social en la parte central de Madrid o Barcelona, abandonando m\u00e1s las zonas perif\u00e9ricas. \u201cAhora mismo, a pesar de lo que se dice de que se van a buscar oficinas con espacios verdes, <strong>no estamos viendo planteamientos de cambios hacia las afueras de la ciudad<\/strong>\u201d.<\/p>\n<p>Al final, explica Covadonga, una compa\u00f1\u00eda eval\u00faa su localizaci\u00f3n por muchos otros factores. \u201cGrandes corporaciones incluso hacen estudios de proximidad de empleados, si se mueven en base a esos criterios y si no, <strong>buscan la accesibilidad<\/strong>. Otras sedes siguen buscando emplazamientos que tengan m\u00e1s que ver con su core business y con su visibilidad de marca, buscando zonas m\u00e1s privilegiadas dentro la ciudad. Tambi\u00e9n hay otras compa\u00f1\u00edas m\u00e1s industriales que van a seguir movi\u00e9ndose hacia las afueras porque sus f\u00e1bricas est\u00e1n m\u00e1s cerca\u201d. Es decir, <strong>depende mucho m\u00e1s de la estrategia y del core business de la compa\u00f1\u00eda<\/strong> que de una tendencia o de un movimiento que vaya asociado a esta pandemia.<\/p>\n<h2>D\u00f3nde poner el \u00e9nfasis en las nuevas instalaciones<\/h2>\n<p>Como ya hemos mencionado anteriormente, desde hace tiempo venimos asistiendo a un cambio en el modelo de ocupaci\u00f3n que se ve reflejado en el paso del control a la confianza en las organizaciones, <strong>dejando atr\u00e1s los modelos jer\u00e1rquicos<\/strong>.<\/p>\n<figure id=\"attachment_4891\" aria-describedby=\"caption-attachment-4891\" style=\"width: 1030px\" class=\"wp-caption aligncenter\"><img decoding=\"async\" class=\"wp-image-4891 size-full\" src=\"https:\/\/www.plugandgo.es\/wp-content\/uploads\/2020\/07\/2004-289-2-1030x674-1.jpg\" alt=\"cambio en el modelo de ocupaci\u00f3n\" width=\"1030\" height=\"674\" srcset=\"https:\/\/www.plugandgo.es\/wp-content\/uploads\/2020\/07\/2004-289-2-1030x674-1.jpg 1030w, https:\/\/www.plugandgo.es\/wp-content\/uploads\/2020\/07\/2004-289-2-1030x674-1-1024x670.jpg 1024w, https:\/\/www.plugandgo.es\/wp-content\/uploads\/2020\/07\/2004-289-2-1030x674-1-760x497.jpg 760w, https:\/\/www.plugandgo.es\/wp-content\/uploads\/2020\/07\/2004-289-2-1030x674-1-300x196.jpg 300w, https:\/\/www.plugandgo.es\/wp-content\/uploads\/2020\/07\/2004-289-2-1030x674-1-768x503.jpg 768w\" sizes=\"(max-width: 1030px) 100vw, 1030px\" \/><figcaption id=\"caption-attachment-4891\" class=\"wp-caption-text\">CABOT Financial | Proyecto de plug&amp;go<\/figcaption><\/figure>\n<p>\u201cDurante muchos a\u00f1os hemos dise\u00f1ado oficinas que eran grandes praderas, donde realmente lo que primaba era la propiedad del puesto de trabajo y cambiar esto s\u00ed que supone una ruptura. El poder ser flexible -no tanto el tele trabajar-, <strong>implica una ruptura del paradigma de \u201cpropietario del puesto de trabajo\u201d<\/strong>\u201d.<\/p>\n<p>Podemos ver c\u00f3mo cada vez m\u00e1s los usuarios empiezan a plantearse <a href=\"https:\/\/www.plugandgo.es\/espacios-de-trabajo-crear-comunidad\/\" target=\"_blank\" rel=\"noopener\">la oficina como un espacio donde se van a poder intercambiar una serie de usos<\/a>, que no es la propiedad individual en el puesto de trabajo. \u201cAl final, t\u00fa vas a la oficina para crear prop\u00f3sito, respirar cultura, crear objetivos comunes, crear comunidad y conectarte de alguna manera\u201d.<\/p>\n<p><strong>Muchas compa\u00f1\u00edas ya empiezan a perder esa vinculaci\u00f3n a la propiedad<\/strong>, algo que se ven\u00eda viendo con los despachos. \u201cEstos \u00faltimos 10 a\u00f1os hemos visto la p\u00e9rdida de la necesidad de la propiedad del despacho, pero no tanto del puesto individual, cuando cerca del 80 % del tiempo lo pasamos en salas de reuniones, en phonebooth, en zonas de esparcimiento para tomar un caf\u00e9, mantener reuniones informales o en la calle. Y hay muchos perfiles que ya trabajaban as\u00ed\u201d.<\/p>\n<figure id=\"attachment_4892\" aria-describedby=\"caption-attachment-4892\" style=\"width: 1030px\" class=\"wp-caption aligncenter\"><img loading=\"lazy\" decoding=\"async\" class=\"wp-image-4892 size-full\" src=\"https:\/\/www.plugandgo.es\/wp-content\/uploads\/2020\/07\/2027-058-2-1030x687-1.jpg\" alt=\"cambio en el modelo de ocupaci\u00f3n\" width=\"1030\" height=\"687\" srcset=\"https:\/\/www.plugandgo.es\/wp-content\/uploads\/2020\/07\/2027-058-2-1030x687-1.jpg 1030w, https:\/\/www.plugandgo.es\/wp-content\/uploads\/2020\/07\/2027-058-2-1030x687-1-1024x683.jpg 1024w, https:\/\/www.plugandgo.es\/wp-content\/uploads\/2020\/07\/2027-058-2-1030x687-1-760x507.jpg 760w, https:\/\/www.plugandgo.es\/wp-content\/uploads\/2020\/07\/2027-058-2-1030x687-1-300x200.jpg 300w, https:\/\/www.plugandgo.es\/wp-content\/uploads\/2020\/07\/2027-058-2-1030x687-1-768x512.jpg 768w\" sizes=\"(max-width: 1030px) 100vw, 1030px\" \/><figcaption id=\"caption-attachment-4892\" class=\"wp-caption-text\">AQUILA CAPITAL + AQ ACENTOR | Proyecto de plug&amp;go<\/figcaption><\/figure>\n<p>Es aqu\u00ed donde vemos esta aceleraci\u00f3n del cambio en el modelo de ocupaci\u00f3n, no que realmente ha habido una ruptura con lo anterior sino que vamos avanzando sobre ese cambio de paradigma <a href=\"https:\/\/www.plugandgo.es\/como-conectar-con-el-proposito-de-marca-de-una-empresa\/\" target=\"_blank\" rel=\"noopener\">muy asociado a cultura y modelo organizativo<\/a> que ya ven\u00edamos respirando.<\/p>\n<h2>\u00bfEstamos en un proceso para volver de nuevo el paradigma anterior?<\/h2>\n<p>\u201cUna de las cosas que se trabaja cada vez m\u00e1s en las organizaciones es <strong>la cultura y el prop\u00f3sito<\/strong>, y no creo que haya una vuelta atr\u00e1s en ese sentido\u201d. Covadonga G. Quintana afirma que cada vez vivimos en un mundo mucho m\u00e1s experiencial y que <strong>lo que se busca es generar esa experiencia de cliente<\/strong>, tanto interno como externo.<\/p>\n<p>El respirar el ADN de una compa\u00f1\u00eda es lo que te diferencia de tus competidores: \u201cest\u00e1 claro que el talento de tu gente es lo que realmente te diferencia, y eso <a href=\"https:\/\/www.plugandgo.es\/moonshot-transformacion-tras-covid19\/\" target=\"_blank\" rel=\"noopener\">tiene que tener una marca personal y una marca de compa\u00f1\u00eda<\/a>. El respirar un ADN, el que la gente se vista de una forma parecida, hable parecido, que sientas orgullo de pertenencia, se trabaja en la identidad corporativa\u201d.<\/p>\n<p>Ya no es tanto hablar de un concepto mucho m\u00e1s est\u00e1tico y de marca donde buscas una sede que sea casi como un escaparate, como suced\u00eda hace a\u00f1os, sino que <strong>ahora cada vez m\u00e1s las compa\u00f1\u00edas buscan interactuar<\/strong>.<\/p>\n<figure id=\"attachment_4888\" aria-describedby=\"caption-attachment-4888\" style=\"width: 1030px\" class=\"wp-caption aligncenter\"><img loading=\"lazy\" decoding=\"async\" class=\"wp-image-4888 size-full\" src=\"https:\/\/www.plugandgo.es\/wp-content\/uploads\/2020\/07\/2019-235-2-1030x687-1.jpg\" alt=\"cambio en el modelo de ocupaci\u00f3n\" width=\"1030\" height=\"687\" srcset=\"https:\/\/www.plugandgo.es\/wp-content\/uploads\/2020\/07\/2019-235-2-1030x687-1.jpg 1030w, https:\/\/www.plugandgo.es\/wp-content\/uploads\/2020\/07\/2019-235-2-1030x687-1-1024x683.jpg 1024w, https:\/\/www.plugandgo.es\/wp-content\/uploads\/2020\/07\/2019-235-2-1030x687-1-760x507.jpg 760w, https:\/\/www.plugandgo.es\/wp-content\/uploads\/2020\/07\/2019-235-2-1030x687-1-300x200.jpg 300w, https:\/\/www.plugandgo.es\/wp-content\/uploads\/2020\/07\/2019-235-2-1030x687-1-768x512.jpg 768w\" sizes=\"(max-width: 1030px) 100vw, 1030px\" \/><figcaption id=\"caption-attachment-4888\" class=\"wp-caption-text\">Showroom de K\u00f3nica Minolta | Proyecto de plug&amp;go<\/figcaption><\/figure>\n<p>Desde plug&amp;go hemos buscado que el cliente interno y externo interact\u00faen, por ejemplo, con nuestro <a href=\"https:\/\/www.plugandgo.es\/portfolio-item\/konica-minolta-showroom\/\" target=\"_blank\" rel=\"noopener\">proyecto para K\u00f3nica Minolta<\/a>, donde el showroom es un espacio casi Starbucks en el que la gente se est\u00e1 tomando un caf\u00e9 mientras est\u00e1 viendo al resto de los empleados. \u201cLo que se busca es la transparencia y que esa identidad corporativa fluya en todos los sentidos\u201d, fomentando ese cambio en el modelo de ocupaci\u00f3n.<\/p>\n<h2>Certificaci\u00f3n WELL y criterios de sostenibilidad<\/h2>\n<p>La sostenibilidad es fundamental porque <strong>los clientes tienen cada vez m\u00e1s en cuenta el bienestar de usuario<\/strong>, entendido no solamente en el sentido de la sostenibilidad de par\u00e1metros como pueden ser la electricidad, el clima o la iluminaci\u00f3n, sino tambi\u00e9n en un sentido muy basado en personas, y de ah\u00ed la <a href=\"https:\/\/www.plugandgo.es\/certificacion-well\/\" target=\"_blank\" rel=\"noopener\">Certificaci\u00f3n Well<\/a>.<\/p>\n<figure id=\"attachment_4894\" aria-describedby=\"caption-attachment-4894\" style=\"width: 1030px\" class=\"wp-caption aligncenter\"><img loading=\"lazy\" decoding=\"async\" class=\"wp-image-4894 size-full\" src=\"https:\/\/www.plugandgo.es\/wp-content\/uploads\/2020\/07\/2004-200-2-1030x645-1.jpg\" alt=\"cambio en el modelo de ocupaci\u00f3n\" width=\"1030\" height=\"645\" srcset=\"https:\/\/www.plugandgo.es\/wp-content\/uploads\/2020\/07\/2004-200-2-1030x645-1.jpg 1030w, https:\/\/www.plugandgo.es\/wp-content\/uploads\/2020\/07\/2004-200-2-1030x645-1-1024x641.jpg 1024w, https:\/\/www.plugandgo.es\/wp-content\/uploads\/2020\/07\/2004-200-2-1030x645-1-760x476.jpg 760w, https:\/\/www.plugandgo.es\/wp-content\/uploads\/2020\/07\/2004-200-2-1030x645-1-300x188.jpg 300w, https:\/\/www.plugandgo.es\/wp-content\/uploads\/2020\/07\/2004-200-2-1030x645-1-768x481.jpg 768w\" sizes=\"(max-width: 1030px) 100vw, 1030px\" \/><figcaption id=\"caption-attachment-4894\" class=\"wp-caption-text\">Showroom de K\u00f3nica Minolta | Proyecto de plug&amp;go<\/figcaption><\/figure>\n<p>Well es un buen certificado si le queremos poner una autor\u00eda a este proceso de sostenibilidad, en el sentido de mirar no solo el contenedor sino tambi\u00e9n el contenido, <strong>pero como un ecosistema donde todo interact\u00faa<\/strong>.<\/p>\n<p>Adem\u00e1s, si el edificio ya cuenta con unos criterios sostenibles a la hora de ser edificado, unas garant\u00edas y una eficiencia, te va a asegurar la posibilidad de poder, a trav\u00e9s de tu implantaci\u00f3n, seguir trabajando en esa sostenibilidad.<\/p>\n<p><strong>Todas las compa\u00f1\u00edas est\u00e1n incorporando criterios de sostenibilidad<\/strong>, desde los materiales con los que trabajamos en la implantaci\u00f3n hasta lo que colocas en el vending para empleados o qu\u00e9 tipos de alimentaci\u00f3n das. Es decir, el bienestar como concepto que engloba la sostenibilidad, es absolutamente un \u201cmust\u201d para casi todos los proyectos de implantaci\u00f3n de usuarios.<\/p>\n<h2>C\u00f3mo regular esta situaci\u00f3n<\/h2>\n<p>\u201cHabr\u00e1 que pasar definitivamente a esta revoluci\u00f3n digital que ya no es industrial\u201d. Se trata de un cambio en el modelo de ocupaci\u00f3n y de c\u00f3mo regular muchos otros factores, <strong>no solamente d\u00f3nde est\u00e1s f\u00edsicamente ubicado o el coste<\/strong>, sino c\u00f3mo realmente vas a valorar ese trabajo cuando ya no es presencial.<\/p>\n<p>\u201cVenimos de un modelo m\u00e1s industrial donde se paga a la gente por horas y por presencia, para pasar a un modelo digital que todav\u00eda no est\u00e1 aterrizado a nivel regulatorio, donde se trabaja por objetivos y donde la presencia no es importante, con lo cual tiene sentido que el modelo se regule de otra forma\u201d.<\/p>\n<p>Es decir, <strong>la regulaci\u00f3n debe llegar basada en ese cambio de paradigma<\/strong>, de f\u00e1brica, de digitalizaci\u00f3n, de presencia, poder estar en entornos visibles o no visibles para otros, es decir, de confianza y no control.<\/p>\n","protected":false},"excerpt":{"rendered":"<p>\u201cDesde hace ya algunos a\u00f1os, venimos asistiendo a un cambio en el modelo de ocupaci\u00f3n de las oficinas. Sobre todo porque hemos pasado de un modelo de control a, cada vez m\u00e1s, un modelo de confianza en las organizaciones y, de jerarqu\u00edas a modelos m\u00e1s materiales\u201d. AQUILA CAPITAL + AQ ACENTOR | Proyecto de plug&amp;go [&hellip;]<\/p>\n","protected":false},"author":2,"featured_media":4889,"comment_status":"closed","ping_status":"closed","sticky":false,"template":"","format":"standard","meta":{"footnotes":""},"categories":[132],"tags":[],"class_list":["post-4887","post","type-post","status-publish","format-standard","has-post-thumbnail","hentry","category-actualidad"],"_links":{"self":[{"href":"https:\/\/www.plugandgo.es\/en\/wp-json\/wp\/v2\/posts\/4887","targetHints":{"allow":["GET"]}}],"collection":[{"href":"https:\/\/www.plugandgo.es\/en\/wp-json\/wp\/v2\/posts"}],"about":[{"href":"https:\/\/www.plugandgo.es\/en\/wp-json\/wp\/v2\/types\/post"}],"author":[{"embeddable":true,"href":"https:\/\/www.plugandgo.es\/en\/wp-json\/wp\/v2\/users\/2"}],"replies":[{"embeddable":true,"href":"https:\/\/www.plugandgo.es\/en\/wp-json\/wp\/v2\/comments?post=4887"}],"version-history":[{"count":0,"href":"https:\/\/www.plugandgo.es\/en\/wp-json\/wp\/v2\/posts\/4887\/revisions"}],"wp:featuredmedia":[{"embeddable":true,"href":"https:\/\/www.plugandgo.es\/en\/wp-json\/wp\/v2\/media\/4889"}],"wp:attachment":[{"href":"https:\/\/www.plugandgo.es\/en\/wp-json\/wp\/v2\/media?parent=4887"}],"wp:term":[{"taxonomy":"category","embeddable":true,"href":"https:\/\/www.plugandgo.es\/en\/wp-json\/wp\/v2\/categories?post=4887"},{"taxonomy":"post_tag","embeddable":true,"href":"https:\/\/www.plugandgo.es\/en\/wp-json\/wp\/v2\/tags?post=4887"}],"curies":[{"name":"wp","href":"https:\/\/api.w.org\/{rel}","templated":true}]}}