{"id":5196,"date":"2020-11-25T11:47:30","date_gmt":"2020-11-25T11:47:30","guid":{"rendered":"https:\/\/www.plugandgo.es\/?p=5196"},"modified":"2020-11-25T11:47:30","modified_gmt":"2020-11-25T11:47:30","slug":"pluggo-workplace-summit-2020","status":"publish","type":"post","link":"https:\/\/www.plugandgo.es\/en\/pluggo-workplace-summit-2020\/","title":{"rendered":"plug&go participa en el Workplace Summit 2020"},"content":{"rendered":"<p>Los d\u00edas 19 y 20 de noviembre se celebr\u00f3 una nueva edici\u00f3n de una cita ya tradicional en el mundo del dise\u00f1o de oficinas, el <strong>Workplace Summit 2020<\/strong>, y all\u00ed estuvo plug&amp;go. Uno de nuestros socios, <strong>\u00d3scar Herrando<\/strong>, particip\u00f3 en la mesa redonda &#8220;Del exterior al interior: edificios confortables, edificios sostenibles\u201d.<\/p>\n<p><img fetchpriority=\"high\" decoding=\"async\" class=\"aligncenter size-full wp-image-5197\" src=\"https:\/\/www.plugandgo.es\/wp-content\/uploads\/2020\/11\/0.jpeg\" alt=\"workplace summit 2020\" width=\"1242\" height=\"716\" srcset=\"https:\/\/www.plugandgo.es\/wp-content\/uploads\/2020\/11\/0.jpeg 1242w, https:\/\/www.plugandgo.es\/wp-content\/uploads\/2020\/11\/0-1024x590.jpeg 1024w, https:\/\/www.plugandgo.es\/wp-content\/uploads\/2020\/11\/0-760x438.jpeg 760w, https:\/\/www.plugandgo.es\/wp-content\/uploads\/2020\/11\/0-1030x594.jpeg 1030w, https:\/\/www.plugandgo.es\/wp-content\/uploads\/2020\/11\/0-300x173.jpeg 300w, https:\/\/www.plugandgo.es\/wp-content\/uploads\/2020\/11\/0-768x443.jpeg 768w\" sizes=\"(max-width: 1242px) 100vw, 1242px\" \/><\/p>\n<p>En esa mesa se habl\u00f3 sobre la transformaci\u00f3n de los espacios de trabajo en un escenario nuevo originado por la crisis sanitaria. Por primera vez, <strong>la salud y el bienestar se posicionan como elementos fundamentales a la hora de organizar nuestra vida personal y laboral<\/strong> y, por tanto, todo aquello que nos lleva a organizarnos como una sociedad. Y en ello recalca el tema de nuestras construcciones: en donde trabajamos, en donde dormimos, en donde vivimos, c\u00f3mo nos transportamos hacia todos los lugares en los que vivimos y convivimos\u2026<\/p>\n<p>En esta edici\u00f3n del Workplace Summit 2020 tambi\u00e9n fue tema protagonista la llegada del Home Office. <strong>Las oficinas se han trasladado hacia nuestros hogares<\/strong> y esto implica un cambio radical en el mercado y en las necesidades de los usuarios y por tanto, de las propias empresas. \u00bfQu\u00e9 sabemos de esto y c\u00f3mo se presenta el futuro?<\/p>\n<p>\u00d3scar Herrando explic\u00f3 que en plug&amp;go ya ven\u00edan observando que el teletrabajo se estaba implantando en las empresas antes de la crisis sanitaria. <strong>\u201cCon la situaci\u00f3n de la pandemia, esto se ha acelerado much\u00edsimo\u201d<\/strong>. Record\u00f3 que seg\u00fan las encuestas de poblaci\u00f3n activa, en 2019 solo el 4,8% de las personas teletrabajaban y ahora se ha multiplicado por siete u ocho.<\/p>\n<p>\u201cLa gran mayor\u00eda de las empresas est\u00e1n facilitando a los trabajadores la compra de productos que mejoren su ergonom\u00eda, ayud\u00e1ndoles econ\u00f3micamente, con subvenciones o con compras directas. Porque es cierto que al principio la gente ten\u00eda que trabajar en su casa en cualquier sitio y no siempre en condiciones saludables\u201d.<\/p>\n<p><strong>El Home Office ha llegado para quedarse, seg\u00fan \u00d3scar Herrando<\/strong>, aunque con el tiempo \u201clas empresas volver\u00e1n a traer a sus trabajadores de nuevo a la oficina, aunque no sea todos los d\u00edas. Las personas ir\u00e1n a sus centros de trabajo para tener reuniones y contacto, porque es muy importante <a href=\"https:\/\/www.plugandgo.es\/espacios-de-trabajo-crear-comunidad\/\" target=\"_blank\" rel=\"noopener\">mantener la sensaci\u00f3n de pertenencia a la compa\u00f1\u00eda<\/a>\u201d.<\/p>\n<h2><strong>El tercer espacio en la oficina<\/strong><\/h2>\n<p>En su intervenci\u00f3n en el Workplace Summit 2020, <strong>\u00d3scar Herrando habl\u00f3 tambi\u00e9n del tercer espacio<\/strong>, \u201cque ya existe en las oficinas\u201d. \u201cSon esos espacios, salas de formaci\u00f3n, de encuentro informal\u2026 que se adaptan a los empleados para que puedan trabajar de diferentes formas, desde mantener una reuni\u00f3n o hacer una llamada privada en un phone booth\u201d.<\/p>\n<figure id=\"attachment_5199\" aria-describedby=\"caption-attachment-5199\" style=\"width: 700px\" class=\"wp-caption aligncenter\"><img decoding=\"async\" class=\"wp-image-5199 size-full\" src=\"https:\/\/www.plugandgo.es\/wp-content\/uploads\/2020\/11\/Oficinas-Glovalvia-15.jpg\" alt=\"workplace summit 2020\" width=\"700\" height=\"467\" srcset=\"https:\/\/www.plugandgo.es\/wp-content\/uploads\/2020\/11\/Oficinas-Glovalvia-15.jpg 700w, https:\/\/www.plugandgo.es\/wp-content\/uploads\/2020\/11\/Oficinas-Glovalvia-15-300x200.jpg 300w\" sizes=\"(max-width: 700px) 100vw, 700px\" \/><figcaption id=\"caption-attachment-5199\" class=\"wp-caption-text\">Oficinas de Globalvia | Proyecto de plug&amp;go<\/figcaption><\/figure>\n<p>Este tercer espacio tambi\u00e9n <strong>se est\u00e1 sacando fuera de los centros de trabajo<\/strong>, permitiendo la m\u00e1xima flexibilidad en cuanto al espacio: \u201cSe est\u00e1n adaptando, por ejemplo, hoteles para el teletrabajo\u201d. Este tercer espacio se suma al Home Office: \u201cLas tecnolog\u00edas hoy en d\u00eda lo permiten, conectarte d\u00f3nde, c\u00f3mo y cuando quieras\u201d, a\u00f1adi\u00f3 \u00d3scar Herrando.<\/p>\n<p>\u201cCreemos que las empresas y sus empleados van a optar por un modelo mixto que combine el Home Office, con el trabajo presencial en la oficina, para colaborar con otros, y con ese tercer espacio. En definitiva, flexibilidad\u201d.<\/p>\n<p>Todo esto -concluy\u00f3- <strong>se va a traducir tambi\u00e9n en una ciudad m\u00e1s sostenible<\/strong>, \u201cvamos a ahorrar gastos y generar menos CO2 al realizar menos trayectos, lo que influir\u00e1 en el tema medioambiental\u201d.<\/p>\n<p>En la mesa redonda tambi\u00e9n participaron: Alberto P\u00e9rez, de Basque Living, Jonatan Molina, de Ofita, Josep Esteba (Grupo Sifu) y Elisenda Ruiz de Cillalobos, de Miteco. Jordana Galicia, de ISG, moder\u00f3 esta mesa.<\/p>\n","protected":false},"excerpt":{"rendered":"<p>Los d\u00edas 19 y 20 de noviembre se celebr\u00f3 una nueva edici\u00f3n de una cita ya tradicional en el mundo del dise\u00f1o de oficinas, el Workplace Summit 2020, y all\u00ed estuvo plug&amp;go. Uno de nuestros socios, \u00d3scar Herrando, particip\u00f3 en la mesa redonda &#8220;Del exterior al interior: edificios confortables, edificios sostenibles\u201d. En esa mesa se [&hellip;]<\/p>\n","protected":false},"author":2,"featured_media":5197,"comment_status":"closed","ping_status":"closed","sticky":false,"template":"","format":"standard","meta":{"footnotes":""},"categories":[132],"tags":[],"class_list":["post-5196","post","type-post","status-publish","format-standard","has-post-thumbnail","hentry","category-actualidad"],"_links":{"self":[{"href":"https:\/\/www.plugandgo.es\/en\/wp-json\/wp\/v2\/posts\/5196","targetHints":{"allow":["GET"]}}],"collection":[{"href":"https:\/\/www.plugandgo.es\/en\/wp-json\/wp\/v2\/posts"}],"about":[{"href":"https:\/\/www.plugandgo.es\/en\/wp-json\/wp\/v2\/types\/post"}],"author":[{"embeddable":true,"href":"https:\/\/www.plugandgo.es\/en\/wp-json\/wp\/v2\/users\/2"}],"replies":[{"embeddable":true,"href":"https:\/\/www.plugandgo.es\/en\/wp-json\/wp\/v2\/comments?post=5196"}],"version-history":[{"count":0,"href":"https:\/\/www.plugandgo.es\/en\/wp-json\/wp\/v2\/posts\/5196\/revisions"}],"wp:featuredmedia":[{"embeddable":true,"href":"https:\/\/www.plugandgo.es\/en\/wp-json\/wp\/v2\/media\/5197"}],"wp:attachment":[{"href":"https:\/\/www.plugandgo.es\/en\/wp-json\/wp\/v2\/media?parent=5196"}],"wp:term":[{"taxonomy":"category","embeddable":true,"href":"https:\/\/www.plugandgo.es\/en\/wp-json\/wp\/v2\/categories?post=5196"},{"taxonomy":"post_tag","embeddable":true,"href":"https:\/\/www.plugandgo.es\/en\/wp-json\/wp\/v2\/tags?post=5196"}],"curies":[{"name":"wp","href":"https:\/\/api.w.org\/{rel}","templated":true}]}}