{"id":5278,"date":"2020-12-15T19:24:31","date_gmt":"2020-12-15T19:24:31","guid":{"rendered":"https:\/\/www.plugandgo.es\/?p=5278"},"modified":"2023-05-30T11:13:59","modified_gmt":"2023-05-30T11:13:59","slug":"resumen-de-un-ano-de-retos-y-proyectos","status":"publish","type":"post","link":"https:\/\/www.plugandgo.es\/en\/resumen-de-un-ano-de-retos-y-proyectos\/","title":{"rendered":"2020 en plug&go, resumen de un a\u00f1o de retos y proyectos"},"content":{"rendered":"<p>Hace unos meses entramos en un nuevo escenario complejo e incierto, pero tambi\u00e9n retador. plug&amp;go supo estar a la altura respondiendo con agilidad a este nuevo contexto vol\u00e1til y en cambio permanente en este a\u00f1o de retos. No en vano, facilitar el cambio forma parte del ADN de nuestra firma desde su nacimiento.<\/p>\n<p><img fetchpriority=\"high\" decoding=\"async\" class=\"alignleft wp-image-4336 size-medium\" src=\"https:\/\/www.plugandgo.es\/wp-content\/uploads\/2020\/01\/descarga_ql-265x300.png\" alt=\"a\u00f1o de retos\" width=\"265\" height=\"300\" srcset=\"https:\/\/www.plugandgo.es\/wp-content\/uploads\/2020\/01\/descarga_ql-265x300.png 265w, https:\/\/www.plugandgo.es\/wp-content\/uploads\/2020\/01\/descarga_ql.png 400w\" sizes=\"(max-width: 265px) 100vw, 265px\" \/>Comenzamos el a\u00f1o precisamente con el lanzamiento de\u00a0 <strong>&#8220;Cambios llenos de emociones&#8221;<\/strong>,\u00a0 una publicaci\u00f3n que recopila 13 empresas que emprendieron con \u00e9xito el cambio de la mano de plug&amp;go.<\/p>\n<blockquote><p>Para conocer m\u00e1s sobre estos proyectos puedes descargar nuestro dossier en el siguiente <a href=\"https:\/\/mailchi.mp\/dee0bc53a4fe\/cambios-llenos-de-emociones\" target=\"_blank\" rel=\"noopener\">enlace<\/a>.<\/p><\/blockquote>\n<p>En marzo nuestras vidas cambiaron, en lo personal y en lo profesional. La pandemia aceler\u00f3 tendencias que ya ven\u00edan asomando en las relaciones laborales, como el teletrabajo y la flexibilidad laboral en horarios y ubicaci\u00f3n. El &#8220;trabajo cu\u00e1ndo y d\u00f3nde quieras&#8221; ha llegado a nuestro tejido empresarial para quedarse.<\/p>\n<p>Este nuevo planteamiento supone una reinterpretaci\u00f3n de los espacios de trabajo. Si podemos elegir d\u00f3nde trabajar, \u00bfpara qu\u00e9 vamos a ir a la oficina?<\/p>\n<h4><strong> &#8220;Insight Hour&#8221;, un espacio de reflexi\u00f3n sobre las nuevas din\u00e1micas de trabajo<\/strong><\/h4>\n<p>En plug&amp;go quisimos crear un espacio de an\u00e1lisis sobre los nuevos conceptos del trabajo y las oficinas y para ello, creamos junto a Knight Frank &#8220;<a href=\"https:\/\/www.plugandgo.es\/knight-frank-y-pluggo-insight-hour\/\" target=\"_blank\" rel=\"noopener\">Insight Hour<\/a>&#8220;, un espacio inspiracional y de reflexi\u00f3n de la mano de expertos de diferentes \u00e1mbitos.<\/p>\n<h4><strong>2020, plug&amp;go inaugura sus nuevas oficinas<\/strong><\/h4>\n<figure id=\"attachment_4860\" aria-describedby=\"caption-attachment-4860\" style=\"width: 1024px\" class=\"wp-caption aligncenter\"><img decoding=\"async\" class=\"wp-image-4860 size-large\" src=\"https:\/\/www.plugandgo.es\/wp-content\/uploads\/2020\/07\/2028-169-2-1024x749.jpg\" alt=\"a\u00f1o de retos\" width=\"1024\" height=\"749\" srcset=\"https:\/\/www.plugandgo.es\/wp-content\/uploads\/2020\/07\/2028-169-2-1024x749.jpg 1024w, https:\/\/www.plugandgo.es\/wp-content\/uploads\/2020\/07\/2028-169-2-760x556.jpg 760w, https:\/\/www.plugandgo.es\/wp-content\/uploads\/2020\/07\/2028-169-2-1030x753.jpg 1030w, https:\/\/www.plugandgo.es\/wp-content\/uploads\/2020\/07\/2028-169-2-300x219.jpg 300w, https:\/\/www.plugandgo.es\/wp-content\/uploads\/2020\/07\/2028-169-2-768x562.jpg 768w, https:\/\/www.plugandgo.es\/wp-content\/uploads\/2020\/07\/2028-169-2-938x686.jpg 938w, https:\/\/www.plugandgo.es\/wp-content\/uploads\/2020\/07\/2028-169-2-1536x1124.jpg 1536w, https:\/\/www.plugandgo.es\/wp-content\/uploads\/2020\/07\/2028-169-2.jpg 2048w\" sizes=\"(max-width: 1024px) 100vw, 1024px\" \/><figcaption id=\"caption-attachment-4860\" class=\"wp-caption-text\">Oficinas de plug&amp;go | Proyecto de plug&amp;go<\/figcaption><\/figure>\n<p>Una de las noticias corporativas m\u00e1s felices del a\u00f1o 2020 para plug&amp;go ha sido la inauguraci\u00f3n de nuestras <a href=\"https:\/\/www.plugandgo.es\/inauguramos-nueva-oficina-en-pluggo\/\">nuevas oficinas en Madrid<\/a>, un traslado que responde al crecimiento del equipo. Con techos altos y estructuras a la vista, constan de 3 pisos y varias zonas exteriores, hasta un <em>penthouse<\/em> que recuerda a las azoteas de las pel\u00edculas de NYC.<\/p>\n<p>Un lugar donde apetece ir, donde se respira nuestro valor diferencial y nuestro esp\u00edritu rebelde.<\/p>\n<h4><strong>2020, arquitectura corporativa para empresas referentes<\/strong><\/h4>\n<p>Menci\u00f3n especial merecen, en este recorrido por el a\u00f1o 2o2o en la vida de plug&amp;go, nuestros clientes. Esas empresas que han confiado el cambio de sus espacios y formas de trabajo a plug&amp;go Arquitectura Corporativa. En la secci\u00f3n de <a href=\"https:\/\/www.plugandgo.es\/clientes\/\">clientes<\/a> de nuestra Web puedes conocer algunos de estos proyectos, las oficinas y\/o showrooms de empresas como: <strong>Globant, Medpace, CGI, Globalvia, Aquila Capital+\u00a0AQ Acentor, Nexthink, Berkshire Hathaway, Biomarin, K\u00f3nica Minolta, Allot, Bioib\u00e9rica, Cabot Financial&#8230;<\/strong><\/p>\n<p><img decoding=\"async\" class=\"aligncenter wp-image-5267 size-full\" src=\"https:\/\/www.plugandgo.es\/wp-content\/uploads\/2020\/12\/20201202-Oficinas-Globant-Madrid-29-LQ.jpg\" alt=\"a\u00f1o de retos\" width=\"1000\" height=\"667\" srcset=\"https:\/\/www.plugandgo.es\/wp-content\/uploads\/2020\/12\/20201202-Oficinas-Globant-Madrid-29-LQ.jpg 1000w, https:\/\/www.plugandgo.es\/wp-content\/uploads\/2020\/12\/20201202-Oficinas-Globant-Madrid-29-LQ-760x507.jpg 760w, https:\/\/www.plugandgo.es\/wp-content\/uploads\/2020\/12\/20201202-Oficinas-Globant-Madrid-29-LQ-300x200.jpg 300w, https:\/\/www.plugandgo.es\/wp-content\/uploads\/2020\/12\/20201202-Oficinas-Globant-Madrid-29-LQ-768x512.jpg 768w\" sizes=\"(max-width: 1000px) 100vw, 1000px\" \/><\/p>\n<h4><strong>Tecnolog\u00eda + Arquitectura corporativa<\/strong><\/h4>\n<p>Nos pusimos tambi\u00e9n manos a la obra para responder y ayudar a las empresas en una cuesti\u00f3n que en esos momentos focalizaba sus preocupaciones: <strong>el regreso de sus empleados a un entorno laboral seguro<\/strong>. Quisimos dar un paso m\u00e1s con una propuesta de mayor valor, y nos dimos cuenta de que la tecnolog\u00eda era un aliado.<\/p>\n<p>Por ello, ayudamos a las empresas a<strong>\u00a0<a href=\"https:\/\/www.plugandgo.es\/intelligent-workplace-en-5-pasos\/\">integrar la tecnolog\u00eda y la arquitectura workplace<\/a> conjuntamente en la creaci\u00f3n de un nuevo modelo de ocupaci\u00f3n<\/strong> que les permita regresar pero -sobre todo- transformar la compa\u00f1\u00eda para ser m\u00e1s eficiente y flexible.<\/p>\n<p>El equipo multidisciplinar de\u00a0Intelligent Workplace de\u00a0IECISA y plug&amp;go Arquitectura Corporativa\u00a0 decidieron aunar talento y experiencia para acompa\u00f1ar a las empresas en este proceso de transformaci\u00f3n y adaptaci\u00f3n del espacio para el regreso de sus empleados a las oficinas.<\/p>\n<p>Por otra parte, durante este a\u00f1o hemos seguido manteniendo una agenda activa compartiendo reflexiones y proyectos en encuentros sectoriales. Hemos participado, por ejemplo, en el <a href=\"https:\/\/www.plugandgo.es\/pluggo-workplace-summit-2020\/\"><strong>Workplace Summit 2020<\/strong><\/a>. Uno de nuestros socios, <strong>\u00d3scar Herrando<\/strong>, particip\u00f3 en la mesa redonda &#8220;Del exterior al interior: edificios confortables, edificios sostenibles\u201d.<\/p>\n<p>Tambi\u00e9n participamos en el <a href=\"https:\/\/www.plugandgo.es\/pluggo-participa\u2026y-barcelona-2020\/\"><strong>Workplace Strategy Barcelona 2020<\/strong><\/a>. <strong>Emma Caldarera<\/strong>, arquitecta de plug&amp;go, habl\u00f3 en este encuentro sobre la metodolog\u00eda diferencial de nuestra firma, explicando que para nosotros el espacio corporativo puede ser <strong>el &#8220;moonshot&#8221; de la transformaci\u00f3n de las empresas<\/strong>: un elemento capaz de concentrar energ\u00edas e ilusiones, que se puede concretizar r\u00e1pidamente y que abre el camino para provocar y acelerar otros cambios (procesos, innovaci\u00f3n, cultura\u2026) que en general son lentos de realizar.<\/p>\n<h4><strong>Consultor\u00eda de espacios y la metodolog\u00eda Moonshot thinking, protagonistas en 2020<\/strong><\/h4>\n<p>Precisamente, esa consultor\u00eda de espacios -hoy m\u00e1s necesaria que nunca para el \u00e9xito del cambio- ha sido durante todo el a\u00f1o el eje vertebrador de todas nuestras actuaciones.<\/p>\n<p>Siguiendo el <a href=\"https:\/\/www.plugandgo.es\/moonshot-transformacion-tras-covid19\/\">Moonshot thinking<\/a>, una metodolog\u00eda propia que hemos desarrollado gracias a nuestra experiencia como facilitadores del cambio, integramos al espacio de trabajo como<\/p>\n<h4><span class=\"aCOpRe\"><em><img loading=\"lazy\" decoding=\"async\" class=\"wp-image-4990 alignright\" src=\"https:\/\/www.plugandgo.es\/wp-content\/uploads\/2020\/10\/mt-300x266.png?_t=1608060331\" alt=\"\" width=\"179\" height=\"159\" srcset=\"https:\/\/www.plugandgo.es\/wp-content\/uploads\/2020\/10\/mt-300x266.png 300w, https:\/\/www.plugandgo.es\/wp-content\/uploads\/2020\/10\/mt.png 400w\" sizes=\"(max-width: 179px) 100vw, 179px\" \/><\/em><\/span><\/h4>\n<p>un dinamizador del proceso de transformaci\u00f3n, a la par que una herramienta de inspiraci\u00f3n donde albergar el prop\u00f3sito, la comunidad y la conexi\u00f3n. De esta forma, acompa\u00f1amos a las empresas en la reflexi\u00f3n previa al cambio.<\/p>\n<blockquote>\n<h4><span class=\"aCOpRe\">&#8220;El <em>cambio<\/em> solo es eficaz si es <em>estrat\u00e9gico&#8221;<br \/>\n<\/em><\/span><\/h4>\n<\/blockquote>\n","protected":false},"excerpt":{"rendered":"<p>Hace unos meses entramos en un nuevo escenario complejo e incierto, pero tambi\u00e9n retador. plug&amp;go supo estar a la altura respondiendo con agilidad a este nuevo contexto vol\u00e1til y en cambio permanente en este a\u00f1o de retos. No en vano, facilitar el cambio forma parte del ADN de nuestra firma desde su nacimiento. Comenzamos el [&hellip;]<\/p>\n","protected":false},"author":2,"featured_media":5300,"comment_status":"closed","ping_status":"closed","sticky":false,"template":"","format":"standard","meta":{"footnotes":""},"categories":[133],"tags":[93,110,104,111],"class_list":["post-5278","post","type-post","status-publish","format-standard","has-post-thumbnail","hentry","category-noticias","tag-arquitectura-workplace","tag-consultoria-de-espacios","tag-moonshot-thinking","tag-proyectos-de-arquitectura"],"_links":{"self":[{"href":"https:\/\/www.plugandgo.es\/en\/wp-json\/wp\/v2\/posts\/5278","targetHints":{"allow":["GET"]}}],"collection":[{"href":"https:\/\/www.plugandgo.es\/en\/wp-json\/wp\/v2\/posts"}],"about":[{"href":"https:\/\/www.plugandgo.es\/en\/wp-json\/wp\/v2\/types\/post"}],"author":[{"embeddable":true,"href":"https:\/\/www.plugandgo.es\/en\/wp-json\/wp\/v2\/users\/2"}],"replies":[{"embeddable":true,"href":"https:\/\/www.plugandgo.es\/en\/wp-json\/wp\/v2\/comments?post=5278"}],"version-history":[{"count":0,"href":"https:\/\/www.plugandgo.es\/en\/wp-json\/wp\/v2\/posts\/5278\/revisions"}],"wp:featuredmedia":[{"embeddable":true,"href":"https:\/\/www.plugandgo.es\/en\/wp-json\/wp\/v2\/media\/5300"}],"wp:attachment":[{"href":"https:\/\/www.plugandgo.es\/en\/wp-json\/wp\/v2\/media?parent=5278"}],"wp:term":[{"taxonomy":"category","embeddable":true,"href":"https:\/\/www.plugandgo.es\/en\/wp-json\/wp\/v2\/categories?post=5278"},{"taxonomy":"post_tag","embeddable":true,"href":"https:\/\/www.plugandgo.es\/en\/wp-json\/wp\/v2\/tags?post=5278"}],"curies":[{"name":"wp","href":"https:\/\/api.w.org\/{rel}","templated":true}]}}