{"id":5329,"date":"2021-01-18T09:46:12","date_gmt":"2021-01-18T09:46:12","guid":{"rendered":"https:\/\/www.plugandgo.es\/?p=5329"},"modified":"2021-01-18T09:46:12","modified_gmt":"2021-01-18T09:46:12","slug":"oficinas-flexibles-libertad-elegir-donde-trabajar","status":"publish","type":"post","link":"https:\/\/www.plugandgo.es\/en\/oficinas-flexibles-libertad-elegir-donde-trabajar\/","title":{"rendered":"Oficinas flexibles, la libertad de elegir d\u00f3nde trabajar seg\u00fan las necesidades de las personas"},"content":{"rendered":"<p>Dise\u00f1ar unas oficinas flexibles para tu empresa significa abrir las puertas al futuro. La situaci\u00f3n provocada por la COVID-19 <strong>ha acelerado los procesos de transformaci\u00f3n de las empresas<\/strong> y rompe cada vez m\u00e1s con el r\u00edgido sistema de puestos asignados y liderazgo basado en el control de las personas.<\/p>\n<p><img fetchpriority=\"high\" decoding=\"async\" class=\"aligncenter size-full wp-image-5332\" src=\"https:\/\/www.plugandgo.es\/wp-content\/uploads\/2021\/01\/20201027-Oficinas-CGI-Avenida-Manoteras-Madrid-3-1030x687-1.jpg\" alt=\"oficinas flexibles\" width=\"1030\" height=\"687\" srcset=\"https:\/\/www.plugandgo.es\/wp-content\/uploads\/2021\/01\/20201027-Oficinas-CGI-Avenida-Manoteras-Madrid-3-1030x687-1.jpg 1030w, https:\/\/www.plugandgo.es\/wp-content\/uploads\/2021\/01\/20201027-Oficinas-CGI-Avenida-Manoteras-Madrid-3-1030x687-1-1024x683.jpg 1024w, https:\/\/www.plugandgo.es\/wp-content\/uploads\/2021\/01\/20201027-Oficinas-CGI-Avenida-Manoteras-Madrid-3-1030x687-1-760x507.jpg 760w, https:\/\/www.plugandgo.es\/wp-content\/uploads\/2021\/01\/20201027-Oficinas-CGI-Avenida-Manoteras-Madrid-3-1030x687-1-300x200.jpg 300w, https:\/\/www.plugandgo.es\/wp-content\/uploads\/2021\/01\/20201027-Oficinas-CGI-Avenida-Manoteras-Madrid-3-1030x687-1-768x512.jpg 768w\" sizes=\"(max-width: 1030px) 100vw, 1030px\" \/><\/p>\n<p>Ahora,<strong> los resultados priman sobre la presencia en la oficina<\/strong> -y sus consecuentes 8 horas sentados en un mismo puesto de trabajo-. Cada vez son m\u00e1s las empresas que optan por dar a sus trabajadores la libertad de elegir no s\u00f3lo la ubicaci\u00f3n en la que desempe\u00f1ar su trabajo, sino tambi\u00e9n el espacio dentro de la propia oficina, <strong>en funci\u00f3n de la actividad que vayan a realizar<\/strong>, las necesidades de privacidad o comunicaci\u00f3n, e incluso el estado de \u00e1nimo.<\/p>\n<p>Seg\u00fan sus necesidades, <strong>pueden convivir \u00e1reas para el trabajo en equipo con espacios individuales para concentrarse<\/strong>, zonas de colaboraci\u00f3n informal y de relajaci\u00f3n, e incluso puestos de trabajo asignados con espacios no territoriales. De esta forma, la oficina facilita la comunicaci\u00f3n, transmite sentimiento de pertenencia y <a href=\"https:\/\/www.plugandgo.es\/10-oficinas-trabajar-como-en-casa\/\" target=\"_blank\" rel=\"noopener\">te hace sentir como en casa<\/a>.<\/p>\n<h2>La experiencia del cliente interno en oficinas flexibles<\/h2>\n<p>En un contexto en el que en ocasiones se nos hace complicado acudir a la oficina, alinear las necesidades de la empresa con los intereses de sus trabajadores,<strong> solo se traduce en ventajas para la empresa<\/strong>.<\/p>\n<p><img decoding=\"async\" class=\"aligncenter size-full wp-image-5333\" src=\"https:\/\/www.plugandgo.es\/wp-content\/uploads\/2021\/01\/20201027-Oficinas-CGI-Avenida-Manoteras-Madrid-11-1030x686-1.jpg\" alt=\"oficinas flexibles\" width=\"1030\" height=\"686\" srcset=\"https:\/\/www.plugandgo.es\/wp-content\/uploads\/2021\/01\/20201027-Oficinas-CGI-Avenida-Manoteras-Madrid-11-1030x686-1.jpg 1030w, https:\/\/www.plugandgo.es\/wp-content\/uploads\/2021\/01\/20201027-Oficinas-CGI-Avenida-Manoteras-Madrid-11-1030x686-1-1024x682.jpg 1024w, https:\/\/www.plugandgo.es\/wp-content\/uploads\/2021\/01\/20201027-Oficinas-CGI-Avenida-Manoteras-Madrid-11-1030x686-1-760x506.jpg 760w, https:\/\/www.plugandgo.es\/wp-content\/uploads\/2021\/01\/20201027-Oficinas-CGI-Avenida-Manoteras-Madrid-11-1030x686-1-300x200.jpg 300w, https:\/\/www.plugandgo.es\/wp-content\/uploads\/2021\/01\/20201027-Oficinas-CGI-Avenida-Manoteras-Madrid-11-1030x686-1-768x512.jpg 768w\" sizes=\"(max-width: 1030px) 100vw, 1030px\" \/><\/p>\n<p>Este <a href=\"https:\/\/www.plugandgo.es\/cambio-en-el-modelo-de-ocupacion\/\" target=\"_blank\" rel=\"noopener\">nuevo modelo de ocupaci\u00f3n<\/a> para personas que pueden ser flexibles en su trabajo gracias a la tecnolog\u00eda, rompe con la idea de propiedad del puesto individual y se va a un nuevo enfoque de espacio donde <strong>cultura, conexi\u00f3n y comunidad<\/strong> se integran para crear usos del espacio que se adaptan a las necesidades de cada perfil, como una herramienta m\u00e1s.<\/p>\n<p>As\u00ed, haciendo que <a href=\"https:\/\/www.plugandgo.es\/como-conectar-con-el-proposito-de-marca-de-una-empresa\/\" target=\"_blank\" rel=\"noopener\">el uso del espacio sea el principal claim de la oficina<\/a>, los espacios se adaptan a las necesidades de cada perfil y de cada generaci\u00f3n. Este nuevo enfoque, que se puede lograr a partir de un buen dise\u00f1o, es una forma de <a href=\"https:\/\/www.plugandgo.es\/espacios-de-trabajo-crear-comunidad\/\" target=\"_blank\" rel=\"noopener\">acercar el bienestar al equipo<\/a>.<\/p>\n<p><img decoding=\"async\" class=\"aligncenter size-full wp-image-5334\" src=\"https:\/\/www.plugandgo.es\/wp-content\/uploads\/2021\/01\/20201202-Oficinas-Globant-Madrid-44-LQ.jpg\" alt=\"oficinas flexibles\" width=\"1000\" height=\"563\" srcset=\"https:\/\/www.plugandgo.es\/wp-content\/uploads\/2021\/01\/20201202-Oficinas-Globant-Madrid-44-LQ.jpg 1000w, https:\/\/www.plugandgo.es\/wp-content\/uploads\/2021\/01\/20201202-Oficinas-Globant-Madrid-44-LQ-760x428.jpg 760w, https:\/\/www.plugandgo.es\/wp-content\/uploads\/2021\/01\/20201202-Oficinas-Globant-Madrid-44-LQ-300x169.jpg 300w, https:\/\/www.plugandgo.es\/wp-content\/uploads\/2021\/01\/20201202-Oficinas-Globant-Madrid-44-LQ-768x432.jpg 768w\" sizes=\"(max-width: 1000px) 100vw, 1000px\" \/><\/p>\n<h2>Oficinas flexibles y tecnolog\u00eda<\/h2>\n<p>A diferencia de las oficinas convencionales, que consideran su propia ubicaci\u00f3n como su factor m\u00e1s importante, las oficinas flexibles ven en <a href=\"https:\/\/www.plugandgo.es\/tecnologia-y-espacio-aliados-en-nueva-arquitectura-corporativa\/\" target=\"_blank\" rel=\"noopener\">la tecnolog\u00eda su pilar fundamental<\/a> para las personas. El binomio espacio\/tecnolog\u00eda permite una conectividad 360 con equipos y pa\u00edses, es decir,<strong> trabajar desde cualquier lugar y en cualquier momento<\/strong>.<\/p>\n<p>Es por ello que <strong>desde plug&amp;go ayudamos a las empresas<\/strong> a integrar la tecnolog\u00eda y la arquitectura workplace conjuntamente, en la creaci\u00f3n de un nuevo modelo de ocupaci\u00f3n que les permita regresar a la oficina mientras transforman la compa\u00f1\u00eda para<a href=\"https:\/\/www.plugandgo.es\/consultoria-de-espacios-de-trabajo\/\" target=\"_blank\" rel=\"noopener\"> ser m\u00e1s eficiente y flexible<\/a>. En definitiva, que ir a la oficina tenga una respuesta clara: reforzar orgullo de pertenencia y compartir objetivos.<\/p>\n","protected":false},"excerpt":{"rendered":"<p>Dise\u00f1ar unas oficinas flexibles para tu empresa significa abrir las puertas al futuro. La situaci\u00f3n provocada por la COVID-19 ha acelerado los procesos de transformaci\u00f3n de las empresas y rompe cada vez m\u00e1s con el r\u00edgido sistema de puestos asignados y liderazgo basado en el control de las personas. Ahora, los resultados priman sobre la [&hellip;]<\/p>\n","protected":false},"author":2,"featured_media":5332,"comment_status":"closed","ping_status":"closed","sticky":false,"template":"","format":"standard","meta":{"footnotes":""},"categories":[131],"tags":[],"class_list":["post-5329","post","type-post","status-publish","format-standard","has-post-thumbnail","hentry","category-arquitectura"],"_links":{"self":[{"href":"https:\/\/www.plugandgo.es\/en\/wp-json\/wp\/v2\/posts\/5329","targetHints":{"allow":["GET"]}}],"collection":[{"href":"https:\/\/www.plugandgo.es\/en\/wp-json\/wp\/v2\/posts"}],"about":[{"href":"https:\/\/www.plugandgo.es\/en\/wp-json\/wp\/v2\/types\/post"}],"author":[{"embeddable":true,"href":"https:\/\/www.plugandgo.es\/en\/wp-json\/wp\/v2\/users\/2"}],"replies":[{"embeddable":true,"href":"https:\/\/www.plugandgo.es\/en\/wp-json\/wp\/v2\/comments?post=5329"}],"version-history":[{"count":0,"href":"https:\/\/www.plugandgo.es\/en\/wp-json\/wp\/v2\/posts\/5329\/revisions"}],"wp:featuredmedia":[{"embeddable":true,"href":"https:\/\/www.plugandgo.es\/en\/wp-json\/wp\/v2\/media\/5332"}],"wp:attachment":[{"href":"https:\/\/www.plugandgo.es\/en\/wp-json\/wp\/v2\/media?parent=5329"}],"wp:term":[{"taxonomy":"category","embeddable":true,"href":"https:\/\/www.plugandgo.es\/en\/wp-json\/wp\/v2\/categories?post=5329"},{"taxonomy":"post_tag","embeddable":true,"href":"https:\/\/www.plugandgo.es\/en\/wp-json\/wp\/v2\/tags?post=5329"}],"curies":[{"name":"wp","href":"https:\/\/api.w.org\/{rel}","templated":true}]}}