{"id":5374,"date":"2021-02-28T08:36:43","date_gmt":"2021-02-28T08:36:43","guid":{"rendered":"https:\/\/www.plugandgo.es\/?p=5374"},"modified":"2021-02-28T08:36:43","modified_gmt":"2021-02-28T08:36:43","slug":"oportunidad-para-transformacion-de-las-empresas","status":"publish","type":"post","link":"https:\/\/www.plugandgo.es\/en\/oportunidad-para-transformacion-de-las-empresas\/","title":{"rendered":"Una nueva oficina, una oportunidad para la transformaci\u00f3n de las empresas"},"content":{"rendered":"<p>Factores como la globalizaci\u00f3n y la digitalizaci\u00f3n han propiciado que las empresas est\u00e9n <strong>en pleno proceso de transformaci\u00f3n<\/strong>, lo que supone una oportunidad tanto para las propias organizaciones como para las personas que trabajan en ellas.<\/p>\n<p><img fetchpriority=\"high\" decoding=\"async\" class=\"aligncenter wp-image-5378 size-full\" src=\"https:\/\/www.plugandgo.es\/wp-content\/uploads\/2021\/02\/PG_Bioiberica_2_0155-1030x690-1.jpg\" alt=\"transformaci\u00f3n de las empresas\" width=\"1030\" height=\"690\" srcset=\"https:\/\/www.plugandgo.es\/wp-content\/uploads\/2021\/02\/PG_Bioiberica_2_0155-1030x690-1.jpg 1030w, https:\/\/www.plugandgo.es\/wp-content\/uploads\/2021\/02\/PG_Bioiberica_2_0155-1030x690-1-1024x686.jpg 1024w, https:\/\/www.plugandgo.es\/wp-content\/uploads\/2021\/02\/PG_Bioiberica_2_0155-1030x690-1-760x509.jpg 760w, https:\/\/www.plugandgo.es\/wp-content\/uploads\/2021\/02\/PG_Bioiberica_2_0155-1030x690-1-300x201.jpg 300w, https:\/\/www.plugandgo.es\/wp-content\/uploads\/2021\/02\/PG_Bioiberica_2_0155-1030x690-1-768x514.jpg 768w\" sizes=\"(max-width: 1030px) 100vw, 1030px\" \/><\/p>\n<p>Pero, \u00bfqu\u00e9 activo puede hacer que ambos aprovechen esta oportunidad? Sin duda, <strong>una nueva oficina ayudar\u00e1 tanto en la transformaci\u00f3n de las empresas como en su meta por alcanzar sus objetivos<\/strong>, ambos partiendo de una adecuada estrategia de workplace.<\/p>\n<p>\u00bfY las personas? Si surgen nuevas formas de trabajo, se necesitar\u00e1n tambi\u00e9n sedes que faciliten esas nuevas formas de trabajo.<\/p>\n<h2>Una nueva oficina, una nueva oportunidad<\/h2>\n<p>La era post Covid19 ha acelerado ese proceso de transformaci\u00f3n que ya ven\u00edamos viviendo. La manera de trabajar ha cambiado y nos ha ubicado en una nueva realidad h\u00edbrida: trabajamos desde casa y\/o desde <a href=\"https:\/\/www.plugandgo.es\/el-tercer-espacio-punto-de-encuentro-co-creacion\/\" target=\"_blank\" rel=\"noopener\">el tercer espacio<\/a>, y <strong>reimaginamos las oficinas como un espacio para fomentar la colaboraci\u00f3n y las relaciones<\/strong> entre las personas, obteniendo lo mejor de ambos mundos.<\/p>\n<p><img decoding=\"async\" class=\"aligncenter size-full wp-image-5379\" src=\"https:\/\/www.plugandgo.es\/wp-content\/uploads\/2021\/02\/Bioiberica__0071-1030x687-1.jpg\" alt=\"transformaci\u00f3n de las empresas\" width=\"1030\" height=\"687\" srcset=\"https:\/\/www.plugandgo.es\/wp-content\/uploads\/2021\/02\/Bioiberica__0071-1030x687-1.jpg 1030w, https:\/\/www.plugandgo.es\/wp-content\/uploads\/2021\/02\/Bioiberica__0071-1030x687-1-1024x683.jpg 1024w, https:\/\/www.plugandgo.es\/wp-content\/uploads\/2021\/02\/Bioiberica__0071-1030x687-1-760x507.jpg 760w, https:\/\/www.plugandgo.es\/wp-content\/uploads\/2021\/02\/Bioiberica__0071-1030x687-1-300x200.jpg 300w, https:\/\/www.plugandgo.es\/wp-content\/uploads\/2021\/02\/Bioiberica__0071-1030x687-1-768x512.jpg 768w\" sizes=\"(max-width: 1030px) 100vw, 1030px\" \/><\/p>\n<p>As\u00ed, una nueva oficina se puede convertir en <strong>un espacio con el prop\u00f3sito de reforzar la identidad de marca, la cultura y los valores<\/strong> de la empresa, as\u00ed como en un ecosistema que proporcione a las personas todo lo necesario para <a href=\"https:\/\/www.plugandgo.es\/oficinas-flexibles-libertad-elegir-donde-trabajar\/\" target=\"_blank\" rel=\"noopener\">satisfacer los requerimientos de su trabajo<\/a>.<\/p>\n<p>Mientras, con el teletrabajo cada vez m\u00e1s presente en nuestras vidas, se facilitan <strong>la conciliaci\u00f3n, la autonom\u00eda y el emprendimiento<\/strong>, dando paso a <a href=\"https:\/\/www.plugandgo.es\/claves-nuevo-modelo-de-ocupacion-en-oficinas\/\" target=\"_blank\" rel=\"noopener\">un modelo basado en la confianza<\/a> y no en el control de las personas. Todo esto se produce en el marco de una mayor flexibilidad sin la que no se podr\u00eda realizar.<\/p>\n<p><img decoding=\"async\" class=\"aligncenter size-full wp-image-5380\" src=\"https:\/\/www.plugandgo.es\/wp-content\/uploads\/2021\/02\/20201202-Oficinas-Globant-Madrid-3-LQ.jpg\" alt=\"transformaci\u00f3n de las empresas\" width=\"1000\" height=\"667\" srcset=\"https:\/\/www.plugandgo.es\/wp-content\/uploads\/2021\/02\/20201202-Oficinas-Globant-Madrid-3-LQ.jpg 1000w, https:\/\/www.plugandgo.es\/wp-content\/uploads\/2021\/02\/20201202-Oficinas-Globant-Madrid-3-LQ-760x507.jpg 760w, https:\/\/www.plugandgo.es\/wp-content\/uploads\/2021\/02\/20201202-Oficinas-Globant-Madrid-3-LQ-300x200.jpg 300w, https:\/\/www.plugandgo.es\/wp-content\/uploads\/2021\/02\/20201202-Oficinas-Globant-Madrid-3-LQ-768x512.jpg 768w\" sizes=\"(max-width: 1000px) 100vw, 1000px\" \/><\/p>\n<h2>La transformaci\u00f3n de las empresas y la digitalizaci\u00f3n<\/h2>\n<p>Por otra parte, adem\u00e1s de la transformaci\u00f3n vinculada a un cambio cultural, <strong>se suma la digitalizaci\u00f3n a este proceso de cambio<\/strong>. La demanda de nuevos espacios adaptados a las nuevas formas de comunicarse, las nuevas formas de distribuir el espacio o las <a href=\"https:\/\/www.plugandgo.es\/tecnologia-y-espacio-aliados-en-nueva-arquitectura-corporativa\/\" target=\"_blank\" rel=\"noopener\">nuevas tecnolog\u00edas que ayudan a controlar el uso de las distintas \u00e1reas de trabajo<\/a>, son reflejo de la transformaci\u00f3n de las empresas de la mano de la digitalizaci\u00f3n.<\/p>\n<p>Sabemos que el teletrabajo ha llegado para quedarse y que las oficinas nunca desaparecer\u00e1n, pues <strong>siempre jugar\u00e1n un importante papel para el desarrollo de las empresas<\/strong>. Tal y como afirma Covadonga G. Quintana, socia directora de plug&amp;go, \u201cvamos a la oficina para crear prop\u00f3sito, respirar cultura, crear objetivos comunes, crear comunidad y conectarnos de alguna manera\u201d.<\/p>\n","protected":false},"excerpt":{"rendered":"<p>Factores como la globalizaci\u00f3n y la digitalizaci\u00f3n han propiciado que las empresas est\u00e9n en pleno proceso de transformaci\u00f3n, lo que supone una oportunidad tanto para las propias organizaciones como para las personas que trabajan en ellas. Pero, \u00bfqu\u00e9 activo puede hacer que ambos aprovechen esta oportunidad? Sin duda, una nueva oficina ayudar\u00e1 tanto en la [&hellip;]<\/p>\n","protected":false},"author":2,"featured_media":5378,"comment_status":"closed","ping_status":"closed","sticky":false,"template":"","format":"standard","meta":{"footnotes":""},"categories":[134],"tags":[],"class_list":["post-5374","post","type-post","status-publish","format-standard","has-post-thumbnail","hentry","category-diseno"],"_links":{"self":[{"href":"https:\/\/www.plugandgo.es\/en\/wp-json\/wp\/v2\/posts\/5374","targetHints":{"allow":["GET"]}}],"collection":[{"href":"https:\/\/www.plugandgo.es\/en\/wp-json\/wp\/v2\/posts"}],"about":[{"href":"https:\/\/www.plugandgo.es\/en\/wp-json\/wp\/v2\/types\/post"}],"author":[{"embeddable":true,"href":"https:\/\/www.plugandgo.es\/en\/wp-json\/wp\/v2\/users\/2"}],"replies":[{"embeddable":true,"href":"https:\/\/www.plugandgo.es\/en\/wp-json\/wp\/v2\/comments?post=5374"}],"version-history":[{"count":0,"href":"https:\/\/www.plugandgo.es\/en\/wp-json\/wp\/v2\/posts\/5374\/revisions"}],"wp:featuredmedia":[{"embeddable":true,"href":"https:\/\/www.plugandgo.es\/en\/wp-json\/wp\/v2\/media\/5378"}],"wp:attachment":[{"href":"https:\/\/www.plugandgo.es\/en\/wp-json\/wp\/v2\/media?parent=5374"}],"wp:term":[{"taxonomy":"category","embeddable":true,"href":"https:\/\/www.plugandgo.es\/en\/wp-json\/wp\/v2\/categories?post=5374"},{"taxonomy":"post_tag","embeddable":true,"href":"https:\/\/www.plugandgo.es\/en\/wp-json\/wp\/v2\/tags?post=5374"}],"curies":[{"name":"wp","href":"https:\/\/api.w.org\/{rel}","templated":true}]}}