{"id":5722,"date":"2021-11-05T07:02:44","date_gmt":"2021-11-05T07:02:44","guid":{"rendered":"https:\/\/www.plugandgo.es\/?p=5722"},"modified":"2021-11-05T07:02:44","modified_gmt":"2021-11-05T07:02:44","slug":"tecnologia-en-gestion-de-espacios","status":"publish","type":"post","link":"https:\/\/www.plugandgo.es\/en\/tecnologia-en-gestion-de-espacios\/","title":{"rendered":"La tecnolog\u00eda, una gran aliada de los nuevos espacios de trabajo y las nuevas culturas corporativas"},"content":{"rendered":"<p>El \u00faltimo a\u00f1o y medio ha supuesto una aut\u00e9ntica revoluci\u00f3n en nuestra forma de trabajar y <strong>un cambio de concepto en la gesti\u00f3n de espacios de trabajo<\/strong>. Ahora la oficina ya no es un lugar al que ir, sino \u201cuna forma de estar\u201d, estemos donde estemos. Y esto es posible gracias, principalmente, a las nuevas culturas corporativas y a las tecnolog\u00edas de digitalizaci\u00f3n, colaboraci\u00f3n y comunicaci\u00f3n en remoto.<\/p>\n<p><img fetchpriority=\"high\" decoding=\"async\" class=\"aligncenter wp-image-5724 size-full\" src=\"https:\/\/www.plugandgo.es\/wp-content\/uploads\/2021\/11\/20201202-Oficinas-Globant-Madrid-7-LQ.jpg?_t=1636095251\" alt=\"gesti\u00f3n de espacios\" width=\"1000\" height=\"667\" srcset=\"https:\/\/www.plugandgo.es\/wp-content\/uploads\/2021\/11\/20201202-Oficinas-Globant-Madrid-7-LQ.jpg 1000w, https:\/\/www.plugandgo.es\/wp-content\/uploads\/2021\/11\/20201202-Oficinas-Globant-Madrid-7-LQ-760x507.jpg 760w, https:\/\/www.plugandgo.es\/wp-content\/uploads\/2021\/11\/20201202-Oficinas-Globant-Madrid-7-LQ-300x200.jpg 300w, https:\/\/www.plugandgo.es\/wp-content\/uploads\/2021\/11\/20201202-Oficinas-Globant-Madrid-7-LQ-768x512.jpg 768w\" sizes=\"(max-width: 1000px) 100vw, 1000px\" \/><\/p>\n<p>El <strong>sistema de trabajo h\u00edbrido<\/strong> que est\u00e1n adoptando la mayor\u00eda de las empresas implica un cambio de modelo, caracterizado por una estructura de espacios de trabajo cada vez m\u00e1s horizontal y descentralizada, y un concepto de oficina flexible que debe aportar la misma experiencia all\u00ed donde est\u00e9 ubicada.<\/p>\n<p>Las oficinas han adquirido, adem\u00e1s, un<strong> nuevo rol socializador e inspiracional, clave <\/strong><strong>en la imagen de las organizaciones.<\/strong>\u00a0Esto conlleva un redise\u00f1o hacia espacios para la interacci\u00f3n. De hecho, tienen cada vez m\u00e1s protagonismo las <a href=\"https:\/\/www.plugandgo.es\/agoras-polivalentes-motivar-y-dinamizar\/\" target=\"_blank\" rel=\"noopener\">\u00e1reas de networking y los espacios compartidos<\/a>.<\/p>\n<p>En este nuevo escenario, es totalmente imprescindible impulsar una transformaci\u00f3n digital de las empresas para <a href=\"https:\/\/www.plugandgo.es\/modelo-laboral-hibrido\/\" target=\"_blank\" rel=\"noopener\">trabajar eficazmente en modelos h\u00edbridos<\/a>, que vaya acompa\u00f1ada de <strong>un cambio de cultura corporativa y por competencias digitales<\/strong> para toda la plantilla.<\/p>\n<p>Sin embargo, muchas empresas han tenido que evolucionar hacia un modelo digital sin estar completamente preparadas, ni cultural ni tecnol\u00f3gicamente para ello.<\/p>\n<p>Estamos en la c\u00faspide de <strong>grandes cambios impulsados \u200b\u200bpor la tecnolog\u00eda<\/strong>, que hacen ya que la jornada de trabajo sea m\u00e1s productiva: Controles personalizados de temperatura e iluminaci\u00f3n, gesti\u00f3n de suministros, comunicaciones remotas\u2026 e incluso mapeo de personas y de sus h\u00e1bitos de trabajo.<\/p>\n<p>La tecnolog\u00eda ha llegado tambi\u00e9n para reforzar las pol\u00edticas de salud y seguridad en los centros de trabajo. El regreso a las oficinas implica considerar nuevas medidas de seguridad para asegurar el distanciamiento social y los aforos m\u00e1ximos.<\/p>\n<h2>La tecnolog\u00eda en la gesti\u00f3n de espacios de trabajo<\/h2>\n<p>La adaptaci\u00f3n de las oficinas a la nueva normalidad<strong> no puede quedarse en instalar mamparas protectoras<\/strong>. Cada vez m\u00e1s empresas, por ejemplo, optan por instalar sistemas de reserva de espacios que permiten hacer una <strong>gesti\u00f3n de espacios \u00f3ptima y segura<\/strong>. Esta tecnolog\u00eda ayuda a las empresas a gestionar aforos, respetar las capacidades de las salas y a liberar, de manera inteligente, los espacios no utilizados.<\/p>\n<p><img decoding=\"async\" class=\"aligncenter wp-image-5726 size-full\" src=\"https:\/\/www.plugandgo.es\/wp-content\/uploads\/2021\/11\/20210630-Oficinas-AQAcentor-Madrid-15-1030x579-1.jpg?_t=1636095339\" alt=\"gesti\u00f3n de espacios\" width=\"1030\" height=\"579\" srcset=\"https:\/\/www.plugandgo.es\/wp-content\/uploads\/2021\/11\/20210630-Oficinas-AQAcentor-Madrid-15-1030x579-1.jpg 1030w, https:\/\/www.plugandgo.es\/wp-content\/uploads\/2021\/11\/20210630-Oficinas-AQAcentor-Madrid-15-1030x579-1-1024x576.jpg 1024w, https:\/\/www.plugandgo.es\/wp-content\/uploads\/2021\/11\/20210630-Oficinas-AQAcentor-Madrid-15-1030x579-1-760x427.jpg 760w, https:\/\/www.plugandgo.es\/wp-content\/uploads\/2021\/11\/20210630-Oficinas-AQAcentor-Madrid-15-1030x579-1-300x169.jpg 300w, https:\/\/www.plugandgo.es\/wp-content\/uploads\/2021\/11\/20210630-Oficinas-AQAcentor-Madrid-15-1030x579-1-768x432.jpg 768w\" sizes=\"(max-width: 1030px) 100vw, 1030px\" \/><\/p>\n<p>Esta tecnolog\u00eda es tambi\u00e9n <a href=\"https:\/\/www.plugandgo.es\/tecnologia-y-espacio-aliados-en-nueva-arquitectura-corporativa\/\" target=\"_blank\" rel=\"noopener\">una gran aliada en la gesti\u00f3n<\/a> de otras \u00e1reas como el comedor o el parking, y en la gesti\u00f3n de puestos de trabajo no territoriales. Permiten gestionar la asignaci\u00f3n de puestos seg\u00fan la necesidad de usuarios individuales o equipos al completo.<\/p>\n<p>La integraci\u00f3n de estos sistemas de reserva con nuestras herramientas de trabajo habituales, como Microsoft Exchange o Google Suite, entre otras, nos permiten por ejemplo, que en la misma convocatoria de reuni\u00f3n podamos reservar las salas y los recursos que vamos a necesitar.<\/p>\n<p>Por otra parte, la predicci\u00f3n de que algunos participantes de cada reuni\u00f3n siempre estar\u00e1n en remoto, impone la <strong>necesidad de implementar v\u00eddeo y audio en todas las salas o espacios colaborativos<\/strong>. Esta interacci\u00f3n permite un regreso m\u00e1s seguro al trabajo y una mejora del sentido de conexi\u00f3n entre los trabajadores.<\/p>\n<p>Es el momento de seguir aprovechando todas las ventajas que nos brinda la tecnolog\u00eda en gesti\u00f3n de espacios para t<strong>rabajar de forma flexible, c\u00f3moda y segura<\/strong>.<\/p>\n","protected":false},"excerpt":{"rendered":"<p>El \u00faltimo a\u00f1o y medio ha supuesto una aut\u00e9ntica revoluci\u00f3n en nuestra forma de trabajar y un cambio de concepto en la gesti\u00f3n de espacios de trabajo. Ahora la oficina ya no es un lugar al que ir, sino \u201cuna forma de estar\u201d, estemos donde estemos. Y esto es posible gracias, principalmente, a las nuevas [&hellip;]<\/p>\n","protected":false},"author":2,"featured_media":5724,"comment_status":"closed","ping_status":"closed","sticky":false,"template":"","format":"standard","meta":{"footnotes":""},"categories":[132],"tags":[],"class_list":["post-5722","post","type-post","status-publish","format-standard","has-post-thumbnail","hentry","category-actualidad"],"_links":{"self":[{"href":"https:\/\/www.plugandgo.es\/en\/wp-json\/wp\/v2\/posts\/5722","targetHints":{"allow":["GET"]}}],"collection":[{"href":"https:\/\/www.plugandgo.es\/en\/wp-json\/wp\/v2\/posts"}],"about":[{"href":"https:\/\/www.plugandgo.es\/en\/wp-json\/wp\/v2\/types\/post"}],"author":[{"embeddable":true,"href":"https:\/\/www.plugandgo.es\/en\/wp-json\/wp\/v2\/users\/2"}],"replies":[{"embeddable":true,"href":"https:\/\/www.plugandgo.es\/en\/wp-json\/wp\/v2\/comments?post=5722"}],"version-history":[{"count":0,"href":"https:\/\/www.plugandgo.es\/en\/wp-json\/wp\/v2\/posts\/5722\/revisions"}],"wp:featuredmedia":[{"embeddable":true,"href":"https:\/\/www.plugandgo.es\/en\/wp-json\/wp\/v2\/media\/5724"}],"wp:attachment":[{"href":"https:\/\/www.plugandgo.es\/en\/wp-json\/wp\/v2\/media?parent=5722"}],"wp:term":[{"taxonomy":"category","embeddable":true,"href":"https:\/\/www.plugandgo.es\/en\/wp-json\/wp\/v2\/categories?post=5722"},{"taxonomy":"post_tag","embeddable":true,"href":"https:\/\/www.plugandgo.es\/en\/wp-json\/wp\/v2\/tags?post=5722"}],"curies":[{"name":"wp","href":"https:\/\/api.w.org\/{rel}","templated":true}]}}