{"id":5734,"date":"2021-11-19T12:04:26","date_gmt":"2021-11-19T12:04:26","guid":{"rendered":"https:\/\/www.plugandgo.es\/?p=5734"},"modified":"2021-11-19T12:04:26","modified_gmt":"2021-11-19T12:04:26","slug":"espacios-de-trabajo-cultura-del-bienestar","status":"publish","type":"post","link":"https:\/\/www.plugandgo.es\/en\/espacios-de-trabajo-cultura-del-bienestar\/","title":{"rendered":"Espacios de trabajo que impulsan la cultura del bienestar"},"content":{"rendered":"<p>La vuelta a las oficinas para muchos trabajadores, la implantaci\u00f3n del <em>home office<\/em> para otros, as\u00ed como los modelos h\u00edbridos de trabajo, plantean <strong>grandes desaf\u00edos para las empresas y su compromiso con las personas<\/strong>.<\/p>\n<p>Ese desaf\u00edo supone una oportunidad de crear una <strong>cultura de bienestar<\/strong> en las organizaciones, que contribuya a una mejor calidad de vida en los entornos de trabajo. Diferentes estudios corroboran que las personas que son m\u00e1s felices en el trabajo son m\u00e1s productivas y creativas.<\/p>\n<p><img fetchpriority=\"high\" decoding=\"async\" class=\"aligncenter wp-image-5737 size-large\" src=\"https:\/\/www.plugandgo.es\/wp-content\/uploads\/2021\/11\/cultura-del-bienestar-1030x686.png?_t=1637323124\" alt=\"cultura-del-bienestar\" width=\"1030\" height=\"686\" srcset=\"https:\/\/www.plugandgo.es\/wp-content\/uploads\/2021\/11\/cultura-del-bienestar-1030x686.png 1030w, https:\/\/www.plugandgo.es\/wp-content\/uploads\/2021\/11\/cultura-del-bienestar-1024x682.png 1024w, https:\/\/www.plugandgo.es\/wp-content\/uploads\/2021\/11\/cultura-del-bienestar-760x506.png 760w, https:\/\/www.plugandgo.es\/wp-content\/uploads\/2021\/11\/cultura-del-bienestar-300x200.png 300w, https:\/\/www.plugandgo.es\/wp-content\/uploads\/2021\/11\/cultura-del-bienestar-768x512.png 768w, https:\/\/www.plugandgo.es\/wp-content\/uploads\/2021\/11\/cultura-del-bienestar.png 1055w\" sizes=\"(max-width: 1030px) 100vw, 1030px\" \/><\/p>\n<p>\u201cHay que tener en cuenta que las empresas, m\u00e1s all\u00e1 de un simple lugar en el que trabajar, pueden decidir convertirse en el lugar ideal para hacerlo, proporcionando vivencias compartidas y memorables para sus empleados, fomentando as\u00ed la creaci\u00f3n de embajadores de marca y potenciar la atracci\u00f3n de talento. Para conseguirlo, es de vital importancia alinear el prop\u00f3sito de la empresa, con la marca y la cultura global\u201d, relata un art\u00edculo de\u00a0<a href=\"https:\/\/capitalhumano.wolterskluwer.es\/Content\/Documento.aspx?params=H4sIAAAAAAAEAMtMSbH1czUwMDAytDCyMDJUK0stKs7Mz7M1AooYGhqYgAQy0ypd8pNDKgtSbdMSc4pTAQN83GY1AAAAWKE\" target=\"_blank\" rel=\"noopener\">Capital Humano<\/a>.<\/p>\n<p>Pero, \u00bfc\u00f3mo conseguirlo? En este art\u00edculo diferentes expertos abogan por la creaci\u00f3n de un <strong>Plan de Bienestar<\/strong> global que tenga como foco principal a sus trabajadores.<\/p>\n<p>En este sentido -se\u00f1ala el art\u00edculo-, Gallup y otros estudios, destacan que los trabajadores que est\u00e1n prosperando en todas las dimensiones del bienestar presentan ventajas frente a los que no. \u201cCuanto mejor es la experiencia del empleado, mejor ser\u00e1 la del cliente y, por ende, su satisfacci\u00f3n y su capacidad de generar beneficios\u201d.<\/p>\n<p><img decoding=\"async\" class=\"aligncenter wp-image-5739 size-large\" src=\"https:\/\/www.plugandgo.es\/wp-content\/uploads\/2021\/11\/2019-064-2-1030x687-1.jpg?_t=1637323388\" alt=\"cultura-del-bienestar\" width=\"1030\" height=\"687\" srcset=\"https:\/\/www.plugandgo.es\/wp-content\/uploads\/2021\/11\/2019-064-2-1030x687-1.jpg 1030w, https:\/\/www.plugandgo.es\/wp-content\/uploads\/2021\/11\/2019-064-2-1030x687-1-1024x683.jpg 1024w, https:\/\/www.plugandgo.es\/wp-content\/uploads\/2021\/11\/2019-064-2-1030x687-1-760x507.jpg 760w, https:\/\/www.plugandgo.es\/wp-content\/uploads\/2021\/11\/2019-064-2-1030x687-1-300x200.jpg 300w, https:\/\/www.plugandgo.es\/wp-content\/uploads\/2021\/11\/2019-064-2-1030x687-1-768x512.jpg 768w\" sizes=\"(max-width: 1030px) 100vw, 1030px\" \/><\/p>\n<p>\u00bfQu\u00e9 puede hacer entonces una empresa para <strong>facilitar el bienestar<\/strong> de sus personas? Hay muchos aspectos relacionados con temas como los planes de carrera, la conciliaci\u00f3n vida laboral\/profesional o la flexibilidad, por ejemplo. Y, entre ellos, el entorno f\u00edsico.<\/p>\n<h2><strong>El impacto del espacio de trabajo en la cultura del bienestar<\/strong><\/h2>\n<p>Cada vez m\u00e1s empresas tienen en cuenta el <strong>impacto del espacio de trabajo en el bienestar de sus empleados<\/strong> y en el equilibrio entre su vida personal y profesional y, por lo tanto, c\u00f3mo puede llegar a mejorar los resultados de la empresa.<\/p>\n<p>Dise\u00f1ar <strong>espacios de trabajo que potencien el bienestar<\/strong> de las plantillas significa ir mucho m\u00e1s all\u00e1 del acceso a la luz natural y de incluir criterios ergon\u00f3micos en el puesto de trabajo, que son importantes. El punto de partida consiste en implantar el bienestar en la cultura y en el liderazgo empresarial, respondiendo a otras necesidades de las plantillas. Empezando por plantearse la necesidad de que los empleados tengan que desplazarse a diario hasta sus sedes corporativas, cuando pueden trabajar desde cualquier lugar.<\/p>\n<p><img decoding=\"async\" class=\"aligncenter wp-image-5740 size-full\" src=\"https:\/\/www.plugandgo.es\/wp-content\/uploads\/2021\/11\/Oficinas-Glovalvia-14.jpg?_t=1637323435\" alt=\"cultura-del-bienestar\" width=\"700\" height=\"467\" srcset=\"https:\/\/www.plugandgo.es\/wp-content\/uploads\/2021\/11\/Oficinas-Glovalvia-14.jpg 700w, https:\/\/www.plugandgo.es\/wp-content\/uploads\/2021\/11\/Oficinas-Glovalvia-14-300x200.jpg 300w\" sizes=\"(max-width: 700px) 100vw, 700px\" \/><\/p>\n<p>Un <a href=\"https:\/\/www.plugandgo.es\/el-trabajo-hibrido-y-oficinas-orientadas-al-usuario\/\" target=\"_blank\" rel=\"noopener\">espacio de trabajo dise\u00f1ado para el bienestar<\/a> es, en primer lugar, flexible y proporciona entornos distintos para los diferentes tipos de trabajo que se realizan a lo largo del d\u00eda. Una convivencia de espacios individuales y compartidos, abiertos y cerrados para mayor privacidad, formales e informales, que se combinan para que cada persona pueda encontrar la opci\u00f3n en la que mejor se encuentre en cada momento.<\/p>\n<blockquote><p>La <strong>arquitectura corporativa<\/strong> debe concebir el bienestar del empleado en sus tres dimensiones: f\u00edsica, emocional y social.<\/p><\/blockquote>\n<p>Somos seres sociales; necesitamos conectar, trabajar en colaboraci\u00f3n y charlar con los compa\u00f1eros, un factor que contribuye en gran medida a nuestro <strong>bienestar psicol\u00f3gico<\/strong>. Est\u00e1 comprobado que la interacci\u00f3n social aumenta nuestro bienestar, de ah\u00ed la importancia de dise\u00f1ar oficinas para reunir a las personas.<\/p>\n<p>Por supuesto, la privacidad en la oficina sigue siendo importante para poder mantener conversaciones confidenciales, realizar llamadas o trabajar sin distracciones. La convivencia de espacios abiertos y privados cubre esa necesidad. Lo importante es que los empleados tengan <a href=\"https:\/\/www.plugandgo.es\/cambio-en-el-modelo-de-ocupacion\/\" target=\"_blank\" rel=\"noopener\">la libertad de decidir qu\u00e9 espacio utilizar<\/a> seg\u00fan el trabajo que vayan a realizar y con qui\u00e9n.<\/p>\n<p>Las personas son el principal activo de las organizaciones, debemos cuidarlo creando empresas m\u00e1s saludables, seguras, humanas, productivas y sostenibles.<\/p>\n","protected":false},"excerpt":{"rendered":"<p>La vuelta a las oficinas para muchos trabajadores, la implantaci\u00f3n del home office para otros, as\u00ed como los modelos h\u00edbridos de trabajo, plantean grandes desaf\u00edos para las empresas y su compromiso con las personas. Ese desaf\u00edo supone una oportunidad de crear una cultura de bienestar en las organizaciones, que contribuya a una mejor calidad de [&hellip;]<\/p>\n","protected":false},"author":2,"featured_media":5737,"comment_status":"closed","ping_status":"closed","sticky":false,"template":"","format":"standard","meta":{"footnotes":""},"categories":[135],"tags":[101,60,122],"class_list":["post-5734","post","type-post","status-publish","format-standard","has-post-thumbnail","hentry","category-oficinas","tag-arquitectura-corporativa","tag-bienestar","tag-cultura-del-bienestar"],"_links":{"self":[{"href":"https:\/\/www.plugandgo.es\/en\/wp-json\/wp\/v2\/posts\/5734","targetHints":{"allow":["GET"]}}],"collection":[{"href":"https:\/\/www.plugandgo.es\/en\/wp-json\/wp\/v2\/posts"}],"about":[{"href":"https:\/\/www.plugandgo.es\/en\/wp-json\/wp\/v2\/types\/post"}],"author":[{"embeddable":true,"href":"https:\/\/www.plugandgo.es\/en\/wp-json\/wp\/v2\/users\/2"}],"replies":[{"embeddable":true,"href":"https:\/\/www.plugandgo.es\/en\/wp-json\/wp\/v2\/comments?post=5734"}],"version-history":[{"count":0,"href":"https:\/\/www.plugandgo.es\/en\/wp-json\/wp\/v2\/posts\/5734\/revisions"}],"wp:featuredmedia":[{"embeddable":true,"href":"https:\/\/www.plugandgo.es\/en\/wp-json\/wp\/v2\/media\/5737"}],"wp:attachment":[{"href":"https:\/\/www.plugandgo.es\/en\/wp-json\/wp\/v2\/media?parent=5734"}],"wp:term":[{"taxonomy":"category","embeddable":true,"href":"https:\/\/www.plugandgo.es\/en\/wp-json\/wp\/v2\/categories?post=5734"},{"taxonomy":"post_tag","embeddable":true,"href":"https:\/\/www.plugandgo.es\/en\/wp-json\/wp\/v2\/tags?post=5734"}],"curies":[{"name":"wp","href":"https:\/\/api.w.org\/{rel}","templated":true}]}}