{"id":5753,"date":"2021-12-20T14:47:02","date_gmt":"2021-12-20T14:47:02","guid":{"rendered":"https:\/\/www.plugandgo.es\/?p=5753"},"modified":"2023-05-30T11:06:36","modified_gmt":"2023-05-30T11:06:36","slug":"2021-resumen-ano-extraordinario-nuevo-modelo-de-trabajo","status":"publish","type":"post","link":"https:\/\/www.plugandgo.es\/en\/2021-resumen-ano-extraordinario-nuevo-modelo-de-trabajo\/","title":{"rendered":"2021 en plug&go, resumen de un a\u00f1o extraordinario"},"content":{"rendered":"<p><img fetchpriority=\"high\" decoding=\"async\" class=\"aligncenter wp-image-5781 size-large\" src=\"https:\/\/www.plugandgo.es\/wp-content\/uploads\/2021\/12\/pluggo_2021-1-1030x539.png?_t=1640710885\" alt=\"modelo de trabajo\" width=\"1030\" height=\"539\" srcset=\"https:\/\/www.plugandgo.es\/wp-content\/uploads\/2021\/12\/pluggo_2021-1-1030x539.png 1030w, https:\/\/www.plugandgo.es\/wp-content\/uploads\/2021\/12\/pluggo_2021-1-1024x536.png 1024w, https:\/\/www.plugandgo.es\/wp-content\/uploads\/2021\/12\/pluggo_2021-1-760x398.png 760w, https:\/\/www.plugandgo.es\/wp-content\/uploads\/2021\/12\/pluggo_2021-1-300x157.png 300w, https:\/\/www.plugandgo.es\/wp-content\/uploads\/2021\/12\/pluggo_2021-1-768x402.png 768w, https:\/\/www.plugandgo.es\/wp-content\/uploads\/2021\/12\/pluggo_2021-1.png 1300w\" sizes=\"(max-width: 1030px) 100vw, 1030px\" \/><\/p>\n<p>El 2021 ha sido un a\u00f1o extraordinario, en el que nos hemos enfrentado a una situaci\u00f3n sin precedentes. Como tambi\u00e9n lo ha sido nuestra respuesta. Adem\u00e1s de verse se\u00f1alado por el complejo e incierto escenario marcado por la pandemia, todos nos hemos dado cuenta de<strong> la importancia de la comunidad<\/strong>, la conciliaci\u00f3n y el valor del tiempo, la pertenencia y necesidad de conexi\u00f3n y la productividad.<\/p>\n<p>Recientes estudios nos revelan que\u00a0el n\u00famero de teletrabajadores\u00a0ha disminuido en relaci\u00f3n al a\u00f1o anterior y, sin embargo, sabemos que el teletrabajo es algo que se va a permanecer entre nosotros. Esto nos ha abierto las puertas a un modelo de trabajo h\u00edbrido que empuja a las organizaciones a afrontar de manera \u00e1gil\u00a0todos los cambios que\u00a0va a provocar en el mercado laboral y en los espacios de trabajo.<\/p>\n<p>Y durante este momento de cambio, plug&amp;go ha sabido estar a la altura respondiendo con agilidad.\u00a0No en vano, facilitar el cambio forma parte del ADN de nuestra firma desde su nacimiento.<\/p>\n<p><img decoding=\"async\" class=\"wp-image-5620 size-medium alignleft\" src=\"https:\/\/www.plugandgo.es\/wp-content\/uploads\/2021\/07\/descarga_ne-265x300.png?_t=1640695078\" alt=\"\" width=\"265\" height=\"300\" srcset=\"https:\/\/www.plugandgo.es\/wp-content\/uploads\/2021\/07\/descarga_ne-265x300.png 265w, https:\/\/www.plugandgo.es\/wp-content\/uploads\/2021\/07\/descarga_ne.png 400w\" sizes=\"(max-width: 265px) 100vw, 265px\" \/><\/p>\n<p>As\u00ed pudo verse tras el lanzamiento de &#8220;<strong>Nuevos espacios abiertos al futuro<\/strong>&#8220;, un nuevo dossier que expone los espacios corporativos de 11 empresas, realizados por plug&amp;go.<\/p>\n<blockquote><p>Para conocer m\u00e1s sobre estos proyectos puedes descargar nuestro dossier en el siguiente\u00a0<a href=\"https:\/\/www.plugandgo.es\/arquitectura-corporativa-dossier-proyectos\/\" target=\"_blank\" rel=\"noopener\">enlace<\/a>.<\/p><\/blockquote>\n<h4>Debatimos sobre los cambios en el modelo de trabajo<\/h4>\n<p>La pandemia hizo que nos replante\u00e1ramos\u00a0los espacios de trabajo. Si podemos elegir d\u00f3nde trabajar, \u00bfpara qu\u00e9 vamos a ir a la oficina? Nosotros tenemos una respuesta clara: <strong>para crear comunidad y para conectar con la marca<\/strong>.<\/p>\n<p>Es por ello que cada vez m\u00e1s clientes nos demandan\u00a0<strong>un nuevo dise\u00f1o de oficinas\u00a0<\/strong>m\u00e1s\u00a0<strong>orientado al usuario,<\/strong>\u00a0con m\u00e1s espacios dedicados a colaborar y a la innovaci\u00f3n creativa y con menos m\u00b2 para el trabajo individual.<\/p>\n<p>Sobre este cambio en el modelo de trabajo provocado por la COVID19 pudimos debatir durante la VIII edici\u00f3n de\u00a0<strong>Oficinas Rethink &amp; Coworking Madrid<\/strong>,\u00a0organizado por\u00a0<a href=\"https:\/\/www.grupovia.net\/\" target=\"_blank\" rel=\"noopener\">Grupo V\u00eda<\/a>.<\/p>\n<p>Covadonga G. Quintana, socia directora de plug&amp;go, analizaba <a href=\"https:\/\/www.plugandgo.es\/pluggo-en-oficinas-rethink-coworking-madrid\/\" target=\"_blank\" rel=\"noopener\">durante su presentaci\u00f3n<\/a> la apuesta actual por el\u00a0<strong>trabajo h\u00edbrido<\/strong>\u00a0en un contexto en el que\u00a0<strong>la localizaci\u00f3n no es tan relevante si no est\u00e1 vinculada a un prop\u00f3sito\u00a0<\/strong>y a un modelo m\u00e1s sostenible e inclusivo. En plug&amp;go entendemos que, en esta era digital, nuestro prop\u00f3sito como sociedad deber\u00eda ser realmente buscar un modelo mucho m\u00e1s sostenible e inclusivo. Por eso\u00a0<strong>nos gusta m\u00e1s hablar de modelos laborales y no tanto de localizaci\u00f3n.<\/strong><\/p>\n<p><img decoding=\"async\" class=\"aligncenter wp-image-5765 size-large\" src=\"https:\/\/www.plugandgo.es\/wp-content\/uploads\/2021\/12\/011-Covadonga-G.-Quintana-Socia-Directora-de-PLUG-GO-1030x687.jpg?_t=1640695795\" alt=\"\" width=\"1030\" height=\"687\" srcset=\"https:\/\/www.plugandgo.es\/wp-content\/uploads\/2021\/12\/011-Covadonga-G.-Quintana-Socia-Directora-de-PLUG-GO-1030x686.jpg 1030w, https:\/\/www.plugandgo.es\/wp-content\/uploads\/2021\/12\/011-Covadonga-G.-Quintana-Socia-Directora-de-PLUG-GO-1024x683.jpg 1024w, https:\/\/www.plugandgo.es\/wp-content\/uploads\/2021\/12\/011-Covadonga-G.-Quintana-Socia-Directora-de-PLUG-GO-760x507.jpg 760w, https:\/\/www.plugandgo.es\/wp-content\/uploads\/2021\/12\/011-Covadonga-G.-Quintana-Socia-Directora-de-PLUG-GO-300x200.jpg 300w, https:\/\/www.plugandgo.es\/wp-content\/uploads\/2021\/12\/011-Covadonga-G.-Quintana-Socia-Directora-de-PLUG-GO-768x512.jpg 768w, https:\/\/www.plugandgo.es\/wp-content\/uploads\/2021\/12\/011-Covadonga-G.-Quintana-Socia-Directora-de-PLUG-GO.jpg 1350w\" sizes=\"(max-width: 1030px) 100vw, 1030px\" \/><\/p>\n<h4><strong>Arquitectura corporativa durante el 2021<\/strong><\/h4>\n<p>Menci\u00f3n especial merecen, en este recorrido por el a\u00f1o 2021 en la vida de plug&amp;go, nuestros clientes. Esas empresas que han confiado el cambio de sus espacios y formas de trabajo a plug&amp;go Arquitectura Corporativa. En la secci\u00f3n de\u00a0<a href=\"https:\/\/www.plugandgo.es\/clientes\/\" target=\"_blank\" rel=\"noopener\">clientes<\/a>\u00a0de nuestra Web puedes conocer algunos de estos proyectos, las oficinas y\/o showrooms de empresas como:\u00a0<span class=\"s1\"><a href=\"https:\/\/www.plugandgo.es\/portfolio-item\/aq-volta\/\" target=\"_blank\" rel=\"noopener\">AQ volta<\/a>\u00a0de Grupo Aquila, <a href=\"https:\/\/www.plugandgo.es\/portfolio-item\/elecnor\/\" target=\"_blank\" rel=\"noopener\">Elecnor<\/a>, <a href=\"https:\/\/www.plugandgo.es\/portfolio-item\/vontobel\/\" target=\"_blank\" rel=\"noopener\">Vontobel<\/a>,&#8230;<\/span><\/p>\n<p><img loading=\"lazy\" decoding=\"async\" class=\"aligncenter wp-image-5767 size-large\" src=\"https:\/\/www.plugandgo.es\/wp-content\/uploads\/2021\/12\/20210525-Oficinas-Vontobel-Paseo-de-la-Castellana-91-Madrid-20-1030x686-1.jpg?_t=1640696548\" alt=\"\" width=\"1030\" height=\"686\" srcset=\"https:\/\/www.plugandgo.es\/wp-content\/uploads\/2021\/12\/20210525-Oficinas-Vontobel-Paseo-de-la-Castellana-91-Madrid-20-1030x686-1.jpg 1030w, https:\/\/www.plugandgo.es\/wp-content\/uploads\/2021\/12\/20210525-Oficinas-Vontobel-Paseo-de-la-Castellana-91-Madrid-20-1030x686-1-1024x682.jpg 1024w, https:\/\/www.plugandgo.es\/wp-content\/uploads\/2021\/12\/20210525-Oficinas-Vontobel-Paseo-de-la-Castellana-91-Madrid-20-1030x686-1-760x506.jpg 760w, https:\/\/www.plugandgo.es\/wp-content\/uploads\/2021\/12\/20210525-Oficinas-Vontobel-Paseo-de-la-Castellana-91-Madrid-20-1030x686-1-300x200.jpg 300w, https:\/\/www.plugandgo.es\/wp-content\/uploads\/2021\/12\/20210525-Oficinas-Vontobel-Paseo-de-la-Castellana-91-Madrid-20-1030x686-1-768x512.jpg 768w\" sizes=\"(max-width: 1030px) 100vw, 1030px\" \/><\/p>\n<h4>plug&amp;go se une a WOD (Women in Office Design)<\/h4>\n<p><img loading=\"lazy\" decoding=\"async\" class=\"alignright wp-image-5770 size-thumbnail\" src=\"https:\/\/www.plugandgo.es\/wp-content\/uploads\/2021\/12\/Covadonga-G.Q-150x150.png\" alt=\"\" width=\"150\" height=\"150\" srcset=\"https:\/\/www.plugandgo.es\/wp-content\/uploads\/2021\/12\/Covadonga-G.Q-150x150.png 150w, https:\/\/www.plugandgo.es\/wp-content\/uploads\/2021\/12\/Covadonga-G.Q-1024x1024.png 1024w, https:\/\/www.plugandgo.es\/wp-content\/uploads\/2021\/12\/Covadonga-G.Q-760x760.png 760w, https:\/\/www.plugandgo.es\/wp-content\/uploads\/2021\/12\/Covadonga-G.Q-1030x1030.png 1030w, https:\/\/www.plugandgo.es\/wp-content\/uploads\/2021\/12\/Covadonga-G.Q-300x300.png 300w, https:\/\/www.plugandgo.es\/wp-content\/uploads\/2021\/12\/Covadonga-G.Q-768x768.png 768w, https:\/\/www.plugandgo.es\/wp-content\/uploads\/2021\/12\/Covadonga-G.Q-686x686.png 686w, https:\/\/www.plugandgo.es\/wp-content\/uploads\/2021\/12\/Covadonga-G.Q.png 1080w\" sizes=\"(max-width: 150px) 100vw, 150px\" \/>Por \u00faltimo, cerramos el a\u00f1o con una gran noticia:\u00a0plug&amp;go ya forma parte de WOD (<a href=\"https:\/\/www.wodspain.com\/\" target=\"_blank\" rel=\"noopener\">Women in Office Design<\/a>), la Comunidad internacional de mujeres que dise\u00f1an los espacios donde vivir, aprender, viajar o colaborar.<\/p>\n<p>Este movimiento naci\u00f3 de la necesidad de conexi\u00f3n entre las\u00a0<strong>mujeres del sector del dise\u00f1o<\/strong>, la industria, el interiorismo y la arquitectura ligada a los espacios de trabajo, puesto que\u00a0por distintos motivos,\u00a0ten\u00edan menos oportunidades de socializar y de estrechar lazos con otros profesionales.<\/p>\n<p>Covadonga G. Quintana, CEO de plug&amp;go, comentaba para <a href=\"https:\/\/www.wodspain.com\/covadonga-gonzalez-quintana\/\" target=\"_blank\" rel=\"noopener\">WOD Spain<\/a>: \u201cCreo que podemos crear una sociedad mejor, desde la felicidad de las personas en el trabajo. Y en este punto, la arquitectura corporativa, que hacemos en plug&amp;go, es un aliado\u201d.<\/p>\n","protected":false},"excerpt":{"rendered":"<p>El 2021 ha sido un a\u00f1o extraordinario, en el que nos hemos enfrentado a una situaci\u00f3n sin precedentes. Como tambi\u00e9n lo ha sido nuestra respuesta. Adem\u00e1s de verse se\u00f1alado por el complejo e incierto escenario marcado por la pandemia, todos nos hemos dado cuenta de la importancia de la comunidad, la conciliaci\u00f3n y el valor [&hellip;]<\/p>\n","protected":false},"author":2,"featured_media":5783,"comment_status":"closed","ping_status":"closed","sticky":false,"template":"","format":"standard","meta":{"footnotes":""},"categories":[132],"tags":[],"class_list":["post-5753","post","type-post","status-publish","format-standard","has-post-thumbnail","hentry","category-actualidad"],"_links":{"self":[{"href":"https:\/\/www.plugandgo.es\/en\/wp-json\/wp\/v2\/posts\/5753","targetHints":{"allow":["GET"]}}],"collection":[{"href":"https:\/\/www.plugandgo.es\/en\/wp-json\/wp\/v2\/posts"}],"about":[{"href":"https:\/\/www.plugandgo.es\/en\/wp-json\/wp\/v2\/types\/post"}],"author":[{"embeddable":true,"href":"https:\/\/www.plugandgo.es\/en\/wp-json\/wp\/v2\/users\/2"}],"replies":[{"embeddable":true,"href":"https:\/\/www.plugandgo.es\/en\/wp-json\/wp\/v2\/comments?post=5753"}],"version-history":[{"count":0,"href":"https:\/\/www.plugandgo.es\/en\/wp-json\/wp\/v2\/posts\/5753\/revisions"}],"wp:featuredmedia":[{"embeddable":true,"href":"https:\/\/www.plugandgo.es\/en\/wp-json\/wp\/v2\/media\/5783"}],"wp:attachment":[{"href":"https:\/\/www.plugandgo.es\/en\/wp-json\/wp\/v2\/media?parent=5753"}],"wp:term":[{"taxonomy":"category","embeddable":true,"href":"https:\/\/www.plugandgo.es\/en\/wp-json\/wp\/v2\/categories?post=5753"},{"taxonomy":"post_tag","embeddable":true,"href":"https:\/\/www.plugandgo.es\/en\/wp-json\/wp\/v2\/tags?post=5753"}],"curies":[{"name":"wp","href":"https:\/\/api.w.org\/{rel}","templated":true}]}}