{"id":5963,"date":"2022-03-22T10:28:50","date_gmt":"2022-03-22T10:28:50","guid":{"rendered":"https:\/\/www.plugandgo.es\/?p=5963"},"modified":"2022-03-22T10:28:50","modified_gmt":"2022-03-22T10:28:50","slug":"arquitectura-corporativa-conectar-con-estrategia-cultura-proposito","status":"publish","type":"post","link":"https:\/\/www.plugandgo.es\/en\/arquitectura-corporativa-conectar-con-estrategia-cultura-proposito\/","title":{"rendered":"\u201cLa Arquitectura Corporativa tiene que conectar con la estrategia, la cultura y el prop\u00f3sito del cliente\u201d"},"content":{"rendered":"<p><img fetchpriority=\"high\" decoding=\"async\" class=\"aligncenter wp-image-5964 size-full\" src=\"https:\/\/www.plugandgo.es\/wp-content\/uploads\/2022\/03\/3.png?_t=1647944572\" alt=\"\" width=\"1300\" height=\"680\" srcset=\"https:\/\/www.plugandgo.es\/wp-content\/uploads\/2022\/03\/3.png 1300w, https:\/\/www.plugandgo.es\/wp-content\/uploads\/2022\/03\/3-1024x536.png 1024w, https:\/\/www.plugandgo.es\/wp-content\/uploads\/2022\/03\/3-760x398.png 760w, https:\/\/www.plugandgo.es\/wp-content\/uploads\/2022\/03\/3-1030x539.png 1030w, https:\/\/www.plugandgo.es\/wp-content\/uploads\/2022\/03\/3-300x157.png 300w, https:\/\/www.plugandgo.es\/wp-content\/uploads\/2022\/03\/3-768x402.png 768w\" sizes=\"(max-width: 1300px) 100vw, 1300px\" \/><\/p>\n<p>Ayer 21 de marzo, Covadonga G. Quintana, partner de plug&amp;go Arquitectura Corporativa, particip\u00f3 en un <strong>WOD Sharing<\/strong> convocado por <strong>WOD Spain (Women in Office Design Spain)<\/strong>. Nuestra CEO convers\u00f3 con la arquitecta Mar\u00eda Ant\u00f3n Barco sobre c\u00f3mo el espacio puede acompa\u00f1ar a las empresas en su transformaci\u00f3n cultural, entre otros muchos temas. Gracia Cardona, CEO de Decotherapy, present\u00f3 esta charla.<\/p>\n<p>Seg\u00fan expusieron, el dise\u00f1o del espacio puede ser una <strong>herramienta impulsora de la transformaci\u00f3n digital y cultural<\/strong>, y permite nuevas formas de entender el concepto del trabajo, tanto por parte de los empleadores como de los trabajadores.<\/p>\n<p>Covadonga comenz\u00f3 explicando que la <strong>Arquitectura Corporativa<\/strong> tiene que conectar con &#8220;la estrategia, la cultura, los objetivos y el prop\u00f3sito del cliente&#8221;, y que en esto difiere mucho de otro tipo de arquitectura. Adem\u00e1s, \u201ctiene que entender en qu\u00e9 momento est\u00e1 esa compa\u00f1\u00eda\u201d. \u201cEs muy importante ponerte en esos zapatos\u201d.<\/p>\n<p>Durante este encuentro online, Covadonga y Ana charlaron sobre <strong>el impacto de los nuevos modelos de trabajo h\u00edbrido<\/strong> y c\u00f3mo plug&amp;go los est\u00e1 abordando en sus proyectos: \u201cLo que intentamos es plantearnos el <strong>por qu\u00e9<\/strong> de las cosas y no el <strong>para qu\u00e9<\/strong>. Por qu\u00e9 han cambiado los procesos de una compa\u00f1\u00eda, c\u00f3mo podemos facilitar la convivencia intergeneracional, etc.\u201d.<\/p>\n<h2 style=\"text-align: left;\">Trabajamos desde la consultor\u00eda, preguntando &#8220;por qu\u00e9&#8221; se hacen las cosas<\/h2>\n<p>\u201cLo que hacemos siempre es dar un paso atr\u00e1s y preguntar por qu\u00e9 se hacen las cosas\u201d. Desde ese &#8220;por qu\u00e9&#8221;, trabajando en talleres con los clientes, abordamos el espacio, sabiendo perfectamente <strong>cu\u00e1les son los objetivos estrat\u00e9gicos, c\u00f3mo se van a abordar, qu\u00e9 resistencias vamos a tener y c\u00f3mo trabajarlas<\/strong>\u2026 Para, a partir de ah\u00ed, aterrizar en el modelo de ocupaci\u00f3n y de espacio que va a ser bueno para el cliente, porque va a permitirle cubrir y solucionar sus nuevas pol\u00edticas y esos nuevos problemas a los que se est\u00e1 enfrentando. Es as\u00ed como lo trabajamos, desde esa fase anterior de consultor\u00eda\u201d.<\/p>\n<p>En opini\u00f3n de Covadonga G. Quintana, en el contexto actual de modelos de trabajo m\u00e1s flexibles y mixtos, la oficina empieza a tener menos relevancia, \u201ca no ser que en ella ocurran cosas\u201d, afirma.<\/p>\n<blockquote><p>\u201cLa oficina tiene que ser <strong>un lugar destino<\/strong> al que voy para algo; no ya para ocupar mi espacio\u201d.<\/p><\/blockquote>\n<p>\u201cPrincipalmente, vamos a la oficina para conectar con personas y para conectar con la marca, con el prop\u00f3sito y el ADN de la compa\u00f1\u00eda. Y en ese sentido, la oficina tiene mucho que decir; <strong>te hace sentir que perteneces a un colectivo<\/strong>. Esa necesidad de generar comunidad es muy importante, y solo se puede hacer en un lugar, no a trav\u00e9s de una pantalla\u201d, subraya.<\/p>\n<p>En este punto de la conversaci\u00f3n, Covadonga introdujo un matiz muy interesante: <strong>el concepto de propiedad<\/strong> (de un puesto de trabajo, de un despacho\u2026) <strong>cambia por el de experiencia<\/strong>.<\/p>\n<p>\u00bfQu\u00e9 espacios se est\u00e1n implementando hoy en las oficinas?, pregunt\u00f3 Mar\u00eda Ant\u00f3n Barco.<\/p>\n<p>Seg\u00fan Covadonga, los m\u00e1s demandados son los <strong>centros neur\u00e1lgicos<\/strong>, espacios donde ya no solo te tomas un caf\u00e9 sino en los que tambi\u00e9n te puedes conectar, por ejemplo. \u201cAl abandonar el sentido de pertenencia, los espacios sirven para muchos m\u00e1s usos\u201d.<\/p>\n<p>El tema de <strong>la gesti\u00f3n del ruido es much\u00edsimo m\u00e1s importante en los nuevos modelos laborales h\u00edbridos<\/strong>. \u201cAl contar con equipos mixtos, el recurso de las videoconferencias cada vez es mayor y requiere de espacios donde realizarlas sin molestar a nadie y con cierta privacidad\u201d.<\/p>\n<p>Por ello, explica Covadonga G. Quintana, a nivel espacios, aparecen con mucha fuerza las salas m\u00e1s peque\u00f1as -dotadas de tecnolog\u00eda- donde puedas concentrarte o realizar una videollamada, por ejemplo\u201d.<\/p>\n<h2 style=\"text-align: left;\">Espacios para el encuentro, la creatividad, y el cuidado de las personas y planeta<\/h2>\n<p>Espacios para el encuentro, la creatividad, y el cuidado de las personas y el planeta, representan <strong>una nueva manera de entender los entornos de trabajo<\/strong>. \u201cLa certificaci\u00f3n Well nos ha abierto un camino sobre c\u00f3mo planificar oficinas que promuevan el bienestar\u201d. Subray\u00f3 tambi\u00e9n la relaci\u00f3n directa entre factores como<strong> biofilia, calidad del aire o confort ac\u00fastico<\/strong> con la productividad de las personas y la captaci\u00f3n y retenci\u00f3n del talento.<\/p>\n<p>Tambi\u00e9n coment\u00f3 a este respecto c\u00f3mo se van incorporando al dise\u00f1o conceptos como la alimentaci\u00f3n saludable y la ergonom\u00eda, \u201centendida como movimiento; c\u00f3mo me muevo, c\u00f3mo circulo por la oficina y cambio de postura\u201d.<\/p>\n<p>Covadonga G. Quintana propuso, para finalizar, abordar los proyectos desde una perspectiva mucho m\u00e1s interdisciplinar, e hizo referencia a un necesario cambio de lenguaje \u201cporque estamos en la era del hiperrealismo y de la imagen, y esto cambia el discurso; <strong>significa un cambio brutal para las nuevas generaciones de arquitectos y dise\u00f1adores<\/strong>\u201d.<\/p>\n","protected":false},"excerpt":{"rendered":"<p>Ayer 21 de marzo, Covadonga G. Quintana, partner de plug&amp;go Arquitectura Corporativa, particip\u00f3 en un WOD Sharing convocado por WOD Spain (Women in Office Design Spain). Nuestra CEO convers\u00f3 con la arquitecta Mar\u00eda Ant\u00f3n Barco sobre c\u00f3mo el espacio puede acompa\u00f1ar a las empresas en su transformaci\u00f3n cultural, entre otros muchos temas. Gracia Cardona, CEO [&hellip;]<\/p>\n","protected":false},"author":2,"featured_media":5973,"comment_status":"closed","ping_status":"closed","sticky":false,"template":"","format":"standard","meta":{"footnotes":""},"categories":[133],"tags":[],"class_list":["post-5963","post","type-post","status-publish","format-standard","has-post-thumbnail","hentry","category-noticias"],"_links":{"self":[{"href":"https:\/\/www.plugandgo.es\/en\/wp-json\/wp\/v2\/posts\/5963","targetHints":{"allow":["GET"]}}],"collection":[{"href":"https:\/\/www.plugandgo.es\/en\/wp-json\/wp\/v2\/posts"}],"about":[{"href":"https:\/\/www.plugandgo.es\/en\/wp-json\/wp\/v2\/types\/post"}],"author":[{"embeddable":true,"href":"https:\/\/www.plugandgo.es\/en\/wp-json\/wp\/v2\/users\/2"}],"replies":[{"embeddable":true,"href":"https:\/\/www.plugandgo.es\/en\/wp-json\/wp\/v2\/comments?post=5963"}],"version-history":[{"count":0,"href":"https:\/\/www.plugandgo.es\/en\/wp-json\/wp\/v2\/posts\/5963\/revisions"}],"wp:featuredmedia":[{"embeddable":true,"href":"https:\/\/www.plugandgo.es\/en\/wp-json\/wp\/v2\/media\/5973"}],"wp:attachment":[{"href":"https:\/\/www.plugandgo.es\/en\/wp-json\/wp\/v2\/media?parent=5963"}],"wp:term":[{"taxonomy":"category","embeddable":true,"href":"https:\/\/www.plugandgo.es\/en\/wp-json\/wp\/v2\/categories?post=5963"},{"taxonomy":"post_tag","embeddable":true,"href":"https:\/\/www.plugandgo.es\/en\/wp-json\/wp\/v2\/tags?post=5963"}],"curies":[{"name":"wp","href":"https:\/\/api.w.org\/{rel}","templated":true}]}}