{"id":5997,"date":"2022-04-18T08:26:11","date_gmt":"2022-04-18T08:26:11","guid":{"rendered":"https:\/\/www.plugandgo.es\/?p=5997"},"modified":"2022-04-18T08:26:11","modified_gmt":"2022-04-18T08:26:11","slug":"hacia-un-smart-working-que-reproduzca-el-modelo-de-comunidad","status":"publish","type":"post","link":"https:\/\/www.plugandgo.es\/en\/hacia-un-smart-working-que-reproduzca-el-modelo-de-comunidad\/","title":{"rendered":"Hacia un smart working que reproduzca el modelo de comunidad"},"content":{"rendered":"<p><img fetchpriority=\"high\" decoding=\"async\" class=\"aligncenter size-large wp-image-5999\" src=\"https:\/\/www.plugandgo.es\/wp-content\/uploads\/2022\/04\/Hipoges-0061-e1650270125798-1030x888.jpg\" alt=\"\" width=\"1030\" height=\"888\" srcset=\"https:\/\/www.plugandgo.es\/wp-content\/uploads\/2022\/04\/Hipoges-0061-e1650270125798-1030x888.jpg 1030w, https:\/\/www.plugandgo.es\/wp-content\/uploads\/2022\/04\/Hipoges-0061-e1650270125798-1024x883.jpg 1024w, https:\/\/www.plugandgo.es\/wp-content\/uploads\/2022\/04\/Hipoges-0061-e1650270125798-760x656.jpg 760w, https:\/\/www.plugandgo.es\/wp-content\/uploads\/2022\/04\/Hipoges-0061-e1650270125798-300x259.jpg 300w, https:\/\/www.plugandgo.es\/wp-content\/uploads\/2022\/04\/Hipoges-0061-e1650270125798-768x662.jpg 768w, https:\/\/www.plugandgo.es\/wp-content\/uploads\/2022\/04\/Hipoges-0061-e1650270125798-795x686.jpg 795w, https:\/\/www.plugandgo.es\/wp-content\/uploads\/2022\/04\/Hipoges-0061-e1650270125798-1536x1325.jpg 1536w, https:\/\/www.plugandgo.es\/wp-content\/uploads\/2022\/04\/Hipoges-0061-e1650270125798.jpg 1863w\" sizes=\"(max-width: 1030px) 100vw, 1030px\" \/><\/p>\n<p>En los \u00faltimos dos a\u00f1os, se han confirmado y acelerado unas tendencias que intentan resolver el conflicto entre culturas corporativas tradicionales y otras pol\u00edticas de gesti\u00f3n de personas m\u00e1s <strong>flexibles, transparentes y horizontales<\/strong>. Se han confirmado tambi\u00e9n los beneficios de los modelos de trabajo flexibles y basados en la confianza. Y del <em>smart working<\/em> o el \u201ctrabaja cu\u00e1ndo y donde quieras\u201d. El reto est\u00e1 en <strong>integrar lo mejor de la presencialidad y del trabajo en remoto<\/strong>.<\/p>\n<p>La pandemia ha dado un gran impulso a la flexibilidad, no solo enfocada a la conciliaci\u00f3n del empleado, sino tambi\u00e9n como un concepto de <strong>trabajo que favorece su productividad.<\/strong><\/p>\n<p>Como dice Tom\u00e1s Pereda, responsable Red de Empresas en Fundaci\u00f3n m\u00e1shumano: \u201cSe han confrontado dos modelos antag\u00f3nicos, dos cosmovisiones opuestas respecto al valor de la confianza y del sentido de responsabilidad individual, apareciendo de nuevo el liderazgo como esa habilidad creadora o destructora, de liberar lo mejor o peor de nuestra\u00a0naturaleza humana\u201d.<\/p>\n<p><img decoding=\"async\" class=\"aligncenter wp-image-6004 size-large\" src=\"https:\/\/www.plugandgo.es\/wp-content\/uploads\/2022\/04\/Oficinas-Yanbal-11-1030x686.jpg?_t=1650270464\" alt=\"\" width=\"1030\" height=\"686\" srcset=\"https:\/\/www.plugandgo.es\/wp-content\/uploads\/2022\/04\/Oficinas-Yanbal-11-1030x686.jpg 1030w, https:\/\/www.plugandgo.es\/wp-content\/uploads\/2022\/04\/Oficinas-Yanbal-11-1024x683.jpg 1024w, https:\/\/www.plugandgo.es\/wp-content\/uploads\/2022\/04\/Oficinas-Yanbal-11-760x507.jpg 760w, https:\/\/www.plugandgo.es\/wp-content\/uploads\/2022\/04\/Oficinas-Yanbal-11-300x200.jpg 300w, https:\/\/www.plugandgo.es\/wp-content\/uploads\/2022\/04\/Oficinas-Yanbal-11-768x512.jpg 768w, https:\/\/www.plugandgo.es\/wp-content\/uploads\/2022\/04\/Oficinas-Yanbal-11-1536x1024.jpg 1536w, https:\/\/www.plugandgo.es\/wp-content\/uploads\/2022\/04\/Oficinas-Yanbal-11.jpg 2048w\" sizes=\"(max-width: 1030px) 100vw, 1030px\" \/><\/p>\n<p>El teletrabajo no ha dejado de ser una cuesti\u00f3n meramente anecd\u00f3tica. Lo realmente importante ha sido que <strong>ha saltado por los aires el paradigma tradicional del \u201ccommand &amp; control\u201d<\/strong> sobre la actividad laboral de las personas, basado en la desconfianza, afirma.<\/p>\n<p>El nuevo contexto ha puesto a prueba no solo el negocio de las organizaciones, sino tambi\u00e9n su parte m\u00e1s humana, relacionada con <strong>sus valores y su prop\u00f3sito<\/strong>. \u201cLas compa\u00f1\u00edas que logren realizar una correcta gesti\u00f3n de la situaci\u00f3n y de sus personas, y que adem\u00e1s gestionen la comunicaci\u00f3n con sus p\u00fablicos externos e internos de manera correcta, saldr\u00e1n reforzadas y ser\u00e1n mejor valoradas&#8221;.<\/p>\n<p>&#8220;La experiencia de esta crisis ha puesto de manifiesto el valor de la coherencia entre las declaraciones de prop\u00f3sito y valores con la experiencia real de los <em>stakeholders<\/em>, habi\u00e9ndose sometido a prueba, como un aut\u00e9ntico test de estr\u00e9s\u201d, se\u00f1ala el informe <strong><em>Human Smart Working<\/em><\/strong>.<\/p>\n<p><img decoding=\"async\" class=\"alignright wp-image-6000\" src=\"https:\/\/www.plugandgo.es\/wp-content\/uploads\/2022\/04\/20220121-Plaza-de-Manuel-Gomez-Moreno-2-Madrid-9-HQ-200x300.jpg\" alt=\"\" width=\"255\" height=\"383\" srcset=\"https:\/\/www.plugandgo.es\/wp-content\/uploads\/2022\/04\/20220121-Plaza-de-Manuel-Gomez-Moreno-2-Madrid-9-HQ-200x300.jpg 200w, https:\/\/www.plugandgo.es\/wp-content\/uploads\/2022\/04\/20220121-Plaza-de-Manuel-Gomez-Moreno-2-Madrid-9-HQ-683x1024.jpg 683w, https:\/\/www.plugandgo.es\/wp-content\/uploads\/2022\/04\/20220121-Plaza-de-Manuel-Gomez-Moreno-2-Madrid-9-HQ-760x1140.jpg 760w, https:\/\/www.plugandgo.es\/wp-content\/uploads\/2022\/04\/20220121-Plaza-de-Manuel-Gomez-Moreno-2-Madrid-9-HQ-1030x1545.jpg 1030w, https:\/\/www.plugandgo.es\/wp-content\/uploads\/2022\/04\/20220121-Plaza-de-Manuel-Gomez-Moreno-2-Madrid-9-HQ-768x1152.jpg 768w, https:\/\/www.plugandgo.es\/wp-content\/uploads\/2022\/04\/20220121-Plaza-de-Manuel-Gomez-Moreno-2-Madrid-9-HQ-457x686.jpg 457w, https:\/\/www.plugandgo.es\/wp-content\/uploads\/2022\/04\/20220121-Plaza-de-Manuel-Gomez-Moreno-2-Madrid-9-HQ-1024x1536.jpg 1024w, https:\/\/www.plugandgo.es\/wp-content\/uploads\/2022\/04\/20220121-Plaza-de-Manuel-Gomez-Moreno-2-Madrid-9-HQ.jpg 1365w\" sizes=\"(max-width: 255px) 100vw, 255px\" \/><\/p>\n<p>Seg\u00fan este mismo informe, uno de los aspectos positivos que nos ha dejado la crisis es que las compa\u00f1\u00edas han reaccionado con decisi\u00f3n, agilidad y eficacia, <strong>para ayudar a las personas.<\/strong> \u201cPor un lado, numerosas empresas se han embarcado en acciones de RSC externas para ayudar en la crisis, poniendo a disposici\u00f3n de la sociedad numerosos recursos\u201d.<\/p>\n<p>Por otro lado, han mirado m\u00e1s que nunca hacia dentro, hacia sus empleados. \u201cY ambas cosas han hecho que se valore la autenticidad y sinceridad de las empresas y de sus l\u00edderes, al ponerse de manifiesto cu\u00e1les se preocupan por las personas de verdad y cu\u00e1les no\u201d.<\/p>\n<p>Todo hace pensar que las organizaciones est\u00e1n caminando hacia <strong>una cultura corporativa que coloca a la persona en el centro de la organizaci\u00f3n<\/strong>, y que valora las habilidades m\u00e1s humanas como la creatividad, la resoluci\u00f3n de problemas complejos, la resiliencia o el pensamiento cr\u00edtico, por ejemplo.<\/p>\n<p>Esta nueva cultura necesita un <strong>nuevo estilo de liderazgo<\/strong>; l\u00edderes preocupados por sus personas, atendiendo a criterios como la diversidad, la flexibilidad, la autonom\u00eda, la gesti\u00f3n de la desconexi\u00f3n digital y el fomento del trabajo colaborativo. Y, por supuesto, en el contexto de una gesti\u00f3n diferente de la comunicaci\u00f3n interna.<\/p>\n<h2>Desaf\u00edos de los nuevos entornos de trabajo: la experiencia del empleado y la comunidad<\/h2>\n<p>Los retos en los nuevos entornos de trabajo, son tratar de asegurar la mejor experiencia del empleado y reproducir en los nuevos escenarios h\u00edbridos el modelo de comunidad. Saber <strong>transmitir los valores y la cultura de la empresa<\/strong>, para generar compromiso en los equipos, est\u00e9n donde est\u00e9n.<\/p>\n<p><strong>La cultura y los valores son el alma de las compa\u00f1\u00edas<\/strong>. El desaf\u00edo est\u00e1 en c\u00f3mo hacerlos visibles en un ecosistema de menor presencialidad que no es tan facilitador. Aqu\u00ed, ser\u00e1 fundamental el papel de los l\u00edderes, y tambi\u00e9n el de los espacios de trabajo y su capacidad para conectar a las personas y a estas con el prop\u00f3sito y la marca, pero evolucionando hacia un modelo en el que el trabajador es el que decide cu\u00e1ndo va la oficina; c\u00f3mo y d\u00f3nde trabaja para desempe\u00f1ar mejor su actividad.<\/p>\n<p>Los espacios de oficina est\u00e1n ya transformando su dise\u00f1o buscando una mayor flexibilidad <strong>para convertirse en el \u00e1gora com\u00fan<\/strong> donde se fomente la comuni\u00f3n de ideas y aprendizajes, y donde se \u201cvivan\u201d la cultura y los valores de la empresa.<\/p>\n<p>El desaf\u00edo va de crear organizaciones atractivas y mostrarlas, as\u00ed tambi\u00e9n, internamente.<\/p>\n","protected":false},"excerpt":{"rendered":"<p>En los \u00faltimos dos a\u00f1os, se han confirmado y acelerado unas tendencias que intentan resolver el conflicto entre culturas corporativas tradicionales y otras pol\u00edticas de gesti\u00f3n de personas m\u00e1s flexibles, transparentes y horizontales. Se han confirmado tambi\u00e9n los beneficios de los modelos de trabajo flexibles y basados en la confianza. Y del smart working o [&hellip;]<\/p>\n","protected":false},"author":2,"featured_media":5999,"comment_status":"closed","ping_status":"closed","sticky":false,"template":"","format":"standard","meta":{"footnotes":""},"categories":[132],"tags":[],"class_list":["post-5997","post","type-post","status-publish","format-standard","has-post-thumbnail","hentry","category-actualidad"],"_links":{"self":[{"href":"https:\/\/www.plugandgo.es\/en\/wp-json\/wp\/v2\/posts\/5997","targetHints":{"allow":["GET"]}}],"collection":[{"href":"https:\/\/www.plugandgo.es\/en\/wp-json\/wp\/v2\/posts"}],"about":[{"href":"https:\/\/www.plugandgo.es\/en\/wp-json\/wp\/v2\/types\/post"}],"author":[{"embeddable":true,"href":"https:\/\/www.plugandgo.es\/en\/wp-json\/wp\/v2\/users\/2"}],"replies":[{"embeddable":true,"href":"https:\/\/www.plugandgo.es\/en\/wp-json\/wp\/v2\/comments?post=5997"}],"version-history":[{"count":0,"href":"https:\/\/www.plugandgo.es\/en\/wp-json\/wp\/v2\/posts\/5997\/revisions"}],"wp:featuredmedia":[{"embeddable":true,"href":"https:\/\/www.plugandgo.es\/en\/wp-json\/wp\/v2\/media\/5999"}],"wp:attachment":[{"href":"https:\/\/www.plugandgo.es\/en\/wp-json\/wp\/v2\/media?parent=5997"}],"wp:term":[{"taxonomy":"category","embeddable":true,"href":"https:\/\/www.plugandgo.es\/en\/wp-json\/wp\/v2\/categories?post=5997"},{"taxonomy":"post_tag","embeddable":true,"href":"https:\/\/www.plugandgo.es\/en\/wp-json\/wp\/v2\/tags?post=5997"}],"curies":[{"name":"wp","href":"https:\/\/api.w.org\/{rel}","templated":true}]}}