{"id":6065,"date":"2022-07-07T09:17:48","date_gmt":"2022-07-07T09:17:48","guid":{"rendered":"https:\/\/www.plugandgo.es\/?p=6065"},"modified":"2022-07-07T09:17:48","modified_gmt":"2022-07-07T09:17:48","slug":"una-plaza-infinitas-oportunidades","status":"publish","type":"post","link":"https:\/\/www.plugandgo.es\/en\/una-plaza-infinitas-oportunidades\/","title":{"rendered":"Una plaza, infinitas oportunidades"},"content":{"rendered":"<p style=\"text-align: center;\"><em>La oda a lo com\u00fan, lejos de perder protagonismo -tras una pandemia que nos ha robado momentos de comunidad y nos ha exigido distanciamiento social- ha resucitado con m\u00e1s fuerza que nunca, agilizando procesos de humanizaci\u00f3n, no s\u00f3lo del espacio de oficinas, sino de edificios y ciudades.<\/em><\/p>\n<p><img fetchpriority=\"high\" decoding=\"async\" class=\"size-medium wp-image-5770 alignright\" src=\"https:\/\/www.plugandgo.es\/wp-content\/uploads\/2021\/12\/Covadonga-G.Q-300x300.png\" alt=\"\" width=\"300\" height=\"300\" srcset=\"https:\/\/www.plugandgo.es\/wp-content\/uploads\/2021\/12\/Covadonga-G.Q-300x300.png 300w, https:\/\/www.plugandgo.es\/wp-content\/uploads\/2021\/12\/Covadonga-G.Q-1024x1024.png 1024w, https:\/\/www.plugandgo.es\/wp-content\/uploads\/2021\/12\/Covadonga-G.Q-760x760.png 760w, https:\/\/www.plugandgo.es\/wp-content\/uploads\/2021\/12\/Covadonga-G.Q-1030x1030.png 1030w, https:\/\/www.plugandgo.es\/wp-content\/uploads\/2021\/12\/Covadonga-G.Q-150x150.png 150w, https:\/\/www.plugandgo.es\/wp-content\/uploads\/2021\/12\/Covadonga-G.Q-768x768.png 768w, https:\/\/www.plugandgo.es\/wp-content\/uploads\/2021\/12\/Covadonga-G.Q-686x686.png 686w, https:\/\/www.plugandgo.es\/wp-content\/uploads\/2021\/12\/Covadonga-G.Q.png 1080w\" sizes=\"(max-width: 300px) 100vw, 300px\" \/><\/p>\n<p>Simon Senek reflexionaba sobre c\u00f3mo la pandemia ha puesto en entredicho la famosa Pir\u00e1mide de Maslow. Ahora, las personas no tenemos la pertenencia como necesidad intermedia, sino como necesidad b\u00e1sica. <strong>Necesitamos la comunidad, pertenecer a un grupo, sociabilizar<\/strong> como parte indispensable de nuestra salud mental.<\/p>\n<p>La b\u00fasqueda de la comunidad, nos ha llevado a replantear el trazado urban\u00edstico de las grandes ciudades y aprovechar esta transformaci\u00f3n para rescatar la plaza. Ese punto de encuentro com\u00fan que articula e integra a la comunidad, al barrio, los vecinos y visitantes. La plaza como referente, identifica, crea sentimiento de pertenencia y se\u00f1aliza una zona.<\/p>\n<h2>La plaza, humaniza<\/h2>\n<p>Y aunque el lema de <em>humanizar las ciudades<\/em>\u00a0ya lleva un tiempo circulando, parece haber calado de lleno tras la pandemia. Queremos reconquistar nuestras calles.<\/p>\n<p>Proyectos como Plaza de Espa\u00f1a en Madrid o \u201cSuperilla\u201d en Poblenou (Barcelona) rescatan la esencia de la plaza y <em>peatonizan<\/em> la ciudad a favor de las personas.<\/p>\n<p>Porque son numerosos los beneficios de peatonalizar y ensanchar las aceras de las calles de nuestras ciudades creando plazas: <strong>fomenta la movilidad sostenible, reduce la contaminaci\u00f3n atmosf\u00e9rica y ac\u00fastica<\/strong> y ahora tambi\u00e9n podr\u00edamos a\u00f1adir los beneficios para la salud\u00a0p\u00fablica porque reduce el riesgo de contagios al poder guardar las distancias de seguridad y practicar deporte en espacios abiertos.<\/p>\n<p>La conquista de lo com\u00fan, no s\u00f3lo se queda en nuestras ciudades. Asistimos a proyectos inmobiliarios que act\u00faan sobre las zonas exteriores de su per\u00edmetro para crear espacios m\u00e1s verdes, integrados y comunes. Favoreciendo a los usuarios y a los no usuarios porque <strong>aportan una visi\u00f3n biof\u00edlica al entorno<\/strong>.<\/p>\n<p>Proyectos de iniciativa p\u00fablica o privada, como el proyecto Renazca, que aglutina a varios de los principales patrimonialistas y SOCIMIS para actualizar Azca y dotarla de una escala humana, accesible y com\u00fan.<\/p>\n<p>Otras veces, como el edificio Ulises en Madrid, renombrado como ARBOR y propiedad del fondo Kennedy Wilson, transforman su look&amp;feel en un proyecto D&amp;B de plug&amp;go, recuperando un espacio exterior que permite a sus usuarios disponer de plazas donde desconectar, hacer deporte, reunirse o asistir a un evento al aire libre. Y tambi\u00e9n -esta nueva forma de entender el activo- impulsa la imagen verde de un edificio que antes no estaba integrado en la zona residencial de Arturo Soria.<\/p>\n<h2><strong>La oficina del futuro<\/strong><\/h2>\n<p>Todo este proceso de creaci\u00f3n de comunidad, llega a la oficina. Y lejos de desaparecer, se vuelve a transformar, algo que ven\u00eda haciendo antes de la pandemia.<\/p>\n<p>La transformaci\u00f3n de la oficina, la convierte en otra plaza. La necesidad de crear cultura corporativa, atraer y retener talento, cuestiona la oficina tradicional de praderas, despachos y salas y la convierte en un lugar destino donde se va a hacer lo que la tecnolog\u00eda y el trabajo en remoto no puede dar: comunidad, sentimiento de pertenencia e identidad colectiva.<\/p>\n<p><strong>Creatividad, innovaci\u00f3n y resoluci\u00f3n de problemas<\/strong> es algo que proviene de las personas y que requiere compartir y pensar en grupo. Las oficinas del futuro permiten este trabajo colectivo. Las plazas del futuro son las herramientas que consolidan el trabajo en comuni\u00f3n.<\/p>\n<p style=\"text-align: right;\">Por Covadonga G. Quintana. Socia Directora de <strong>plug&amp;go Arquitectura Corporativa<\/strong><\/p>\n","protected":false},"excerpt":{"rendered":"<p>La oda a lo com\u00fan, lejos de perder protagonismo -tras una pandemia que nos ha robado momentos de comunidad y nos ha exigido distanciamiento social- ha resucitado con m\u00e1s fuerza que nunca, agilizando procesos de humanizaci\u00f3n, no s\u00f3lo del espacio de oficinas, sino de edificios y ciudades. Simon Senek reflexionaba sobre c\u00f3mo la pandemia ha [&hellip;]<\/p>\n","protected":false},"author":2,"featured_media":5709,"comment_status":"closed","ping_status":"closed","sticky":false,"template":"","format":"standard","meta":{"footnotes":""},"categories":[134],"tags":[],"class_list":["post-6065","post","type-post","status-publish","format-standard","has-post-thumbnail","hentry","category-diseno"],"_links":{"self":[{"href":"https:\/\/www.plugandgo.es\/en\/wp-json\/wp\/v2\/posts\/6065","targetHints":{"allow":["GET"]}}],"collection":[{"href":"https:\/\/www.plugandgo.es\/en\/wp-json\/wp\/v2\/posts"}],"about":[{"href":"https:\/\/www.plugandgo.es\/en\/wp-json\/wp\/v2\/types\/post"}],"author":[{"embeddable":true,"href":"https:\/\/www.plugandgo.es\/en\/wp-json\/wp\/v2\/users\/2"}],"replies":[{"embeddable":true,"href":"https:\/\/www.plugandgo.es\/en\/wp-json\/wp\/v2\/comments?post=6065"}],"version-history":[{"count":0,"href":"https:\/\/www.plugandgo.es\/en\/wp-json\/wp\/v2\/posts\/6065\/revisions"}],"wp:featuredmedia":[{"embeddable":true,"href":"https:\/\/www.plugandgo.es\/en\/wp-json\/wp\/v2\/media\/5709"}],"wp:attachment":[{"href":"https:\/\/www.plugandgo.es\/en\/wp-json\/wp\/v2\/media?parent=6065"}],"wp:term":[{"taxonomy":"category","embeddable":true,"href":"https:\/\/www.plugandgo.es\/en\/wp-json\/wp\/v2\/categories?post=6065"},{"taxonomy":"post_tag","embeddable":true,"href":"https:\/\/www.plugandgo.es\/en\/wp-json\/wp\/v2\/tags?post=6065"}],"curies":[{"name":"wp","href":"https:\/\/api.w.org\/{rel}","templated":true}]}}