{"id":6074,"date":"2022-07-05T09:19:59","date_gmt":"2022-07-05T09:19:59","guid":{"rendered":"https:\/\/www.plugandgo.es\/?p=6074"},"modified":"2022-07-05T09:19:59","modified_gmt":"2022-07-05T09:19:59","slug":"pluggo-participa-en-disenar-para-el-futuro-de-grupo-via","status":"publish","type":"post","link":"https:\/\/www.plugandgo.es\/en\/pluggo-participa-en-disenar-para-el-futuro-de-grupo-via\/","title":{"rendered":"plug&go participa en el evento \"Dise\u00f1ar para el futuro\" de Grupo V\u00eda"},"content":{"rendered":"<p><img fetchpriority=\"high\" decoding=\"async\" class=\"aligncenter wp-image-6075 size-large\" src=\"https:\/\/www.plugandgo.es\/wp-content\/uploads\/2022\/07\/008_Covadonga_G._Quintana_Jesu\u0301s_Rodri\u0301guez_PlugGo_Disen\u0303ar_Futuro_2022_GrupoVi\u0301a-1030x686.jpg?_t=1657185938\" alt=\"\" width=\"1030\" height=\"686\" srcset=\"https:\/\/www.plugandgo.es\/wp-content\/uploads\/2022\/07\/008_Covadonga_G._Quintana_Jesu\u0301s_Rodri\u0301guez_PlugGo_Disen\u0303ar_Futuro_2022_GrupoVi\u0301a-1030x686.jpg 1030w, https:\/\/www.plugandgo.es\/wp-content\/uploads\/2022\/07\/008_Covadonga_G._Quintana_Jesu\u0301s_Rodri\u0301guez_PlugGo_Disen\u0303ar_Futuro_2022_GrupoVi\u0301a-1024x683.jpg 1024w, https:\/\/www.plugandgo.es\/wp-content\/uploads\/2022\/07\/008_Covadonga_G._Quintana_Jesu\u0301s_Rodri\u0301guez_PlugGo_Disen\u0303ar_Futuro_2022_GrupoVi\u0301a-760x507.jpg 760w, https:\/\/www.plugandgo.es\/wp-content\/uploads\/2022\/07\/008_Covadonga_G._Quintana_Jesu\u0301s_Rodri\u0301guez_PlugGo_Disen\u0303ar_Futuro_2022_GrupoVi\u0301a-300x200.jpg 300w, https:\/\/www.plugandgo.es\/wp-content\/uploads\/2022\/07\/008_Covadonga_G._Quintana_Jesu\u0301s_Rodri\u0301guez_PlugGo_Disen\u0303ar_Futuro_2022_GrupoVi\u0301a-768x512.jpg 768w, https:\/\/www.plugandgo.es\/wp-content\/uploads\/2022\/07\/008_Covadonga_G._Quintana_Jesu\u0301s_Rodri\u0301guez_PlugGo_Disen\u0303ar_Futuro_2022_GrupoVi\u0301a-1536x1024.jpg 1536w, https:\/\/www.plugandgo.es\/wp-content\/uploads\/2022\/07\/008_Covadonga_G._Quintana_Jesu\u0301s_Rodri\u0301guez_PlugGo_Disen\u0303ar_Futuro_2022_GrupoVi\u0301a.jpg 2048w\" sizes=\"(max-width: 1030px) 100vw, 1030px\" \/><\/p>\n<p>plug&amp;go ha participado este 5 de julio en la I edici\u00f3n del evento &#8220;<strong>Dise\u00f1ar para el futuro<\/strong>&#8221; organizado por <strong>Grupo V\u00eda, <\/strong>para\u00a0conocer qu\u00e9 tipo de proyectos se piden hoy en d\u00eda que sean capaces de solucionar temas de flexibilidad, futuros cambios imprevistos y usos indeterminados, satisfacer las demandas de sostenibilidad y situar a las personas en el centro.<\/p>\n<p>Junto a otros profesionales\u00a0del mundo de la arquitectura, el interiorismo y el dise\u00f1o,\u00a0 <strong>Covadonga G. Quintana<\/strong>, socia directora de plug&amp;go y <strong>Jes\u00fas Rodr\u00edguez Calvo<\/strong>, director de proyectos,\u00a0han se\u00f1alado durante el evento c\u00f3mo la pandemia ha puesto de manifiesto que <strong>una buena salud mental requiere de comunidad<\/strong>, de ah\u00ed que las ciudades est\u00e9n apostando por aumentar las zonas peatonales, renaturalizar los espacios p\u00fablicos y potenciar las plazas como centros neur\u00e1lgicos y puntos de encuentro, as\u00ed como mejorando aspectos de movilidad, contaminaci\u00f3n, salud y comunidad.<\/p>\n<p><img decoding=\"async\" class=\"aligncenter size-large wp-image-6076\" src=\"https:\/\/www.plugandgo.es\/wp-content\/uploads\/2022\/07\/009_Covadonga_G._Quintana_PlugGo_Disen\u0303ar_Futuro_2022_GrupoVi\u0301a-1030x686.jpg\" alt=\"\" width=\"1030\" height=\"686\" srcset=\"https:\/\/www.plugandgo.es\/wp-content\/uploads\/2022\/07\/009_Covadonga_G._Quintana_PlugGo_Disen\u0303ar_Futuro_2022_GrupoVi\u0301a-1030x686.jpg 1030w, https:\/\/www.plugandgo.es\/wp-content\/uploads\/2022\/07\/009_Covadonga_G._Quintana_PlugGo_Disen\u0303ar_Futuro_2022_GrupoVi\u0301a-1024x683.jpg 1024w, https:\/\/www.plugandgo.es\/wp-content\/uploads\/2022\/07\/009_Covadonga_G._Quintana_PlugGo_Disen\u0303ar_Futuro_2022_GrupoVi\u0301a-760x507.jpg 760w, https:\/\/www.plugandgo.es\/wp-content\/uploads\/2022\/07\/009_Covadonga_G._Quintana_PlugGo_Disen\u0303ar_Futuro_2022_GrupoVi\u0301a-300x200.jpg 300w, https:\/\/www.plugandgo.es\/wp-content\/uploads\/2022\/07\/009_Covadonga_G._Quintana_PlugGo_Disen\u0303ar_Futuro_2022_GrupoVi\u0301a-768x512.jpg 768w, https:\/\/www.plugandgo.es\/wp-content\/uploads\/2022\/07\/009_Covadonga_G._Quintana_PlugGo_Disen\u0303ar_Futuro_2022_GrupoVi\u0301a-1536x1024.jpg 1536w, https:\/\/www.plugandgo.es\/wp-content\/uploads\/2022\/07\/009_Covadonga_G._Quintana_PlugGo_Disen\u0303ar_Futuro_2022_GrupoVi\u0301a.jpg 2048w\" sizes=\"(max-width: 1030px) 100vw, 1030px\" \/><\/p>\n<p>Esta tendencia la vemos tambi\u00e9n <strong>aplicada en proyectos de oficinas<\/strong>. Por un lado, han presentado el trabajo en el edificio Ulises de Madrid, donde se pasa de unos soportales sin identidad ni escala a crear diferentes escenarios, introducir vegetaci\u00f3n, espacios de bienvenida, restauraci\u00f3n, fitness y \u00e1gora de reuni\u00f3n.<\/p>\n<p>Por otro lado, han mostrado la renovaci\u00f3n de un nuevo espacio corporativo en el que el concepto de generar plazas y aumentar los puestos de trabajo colaborativos y la zonificaci\u00f3n por clusters de actividad, han sido los ejes de la transformaci\u00f3n.<\/p>\n<p><img decoding=\"async\" class=\"aligncenter size-large wp-image-6077\" src=\"https:\/\/www.plugandgo.es\/wp-content\/uploads\/2022\/07\/010_Jesu\u0301s_Rodri\u0301guez_PlugGo_Disen\u0303ar_Futuro_2022_GrupoVi\u0301a-1030x686.jpg\" alt=\"\" width=\"1030\" height=\"686\" srcset=\"https:\/\/www.plugandgo.es\/wp-content\/uploads\/2022\/07\/010_Jesu\u0301s_Rodri\u0301guez_PlugGo_Disen\u0303ar_Futuro_2022_GrupoVi\u0301a-1030x686.jpg 1030w, https:\/\/www.plugandgo.es\/wp-content\/uploads\/2022\/07\/010_Jesu\u0301s_Rodri\u0301guez_PlugGo_Disen\u0303ar_Futuro_2022_GrupoVi\u0301a-1024x683.jpg 1024w, https:\/\/www.plugandgo.es\/wp-content\/uploads\/2022\/07\/010_Jesu\u0301s_Rodri\u0301guez_PlugGo_Disen\u0303ar_Futuro_2022_GrupoVi\u0301a-760x507.jpg 760w, https:\/\/www.plugandgo.es\/wp-content\/uploads\/2022\/07\/010_Jesu\u0301s_Rodri\u0301guez_PlugGo_Disen\u0303ar_Futuro_2022_GrupoVi\u0301a-300x200.jpg 300w, https:\/\/www.plugandgo.es\/wp-content\/uploads\/2022\/07\/010_Jesu\u0301s_Rodri\u0301guez_PlugGo_Disen\u0303ar_Futuro_2022_GrupoVi\u0301a-768x512.jpg 768w, https:\/\/www.plugandgo.es\/wp-content\/uploads\/2022\/07\/010_Jesu\u0301s_Rodri\u0301guez_PlugGo_Disen\u0303ar_Futuro_2022_GrupoVi\u0301a-1536x1024.jpg 1536w, https:\/\/www.plugandgo.es\/wp-content\/uploads\/2022\/07\/010_Jesu\u0301s_Rodri\u0301guez_PlugGo_Disen\u0303ar_Futuro_2022_GrupoVi\u0301a.jpg 2048w\" sizes=\"(max-width: 1030px) 100vw, 1030px\" \/><\/p>\n<p>Durante <strong>el debate final que cerr\u00f3 la jornada<\/strong> todos los participantes conversaron sobre el tipo de proyectos que se pide hoy en d\u00eda, la importancia de la flexibilidad para que los proyectos sean permeables a los futuros cambios, la mayor preocupaci\u00f3n sostenible, la importancia de los espacios exteriores, la transformaci\u00f3n de las ciudades y sus espacios p\u00fablicos, los retos que demandan las nuevas generaciones, el cambio de paradigma en las residencias de mayores, el auge del coliving y la expectativa ante el senior housing, el salto hacia la movilidad sostenible, el alza del precio de las materias primas y la mano de obra, la industrializaci\u00f3n y construcci\u00f3n off site en la arquitectura, la importancia del buen dise\u00f1o de iluminaci\u00f3n, entre otros temas.<\/p>\n<p><img loading=\"lazy\" decoding=\"async\" class=\"aligncenter size-large wp-image-6080\" src=\"https:\/\/www.plugandgo.es\/wp-content\/uploads\/2022\/07\/016_Foto_Grupal_Disen\u0303ar_Futuro_2022_GrupoVi\u0301a-1030x686.jpg\" alt=\"\" width=\"1030\" height=\"686\" srcset=\"https:\/\/www.plugandgo.es\/wp-content\/uploads\/2022\/07\/016_Foto_Grupal_Disen\u0303ar_Futuro_2022_GrupoVi\u0301a-1030x686.jpg 1030w, https:\/\/www.plugandgo.es\/wp-content\/uploads\/2022\/07\/016_Foto_Grupal_Disen\u0303ar_Futuro_2022_GrupoVi\u0301a-1024x683.jpg 1024w, https:\/\/www.plugandgo.es\/wp-content\/uploads\/2022\/07\/016_Foto_Grupal_Disen\u0303ar_Futuro_2022_GrupoVi\u0301a-760x507.jpg 760w, https:\/\/www.plugandgo.es\/wp-content\/uploads\/2022\/07\/016_Foto_Grupal_Disen\u0303ar_Futuro_2022_GrupoVi\u0301a-300x200.jpg 300w, https:\/\/www.plugandgo.es\/wp-content\/uploads\/2022\/07\/016_Foto_Grupal_Disen\u0303ar_Futuro_2022_GrupoVi\u0301a-768x512.jpg 768w, https:\/\/www.plugandgo.es\/wp-content\/uploads\/2022\/07\/016_Foto_Grupal_Disen\u0303ar_Futuro_2022_GrupoVi\u0301a-1536x1024.jpg 1536w, https:\/\/www.plugandgo.es\/wp-content\/uploads\/2022\/07\/016_Foto_Grupal_Disen\u0303ar_Futuro_2022_GrupoVi\u0301a.jpg 2048w\" sizes=\"(max-width: 1030px) 100vw, 1030px\" \/><\/p>\n<p>plug&amp;go ha participado en esta I edici\u00f3n de <strong>Dise\u00f1ar para el futuro<\/strong> junto a otros profesionales del sector como son\u00a0I\u00f1igo Rodr\u00edguez-Carmona, director asociado de Broadway Malyan,\u00a0Jes\u00fas Rodr\u00edguez, director Madrid de Ram\u00f3n Esteve Estudio,\u00a0Javier Bartolom\u00e9, partner &amp; CEO de BOD,\u00a0Marta Parra, arquitecta fundadora de Virai Arquitectura y\u00a0Alejandro Barrena, project manager y arquitecto de Proyecto Singular.<\/p>\n","protected":false},"excerpt":{"rendered":"<p>plug&amp;go ha participado este 5 de julio en la I edici\u00f3n del evento &#8220;Dise\u00f1ar para el futuro&#8221; organizado por Grupo V\u00eda, para\u00a0conocer qu\u00e9 tipo de proyectos se piden hoy en d\u00eda que sean capaces de solucionar temas de flexibilidad, futuros cambios imprevistos y usos indeterminados, satisfacer las demandas de sostenibilidad y situar a las personas [&hellip;]<\/p>\n","protected":false},"author":2,"featured_media":6080,"comment_status":"closed","ping_status":"closed","sticky":false,"template":"","format":"standard","meta":{"footnotes":""},"categories":[132],"tags":[],"class_list":["post-6074","post","type-post","status-publish","format-standard","has-post-thumbnail","hentry","category-actualidad"],"_links":{"self":[{"href":"https:\/\/www.plugandgo.es\/en\/wp-json\/wp\/v2\/posts\/6074","targetHints":{"allow":["GET"]}}],"collection":[{"href":"https:\/\/www.plugandgo.es\/en\/wp-json\/wp\/v2\/posts"}],"about":[{"href":"https:\/\/www.plugandgo.es\/en\/wp-json\/wp\/v2\/types\/post"}],"author":[{"embeddable":true,"href":"https:\/\/www.plugandgo.es\/en\/wp-json\/wp\/v2\/users\/2"}],"replies":[{"embeddable":true,"href":"https:\/\/www.plugandgo.es\/en\/wp-json\/wp\/v2\/comments?post=6074"}],"version-history":[{"count":0,"href":"https:\/\/www.plugandgo.es\/en\/wp-json\/wp\/v2\/posts\/6074\/revisions"}],"wp:featuredmedia":[{"embeddable":true,"href":"https:\/\/www.plugandgo.es\/en\/wp-json\/wp\/v2\/media\/6080"}],"wp:attachment":[{"href":"https:\/\/www.plugandgo.es\/en\/wp-json\/wp\/v2\/media?parent=6074"}],"wp:term":[{"taxonomy":"category","embeddable":true,"href":"https:\/\/www.plugandgo.es\/en\/wp-json\/wp\/v2\/categories?post=6074"},{"taxonomy":"post_tag","embeddable":true,"href":"https:\/\/www.plugandgo.es\/en\/wp-json\/wp\/v2\/tags?post=6074"}],"curies":[{"name":"wp","href":"https:\/\/api.w.org\/{rel}","templated":true}]}}