{"id":6205,"date":"2022-09-15T12:29:54","date_gmt":"2022-09-15T12:29:54","guid":{"rendered":"https:\/\/www.plugandgo.es\/?p=6205"},"modified":"2022-09-15T12:29:54","modified_gmt":"2022-09-15T12:29:54","slug":"nuevos-espacios-corporativos-el-fin-de-un-paradigma","status":"publish","type":"post","link":"https:\/\/www.plugandgo.es\/en\/nuevos-espacios-corporativos-el-fin-de-un-paradigma\/","title":{"rendered":"Nuevos espacios corporativos, el fin de un paradigma"},"content":{"rendered":"<p><img fetchpriority=\"high\" decoding=\"async\" class=\"aligncenter size-large wp-image-6207\" src=\"https:\/\/www.plugandgo.es\/wp-content\/uploads\/2022\/09\/20220405-Suero-de-Quin\u0303ones-34-Madrid-22-HQ-1030x686-1.jpg\" alt=\"nuevos espacios corporativos\" width=\"1030\" height=\"686\" srcset=\"https:\/\/www.plugandgo.es\/wp-content\/uploads\/2022\/09\/20220405-Suero-de-Quin\u0303ones-34-Madrid-22-HQ-1030x686-1.jpg 1030w, https:\/\/www.plugandgo.es\/wp-content\/uploads\/2022\/09\/20220405-Suero-de-Quin\u0303ones-34-Madrid-22-HQ-1030x686-1-1024x682.jpg 1024w, https:\/\/www.plugandgo.es\/wp-content\/uploads\/2022\/09\/20220405-Suero-de-Quin\u0303ones-34-Madrid-22-HQ-1030x686-1-760x506.jpg 760w, https:\/\/www.plugandgo.es\/wp-content\/uploads\/2022\/09\/20220405-Suero-de-Quin\u0303ones-34-Madrid-22-HQ-1030x686-1-300x200.jpg 300w, https:\/\/www.plugandgo.es\/wp-content\/uploads\/2022\/09\/20220405-Suero-de-Quin\u0303ones-34-Madrid-22-HQ-1030x686-1-768x512.jpg 768w\" sizes=\"(max-width: 1030px) 100vw, 1030px\" \/><\/p>\n<p>A finales de los a\u00f1os 1800, el ingeniero estadounidense Frederick Taylor dise\u00f1\u00f3 las <strong>primeras oficinas de planta abierta<\/strong>\u00a0buscando la mayor eficiencia y eliminar el desperdicio econ\u00f3mico.<\/p>\n<p>Este formato de planta abierta domin\u00f3 el dise\u00f1o de oficinas durante el siglo pasado, pero hoy ya ha quedado relegado. Las nuevas culturas organizacionales, las din\u00e1micas de trabajo actuales y sobre todo <strong>los perfiles profesionales del siglo XXI<\/strong> necesitan otro tipo de espacio.<\/p>\n<p>El reto de las oficinas de hoy es atender a la flexibilidad laboral, la necesidad de <strong>crear comunidad y respirar marca en un espacio compartido<\/strong> y especialmente a los roles profesionales actuales, algunos n\u00f3madas: dise\u00f1ador web, desarrollador de aplicaciones, experto en <em>big data&#8230; <\/em>Por nombrar solo algunos. Y que sustituyen al contable y administrativo, las dos figuras protagonistas de las oficinas de d\u00e9cadas anteriores.<\/p>\n<p>A diferencia de esos trabajadores, los profesionales actuales demandan espacios flexibles propicios que los ayuden a realizar su actividad. Una actividad que en muchas ocasiones no pueden hacer fuera de la oficina, bien porque no cuentan con un espacio que les permita concentrarse o porque -en el escenario opuesto- ese trabajo requiere de una colaboraci\u00f3n presencial con sus compa\u00f1eros, por ejemplo. As\u00ed, <strong>las oficinas incluyen hoy diferentes tipolog\u00edas de espacios<\/strong>, desde cabinas insonorizadas hasta espacios en formato \u00e1gora o \u00e1reas informales.<\/p>\n<p><img decoding=\"async\" class=\"aligncenter size-large wp-image-6208\" src=\"https:\/\/www.plugandgo.es\/wp-content\/uploads\/2022\/09\/20220405-Suero-de-Quin\u0303ones-34-Madrid-56-HQ-1030x763-1.jpg\" alt=\"nuevos espacios corporativos\" width=\"1030\" height=\"763\" srcset=\"https:\/\/www.plugandgo.es\/wp-content\/uploads\/2022\/09\/20220405-Suero-de-Quin\u0303ones-34-Madrid-56-HQ-1030x763-1.jpg 1030w, https:\/\/www.plugandgo.es\/wp-content\/uploads\/2022\/09\/20220405-Suero-de-Quin\u0303ones-34-Madrid-56-HQ-1030x763-1-1024x759.jpg 1024w, https:\/\/www.plugandgo.es\/wp-content\/uploads\/2022\/09\/20220405-Suero-de-Quin\u0303ones-34-Madrid-56-HQ-1030x763-1-760x563.jpg 760w, https:\/\/www.plugandgo.es\/wp-content\/uploads\/2022\/09\/20220405-Suero-de-Quin\u0303ones-34-Madrid-56-HQ-1030x763-1-300x222.jpg 300w, https:\/\/www.plugandgo.es\/wp-content\/uploads\/2022\/09\/20220405-Suero-de-Quin\u0303ones-34-Madrid-56-HQ-1030x763-1-768x569.jpg 768w, https:\/\/www.plugandgo.es\/wp-content\/uploads\/2022\/09\/20220405-Suero-de-Quin\u0303ones-34-Madrid-56-HQ-1030x763-1-926x686.jpg 926w\" sizes=\"(max-width: 1030px) 100vw, 1030px\" \/><\/p>\n<p>Sin olvidar el <strong>eje \u201ctecnolog\u00eda\u201d,<\/strong> hoy m\u00e1s importante que nunca, porque por primera vez en la historia se ha consolidado en todas las compa\u00f1\u00edas el concepto de <em>empleado remoto<\/em>, que no est\u00e1 f\u00edsicamente pero est\u00e1 tan presente\u00a0como aquellos otros que lo est\u00e1n.<\/p>\n<h3><strong>Nuevos espacios corporativos, el fin de un paradigma<\/strong><\/h3>\n<p>Por ello se habla del fin de un paradigma, y de un <strong>nuevo modelo laboral h\u00edbrido<\/strong> en el que es la persona la que elige desde d\u00f3nde quiere trabajar. Ya no va a la oficina porque tiene que hacerlo, sino que acude a ella porque quiere hacerlo.<\/p>\n<p>Las oficinas cambiaron a <strong>espacios multiprop\u00f3sito<\/strong> ya en el a\u00f1o 2000, tras unas d\u00e9cadas en las que predomin\u00f3 la configuraci\u00f3n de \u201ccubo\u201d. \u00a0Las salas de juegos, cafeter\u00edas y las \u00e1reas de <em>soft seating<\/em>, por ejemplo, se asociaron al principio al entorno tecnol\u00f3gico de Silicon Valley, pero hoy ya son comunes en empresas de cualquier dimensi\u00f3n, sector y ubicaci\u00f3n.<\/p>\n<h2><strong>Dise\u00f1ando el espacio seg\u00fan perfiles profesionales<\/strong><\/h2>\n<p>Para que estos modelos puedan implementarse exitosamente es preciso que se den dos condiciones: impulsar <strong>una cultura organizacional diferente<\/strong> a la tradicional, m\u00e1s horizontal, flexible y transparente.<\/p>\n<p>Un <strong>84% de directivos<\/strong> a nivel global considera que la cultura posee una importancia muy elevada como impulsor o como obst\u00e1culo para llevar a cabo una transformaci\u00f3n de modelo de negocio. As\u00ed lo pone de relieve el estudio <em>Transformation &amp; Leadership &#8211; beyond the new normal<\/em>, realizado por Kingsley Gate Partners.<\/p>\n<p><img decoding=\"async\" class=\"aligncenter size-large wp-image-6209\" src=\"https:\/\/www.plugandgo.es\/wp-content\/uploads\/2022\/09\/20220405-Suero-de-Quin\u0303ones-34-Madrid-20-HQ-1030x686-1.jpg\" alt=\"nuevos espacios corporativos\" width=\"1030\" height=\"686\" srcset=\"https:\/\/www.plugandgo.es\/wp-content\/uploads\/2022\/09\/20220405-Suero-de-Quin\u0303ones-34-Madrid-20-HQ-1030x686-1.jpg 1030w, https:\/\/www.plugandgo.es\/wp-content\/uploads\/2022\/09\/20220405-Suero-de-Quin\u0303ones-34-Madrid-20-HQ-1030x686-1-1024x682.jpg 1024w, https:\/\/www.plugandgo.es\/wp-content\/uploads\/2022\/09\/20220405-Suero-de-Quin\u0303ones-34-Madrid-20-HQ-1030x686-1-760x506.jpg 760w, https:\/\/www.plugandgo.es\/wp-content\/uploads\/2022\/09\/20220405-Suero-de-Quin\u0303ones-34-Madrid-20-HQ-1030x686-1-300x200.jpg 300w, https:\/\/www.plugandgo.es\/wp-content\/uploads\/2022\/09\/20220405-Suero-de-Quin\u0303ones-34-Madrid-20-HQ-1030x686-1-768x512.jpg 768w\" sizes=\"(max-width: 1030px) 100vw, 1030px\" \/><\/p>\n<p>Un 55% opina que es necesario llevar a cabo un <strong>cambio en el liderazgo de la organizaci\u00f3n<\/strong> orientado a fortalecer aquellas capacidades esenciales que favorezcan la transformaci\u00f3n.<\/p>\n<p>La segunda condici\u00f3n es contar con <strong>un entorno laboral que los facilite<\/strong> e inspire. De ah\u00ed la importancia de dise\u00f1ar el espacio de trabajo seg\u00fan perfiles; es decir, <strong>pensando en las personas.<\/strong><\/p>\n<p>M\u00e1s all\u00e1 de las tendencias, la identidad de una empresa y sus perfiles nos dice qu\u00e9 <strong>arquitectura corporativa<\/strong> necesita.<\/p>\n<p>Por ejemplo, en<strong> plug&amp;go<\/strong> seguimos viendo, como dise\u00f1adores de espacios, a muchas compa\u00f1\u00edas adoptar el teletrabajo de forma id\u00e9ntica entre empleados.<\/p>\n<p>Pero, \u00bfqu\u00e9 sentido tiene esto? Hay perfiles que no necesitan la localizaci\u00f3n para el desempe\u00f1o de su trabajo ni para construir el orgullo de pertenencia. Otros, sin embargo, s\u00ed necesitan un lugar com\u00fan donde poder reunirse con socios, clientes y equipos porque necesitan del grupo para crear, negociar o innovar. Y tambi\u00e9n para sentirse bien y alcanzar el equilibrio emocional.<\/p>\n<p>Es por este motivo que <strong>los espacios corporativos son cada vez m\u00e1s experienciales, m\u00e1s comunes y m\u00e1s h\u00edbridos<\/strong>, aunque su forma de usarlos depender\u00e1 de cada cl\u00faster, de cada perfil. Y ser\u00e1 un grave error que apliquemos f\u00f3rmulas porcentuales presenciales.<\/p>\n<p>Las empresas tienen que olvidar el viejo esquema de m<sup>2<\/sup> por puesto de trabajo que reclamaban para optimizar la capacidad.<strong> Hoy, el concepto es otro.<\/strong><\/p>\n<p>La necesidad de <strong>crear cultura corporativa, atraer y retener talento<\/strong>, convierte la oficina en un lugar destino donde se va a hacer lo que el trabajo en remoto no puede dar: comunidad, sentimiento de pertenencia e identidad colectiva.<\/p>\n<p>El concepto de espacio propio desaparece y se establecen espacios compartidos donde se prioriza la interacci\u00f3n <em>face to face<\/em>, dejando lo operativo y rutinario para lo remoto.<\/p>\n<p>Nos encontramos <strong>ante una gran oportunidad para avanzar hacia una mejor gesti\u00f3n del talento<\/strong> y una nueva manera de interpretar los espacios laborales, m\u00e1s <strong>humana, experiencial, inclusiva y sostenible<\/strong>.<\/p>\n","protected":false},"excerpt":{"rendered":"<p>A finales de los a\u00f1os 1800, el ingeniero estadounidense Frederick Taylor dise\u00f1\u00f3 las primeras oficinas de planta abierta\u00a0buscando la mayor eficiencia y eliminar el desperdicio econ\u00f3mico. Este formato de planta abierta domin\u00f3 el dise\u00f1o de oficinas durante el siglo pasado, pero hoy ya ha quedado relegado. Las nuevas culturas organizacionales, las din\u00e1micas de trabajo actuales [&hellip;]<\/p>\n","protected":false},"author":2,"featured_media":6207,"comment_status":"closed","ping_status":"closed","sticky":false,"template":"","format":"standard","meta":{"footnotes":""},"categories":[134],"tags":[],"class_list":["post-6205","post","type-post","status-publish","format-standard","has-post-thumbnail","hentry","category-diseno"],"_links":{"self":[{"href":"https:\/\/www.plugandgo.es\/en\/wp-json\/wp\/v2\/posts\/6205","targetHints":{"allow":["GET"]}}],"collection":[{"href":"https:\/\/www.plugandgo.es\/en\/wp-json\/wp\/v2\/posts"}],"about":[{"href":"https:\/\/www.plugandgo.es\/en\/wp-json\/wp\/v2\/types\/post"}],"author":[{"embeddable":true,"href":"https:\/\/www.plugandgo.es\/en\/wp-json\/wp\/v2\/users\/2"}],"replies":[{"embeddable":true,"href":"https:\/\/www.plugandgo.es\/en\/wp-json\/wp\/v2\/comments?post=6205"}],"version-history":[{"count":0,"href":"https:\/\/www.plugandgo.es\/en\/wp-json\/wp\/v2\/posts\/6205\/revisions"}],"wp:featuredmedia":[{"embeddable":true,"href":"https:\/\/www.plugandgo.es\/en\/wp-json\/wp\/v2\/media\/6207"}],"wp:attachment":[{"href":"https:\/\/www.plugandgo.es\/en\/wp-json\/wp\/v2\/media?parent=6205"}],"wp:term":[{"taxonomy":"category","embeddable":true,"href":"https:\/\/www.plugandgo.es\/en\/wp-json\/wp\/v2\/categories?post=6205"},{"taxonomy":"post_tag","embeddable":true,"href":"https:\/\/www.plugandgo.es\/en\/wp-json\/wp\/v2\/tags?post=6205"}],"curies":[{"name":"wp","href":"https:\/\/api.w.org\/{rel}","templated":true}]}}