{"id":6216,"date":"2022-09-26T10:01:54","date_gmt":"2022-09-26T10:01:54","guid":{"rendered":"https:\/\/www.plugandgo.es\/?p=6216"},"modified":"2022-09-26T10:01:54","modified_gmt":"2022-09-26T10:01:54","slug":"regreso-a-la-oficina-mundo-hibrido","status":"publish","type":"post","link":"https:\/\/www.plugandgo.es\/en\/regreso-a-la-oficina-mundo-hibrido\/","title":{"rendered":"C\u00f3mo gestionar el regreso a la oficina en el mundo h\u00edbrido"},"content":{"rendered":"<figure id=\"attachment_6218\" aria-describedby=\"caption-attachment-6218\" style=\"width: 1030px\" class=\"wp-caption aligncenter\"><img fetchpriority=\"high\" decoding=\"async\" class=\"size-large wp-image-6218\" src=\"https:\/\/www.plugandgo.es\/wp-content\/uploads\/2022\/10\/Bioiberica__0071-1030x686.jpg\" alt=\"regreso a la oficina\" width=\"1030\" height=\"686\" srcset=\"https:\/\/www.plugandgo.es\/wp-content\/uploads\/2022\/10\/Bioiberica__0071-1030x686.jpg 1030w, https:\/\/www.plugandgo.es\/wp-content\/uploads\/2022\/10\/Bioiberica__0071-1024x683.jpg 1024w, https:\/\/www.plugandgo.es\/wp-content\/uploads\/2022\/10\/Bioiberica__0071-760x507.jpg 760w, https:\/\/www.plugandgo.es\/wp-content\/uploads\/2022\/10\/Bioiberica__0071-300x200.jpg 300w, https:\/\/www.plugandgo.es\/wp-content\/uploads\/2022\/10\/Bioiberica__0071-768x512.jpg 768w, https:\/\/www.plugandgo.es\/wp-content\/uploads\/2022\/10\/Bioiberica__0071-1536x1024.jpg 1536w, https:\/\/www.plugandgo.es\/wp-content\/uploads\/2022\/10\/Bioiberica__0071.jpg 2048w\" sizes=\"(max-width: 1030px) 100vw, 1030px\" \/><figcaption id=\"caption-attachment-6218\" class=\"wp-caption-text\">www.raulpalma.es<\/figcaption><\/figure>\n<p>La <strong>Arquitectura Corporativa<\/strong> tiene que conectar con la estrategia, la cultura, los objetivos y el prop\u00f3sito del cliente. Adem\u00e1s, tiene que entender en qu\u00e9 momento est\u00e1 esa compa\u00f1\u00eda.<\/p>\n<p>Por ello, cuando en plug&amp;go abordamos un proyecto lo que intentamos es plantearnos el <strong>por qu\u00e9<\/strong> de las cosas y no el <strong>para qu\u00e9<\/strong>.<\/p>\n<p>Hablando de cultura corporativa, el informe <a href=\"https:\/\/www.poly.com\/content\/dam\/www\/resources\/white-papers\/journey-to-hybrid-working-white-paper-reset-for-rto-en.pdf\" target=\"_blank\" rel=\"noopener\"><strong>A Reset for Return to the Office? The Journey to Hybrid Working<\/strong><\/a>, realizado por Poly en colaboraci\u00f3n con Worktech Academy, se\u00f1ala que las empresas que no son capaces de dise\u00f1ar un plan de regreso a la oficina acorde con la emergente cultura del trabajo h\u00edbrido y flexible, ver\u00e1n mermar su competitividad.<\/p>\n<p>Los empleados necesitan <strong>una raz\u00f3n convincente para regresar a la oficina<\/strong>. Para esto, las empresas necesitan profundizar en su cultura de trabajo y conseguir que el atractivo de volver resida en la experiencia total que se recibe. Una experiencia en la que el empleado obtenga un valor.<\/p>\n<p><img decoding=\"async\" class=\"aligncenter size-large wp-image-6219\" src=\"https:\/\/www.plugandgo.es\/wp-content\/uploads\/2022\/10\/20210910-Oficinas-Elecnor-Madrid-10-HQ-1030x686-1-1030x630-1.jpg\" alt=\"regreso a la oficina\" width=\"1030\" height=\"630\" srcset=\"https:\/\/www.plugandgo.es\/wp-content\/uploads\/2022\/10\/20210910-Oficinas-Elecnor-Madrid-10-HQ-1030x686-1-1030x630-1.jpg 1030w, https:\/\/www.plugandgo.es\/wp-content\/uploads\/2022\/10\/20210910-Oficinas-Elecnor-Madrid-10-HQ-1030x686-1-1030x630-1-1024x626.jpg 1024w, https:\/\/www.plugandgo.es\/wp-content\/uploads\/2022\/10\/20210910-Oficinas-Elecnor-Madrid-10-HQ-1030x686-1-1030x630-1-760x465.jpg 760w, https:\/\/www.plugandgo.es\/wp-content\/uploads\/2022\/10\/20210910-Oficinas-Elecnor-Madrid-10-HQ-1030x686-1-1030x630-1-300x183.jpg 300w, https:\/\/www.plugandgo.es\/wp-content\/uploads\/2022\/10\/20210910-Oficinas-Elecnor-Madrid-10-HQ-1030x686-1-1030x630-1-768x470.jpg 768w\" sizes=\"(max-width: 1030px) 100vw, 1030px\" \/><\/p>\n<p>La oficina tradicional est\u00e1 siendo redefinida para convertirse en <strong>un punto de encuentro de los profesionales<\/strong> que es capaz de proporcionar a los empleados \u201cuna experiencia mucho m\u00e1s eficiente y enriquecedora\u201d.<\/p>\n<p>Pero, para ello es<strong> necesario reconocer la existencia de una reticencia a la vuelta a la oficina. <\/strong>Cuanto m\u00e1s grande es la empresa, m\u00e1s lento es el proceso de regreso a la oficina. Un 65% de los trabajadores en Espa\u00f1a no est\u00e1n dispuestos a volver a la presencialidad, se\u00f1alando diversas razones como los tiempos de desplazamiento, la conciliaci\u00f3n o la p\u00e9rdida de productividad.<\/p>\n<p>En segundo lugar,<strong> es fundamental fomentar la colaboraci\u00f3n interfuncional entre los diferentes departamentos y equipos<\/strong>: El trabajo h\u00edbrido requerir\u00e1 que las organizaciones rompan los habituales silos de la empresa en \u00e1reas e instalaciones para propiciar que los equipos cooperen entre s\u00ed en la creaci\u00f3n de experiencias mejores, m\u00e1s saludables y productivas en el lugar com\u00fan de trabajo.<\/p>\n<p>Tambi\u00e9n <strong>es necesario acometer una adaptaci\u00f3n digital de los espacios<\/strong>: Menos de tres de cada diez empresas han creado espacios nuevos de colaboraci\u00f3n con equipos de videoconferencia o han reacomodado las salas de reuniones para el trabajo distribuido, seg\u00fan este estudio.<\/p>\n<p>El otro pilar fundamental es <strong>construir una cultura que aliente el espacio com\u00fan de trabajo<\/strong>. Para poner en marcha una estrategia de regreso a la oficina, las empresas deben explorar c\u00f3mo \u201ccuidar\u201d de su propia cultura y comunicarla eficazmente en el entorno de la oficina.<\/p>\n<p>Y, por \u00faltimo y quiz\u00e1 el m\u00e1s importante, entender que es la identidad de cada empresa y sus perfiles profesionales quien define qu\u00e9 <strong>arquitectura corporativa<\/strong> necesita, como argument\u00e1bamos en este <a href=\"https:\/\/www.plugandgo.es\/nuevos-espacios-corporativos-el-fin-de-un-paradigma\/\" target=\"_blank\" rel=\"noopener\">post anterior<\/a>. El \u201ccaf\u00e9 para todos\u201d no funciona.<\/p>\n","protected":false},"excerpt":{"rendered":"<p>www.raulpalma.es La Arquitectura Corporativa tiene que conectar con la estrategia, la cultura, los objetivos y el prop\u00f3sito del cliente. Adem\u00e1s, tiene que entender en qu\u00e9 momento est\u00e1 esa compa\u00f1\u00eda. Por ello, cuando en plug&amp;go abordamos un proyecto lo que intentamos es plantearnos el por qu\u00e9 de las cosas y no el para qu\u00e9. Hablando de [&hellip;]<\/p>\n","protected":false},"author":2,"featured_media":6218,"comment_status":"closed","ping_status":"closed","sticky":false,"template":"","format":"standard","meta":{"footnotes":""},"categories":[132],"tags":[],"class_list":["post-6216","post","type-post","status-publish","format-standard","has-post-thumbnail","hentry","category-actualidad"],"_links":{"self":[{"href":"https:\/\/www.plugandgo.es\/en\/wp-json\/wp\/v2\/posts\/6216","targetHints":{"allow":["GET"]}}],"collection":[{"href":"https:\/\/www.plugandgo.es\/en\/wp-json\/wp\/v2\/posts"}],"about":[{"href":"https:\/\/www.plugandgo.es\/en\/wp-json\/wp\/v2\/types\/post"}],"author":[{"embeddable":true,"href":"https:\/\/www.plugandgo.es\/en\/wp-json\/wp\/v2\/users\/2"}],"replies":[{"embeddable":true,"href":"https:\/\/www.plugandgo.es\/en\/wp-json\/wp\/v2\/comments?post=6216"}],"version-history":[{"count":0,"href":"https:\/\/www.plugandgo.es\/en\/wp-json\/wp\/v2\/posts\/6216\/revisions"}],"wp:featuredmedia":[{"embeddable":true,"href":"https:\/\/www.plugandgo.es\/en\/wp-json\/wp\/v2\/media\/6218"}],"wp:attachment":[{"href":"https:\/\/www.plugandgo.es\/en\/wp-json\/wp\/v2\/media?parent=6216"}],"wp:term":[{"taxonomy":"category","embeddable":true,"href":"https:\/\/www.plugandgo.es\/en\/wp-json\/wp\/v2\/categories?post=6216"},{"taxonomy":"post_tag","embeddable":true,"href":"https:\/\/www.plugandgo.es\/en\/wp-json\/wp\/v2\/tags?post=6216"}],"curies":[{"name":"wp","href":"https:\/\/api.w.org\/{rel}","templated":true}]}}