{"id":6250,"date":"2022-11-02T15:22:22","date_gmt":"2022-11-02T15:22:22","guid":{"rendered":"https:\/\/www.plugandgo.es\/?p=6250"},"modified":"2022-11-02T15:22:22","modified_gmt":"2022-11-02T15:22:22","slug":"arquitectura-corporativa-economia-circular","status":"publish","type":"post","link":"https:\/\/www.plugandgo.es\/en\/arquitectura-corporativa-economia-circular\/","title":{"rendered":"La arquitectura corporativa apuesta por la econom\u00eda circular"},"content":{"rendered":"<figure id=\"attachment_6251\" aria-describedby=\"caption-attachment-6251\" style=\"width: 1030px\" class=\"wp-caption aligncenter\"><img fetchpriority=\"high\" decoding=\"async\" class=\"size-large wp-image-6251\" src=\"https:\/\/www.plugandgo.es\/wp-content\/uploads\/2022\/11\/orgatec_22_021_068-1030x709.jpg\" alt=\"econom\u00eda circular\" width=\"1030\" height=\"709\" srcset=\"https:\/\/www.plugandgo.es\/wp-content\/uploads\/2022\/11\/orgatec_22_021_068-1030x709.jpg 1030w, https:\/\/www.plugandgo.es\/wp-content\/uploads\/2022\/11\/orgatec_22_021_068-1024x705.jpg 1024w, https:\/\/www.plugandgo.es\/wp-content\/uploads\/2022\/11\/orgatec_22_021_068-760x523.jpg 760w, https:\/\/www.plugandgo.es\/wp-content\/uploads\/2022\/11\/orgatec_22_021_068-300x206.jpg 300w, https:\/\/www.plugandgo.es\/wp-content\/uploads\/2022\/11\/orgatec_22_021_068-768x528.jpg 768w, https:\/\/www.plugandgo.es\/wp-content\/uploads\/2022\/11\/orgatec_22_021_068-997x686.jpg 997w, https:\/\/www.plugandgo.es\/wp-content\/uploads\/2022\/11\/orgatec_22_021_068-1536x1057.jpg 1536w, https:\/\/www.plugandgo.es\/wp-content\/uploads\/2022\/11\/orgatec_22_021_068.jpg 2048w\" sizes=\"(max-width: 1030px) 100vw, 1030px\" \/><figcaption id=\"caption-attachment-6251\" class=\"wp-caption-text\">Sonderschau: Materials4Future, Halle 6<\/figcaption><\/figure>\n<p>Recientes movimientos sociales est\u00e1n demostrando que las generaciones m\u00e1s j\u00f3venes exigen un cambio en materias como <strong>la responsabilidad social de las empresas y su compromiso medioambiental<\/strong>. Tambi\u00e9n se puede ver un inter\u00e9s creciente en una <strong>econom\u00eda circular<\/strong> entre dise\u00f1adores, fabricantes y arquitectos, tal y como hemos podido ver en <strong>Orgatec 2022<\/strong>, la feria referente a nivel internacional sobre entornos de oficina que acaba de celebrarse en Colonia, Alemania.<\/p>\n<p>Esto incluye materiales que producen menos emisiones durante la producci\u00f3n, as\u00ed como los conceptos de reutilizaci\u00f3n y reciclaje. Tambi\u00e9n se tiene en cuenta el final del ciclo de vida del dise\u00f1o de interiores.<\/p>\n<p>El objetivo de la econom\u00eda circular es aprovechar al m\u00e1ximo los recursos materiales de los que disponemos <strong>alargando\u00a0el ciclo de vida de los productos<\/strong>.<\/p>\n<p>Este modelo fomenta una productividad a medida del hombre, y no una concepci\u00f3n de la persona a medida de la productividad. Concibe la productividad y el consumo a largo plazo, a la vez que hace frente a desaf\u00edos como el cambio clim\u00e1tico, la contaminaci\u00f3n y la p\u00e9rdida de la biodiversidad.<\/p>\n<p>Orgatec 2022 ha confirmado que est\u00e1 surgiendo una nueva industria <strong>en respuesta a la creciente demanda de materiales amigables con el clima<\/strong>; con productos, materiales y soluciones mucho m\u00e1s sostenibles que los que se expusieron en ediciones pasadas. \u00a1Vamos en buen camino hacia la <strong>arquitectura corporativa circular<\/strong>!<\/p>\n<figure id=\"attachment_6252\" aria-describedby=\"caption-attachment-6252\" style=\"width: 800px\" class=\"wp-caption aligncenter\"><img decoding=\"async\" class=\"wp-image-6252 size-full\" src=\"https:\/\/www.plugandgo.es\/wp-content\/uploads\/2022\/11\/orgatec.jpeg\" alt=\"econom\u00eda circular\" width=\"800\" height=\"676\" srcset=\"https:\/\/www.plugandgo.es\/wp-content\/uploads\/2022\/11\/orgatec.jpeg 800w, https:\/\/www.plugandgo.es\/wp-content\/uploads\/2022\/11\/orgatec-760x642.jpeg 760w, https:\/\/www.plugandgo.es\/wp-content\/uploads\/2022\/11\/orgatec-300x254.jpeg 300w, https:\/\/www.plugandgo.es\/wp-content\/uploads\/2022\/11\/orgatec-768x649.jpeg 768w\" sizes=\"(max-width: 800px) 100vw, 800px\" \/><figcaption id=\"caption-attachment-6252\" class=\"wp-caption-text\">Nuestras engineering y project managers Bruna Thomazette y Marta Alejandra \u00c1lvarez, en Orgatec 2022<\/figcaption><\/figure>\n<p>La <a href=\"https:\/\/www.plugandgo.es\/arquitectura-corporativa-conectar-con-estrategia-cultura-proposito\/\" target=\"_blank\" rel=\"noopener\">arquitectura corporativa<\/a> es un concepto que parte de la econom\u00eda circular, cuya filosof\u00eda consiste en dise\u00f1ar y construir, adem\u00e1s de siguiendo los conocidos criterios de <strong>sostenibilidad y eficiencia<\/strong>, desde el comportamiento c\u00edclico de los elementos y materiales, que se reutilizan, reciclan o transforman en cada nuevo uso, de modo que la materia se optimiza.<\/p>\n<p>Una prioridad en la agenda de todos los profesionales de la arquitectura corporativa debe ser el <strong>uso de recursos materiales naturales para crear entornos de trabajo saludables<\/strong>. Ya sean nuevos materiales fabricados al cien por cien con recursos naturales o elementos que se descomponen al final de la vida \u00fatil del producto, por ejemplo.<\/p>\n<p>Las innovaciones de mayor alcance se pueden encontrar en la interfaz entre biolog\u00eda y tecnolog\u00eda. Orgatec 2022 ha dado visibilidad a una joven generaci\u00f3n de dise\u00f1adores de producto que est\u00e1 pidiendo una nueva clase de material que no solo sea reciclable, sino que tambi\u00e9n se pueda producir sin emisiones si es posible.<\/p>\n<p>El tema de la energ\u00eda es un factor. Sin embargo, sobre todo, la atenci\u00f3n se centra en las innovaciones materiales que pueden circular completamente en el ciclo biol\u00f3gico. \u00a1Toda una generaci\u00f3n de j\u00f3venes empresas emergentes que cree que la soluci\u00f3n a los problemas radica en la plena utilizaci\u00f3n de los recursos naturales para obtener materiales que puedan permanecer en el ciclo biol\u00f3gico!\u00a0<strong>Orgatec 2022 confirma \u201cel nuevo entorno laboral\u201d<\/strong>.<\/p>\n<p>Adem\u00e1s de hablarnos de econom\u00eda circular, Orgatec 2022 tambi\u00e9n ha confirmado que los entornos de trabajo de hoy y de ma\u00f1ana <strong>son tan polifac\u00e9ticos como las personas que trabajan en ellos<\/strong>.<\/p>\n<p>Trabajamos en digital, \u00e1gil, m\u00f3vil e independientemente de la ubicaci\u00f3n. De hecho, el trabajo se est\u00e1 moviendo cada vez m\u00e1s hacia la esfera remota, y<strong> la oficina se ha convertido en un centro para el intercambio personal, el co-working y la creaci\u00f3n<\/strong>.<\/p>\n<p>Los modelos de trabajo descentralizados requieren nuevos conceptos espaciales, y la flexibilidad es la clave. Orgatec 2022 nos ha mostrado espacios que albergan diferentes conceptos al mismo tiempo y soluciones \u00e1giles de trabajo, y que <strong>redefinen en mundo laboral<\/strong>.<\/p>\n<p>Orgatec 2022 ha mostrado tambi\u00e9n que las soluciones de comunicaci\u00f3n se fusionan cada vez m\u00e1s con las de mobiliario, iluminaci\u00f3n, sonido y climatizaci\u00f3n creando entornos de trabajo \u00f3ptimos para equipos \u00e1giles.<\/p>\n","protected":false},"excerpt":{"rendered":"<p>Sonderschau: Materials4Future, Halle 6 Recientes movimientos sociales est\u00e1n demostrando que las generaciones m\u00e1s j\u00f3venes exigen un cambio en materias como la responsabilidad social de las empresas y su compromiso medioambiental. Tambi\u00e9n se puede ver un inter\u00e9s creciente en una econom\u00eda circular entre dise\u00f1adores, fabricantes y arquitectos, tal y como hemos podido ver en Orgatec 2022, [&hellip;]<\/p>\n","protected":false},"author":2,"featured_media":6251,"comment_status":"closed","ping_status":"closed","sticky":false,"template":"","format":"standard","meta":{"footnotes":""},"categories":[132],"tags":[],"class_list":["post-6250","post","type-post","status-publish","format-standard","has-post-thumbnail","hentry","category-actualidad"],"_links":{"self":[{"href":"https:\/\/www.plugandgo.es\/en\/wp-json\/wp\/v2\/posts\/6250","targetHints":{"allow":["GET"]}}],"collection":[{"href":"https:\/\/www.plugandgo.es\/en\/wp-json\/wp\/v2\/posts"}],"about":[{"href":"https:\/\/www.plugandgo.es\/en\/wp-json\/wp\/v2\/types\/post"}],"author":[{"embeddable":true,"href":"https:\/\/www.plugandgo.es\/en\/wp-json\/wp\/v2\/users\/2"}],"replies":[{"embeddable":true,"href":"https:\/\/www.plugandgo.es\/en\/wp-json\/wp\/v2\/comments?post=6250"}],"version-history":[{"count":0,"href":"https:\/\/www.plugandgo.es\/en\/wp-json\/wp\/v2\/posts\/6250\/revisions"}],"wp:featuredmedia":[{"embeddable":true,"href":"https:\/\/www.plugandgo.es\/en\/wp-json\/wp\/v2\/media\/6251"}],"wp:attachment":[{"href":"https:\/\/www.plugandgo.es\/en\/wp-json\/wp\/v2\/media?parent=6250"}],"wp:term":[{"taxonomy":"category","embeddable":true,"href":"https:\/\/www.plugandgo.es\/en\/wp-json\/wp\/v2\/categories?post=6250"},{"taxonomy":"post_tag","embeddable":true,"href":"https:\/\/www.plugandgo.es\/en\/wp-json\/wp\/v2\/tags?post=6250"}],"curies":[{"name":"wp","href":"https:\/\/api.w.org\/{rel}","templated":true}]}}