{"id":6256,"date":"2022-10-02T15:53:35","date_gmt":"2022-10-02T15:53:35","guid":{"rendered":"https:\/\/www.plugandgo.es\/?p=6256"},"modified":"2022-10-02T15:53:35","modified_gmt":"2022-10-02T15:53:35","slug":"cita-con-la-arquitectura-en-madrid-2","status":"publish","type":"post","link":"https:\/\/www.plugandgo.es\/en\/cita-con-la-arquitectura-en-madrid-2\/","title":{"rendered":"Cita con la arquitectura en Madrid"},"content":{"rendered":"<blockquote><p><strong>Grupo V\u00eda\u00a0<\/strong>ha\u00a0organizado una nueva edici\u00f3n de sus veladas gastron\u00f3micas con un\u00a0<strong>destacado grupo de profesionales del sector\u00a0<\/strong>establecidos en la capital, que se han dado cita en este evento l\u00fadico\u00a0<em>face to face\u00a0<\/em>en el restaurante\u00a0Ginkgo\u00a0en la azotea del Hotel VP Plaza Espa\u00f1a Design de Madrid.<\/p><\/blockquote>\n<p>Este 28 de septiembre\u00a0<strong>plug&amp;go<\/strong>\u00a0ha participado\u00a0en una nueva cena networking de primera fila, organizada por\u00a0<strong>Grupo V\u00eda<\/strong>, en el Restaurante Ginkgo.<\/p>\n<p><img fetchpriority=\"high\" decoding=\"async\" class=\"aligncenter size-full wp-image-6257\" src=\"https:\/\/www.plugandgo.es\/wp-content\/uploads\/2022\/11\/1664791772356.jpeg\" alt=\"\" width=\"800\" height=\"600\" srcset=\"https:\/\/www.plugandgo.es\/wp-content\/uploads\/2022\/11\/1664791772356.jpeg 800w, https:\/\/www.plugandgo.es\/wp-content\/uploads\/2022\/11\/1664791772356-760x570.jpeg 760w, https:\/\/www.plugandgo.es\/wp-content\/uploads\/2022\/11\/1664791772356-300x225.jpeg 300w, https:\/\/www.plugandgo.es\/wp-content\/uploads\/2022\/11\/1664791772356-768x576.jpeg 768w\" sizes=\"(max-width: 800px) 100vw, 800px\" \/><\/p>\n<p>Durante este encuentro entre\u00a0<strong>compa\u00f1eros del sector<\/strong>, en el que han participado algunos de los principales estudios de Madrid, se ha conversado sobre los retos a los que se enfrenta el sector, nuevas demandas de los clientes para los arquitectos, as\u00ed como\u00a0de inspiradores proyectos en los que est\u00e1n trabajando.<\/p>\n<p>Jes\u00fas Rodr\u00edguez,\u00a0 Director de Proyectos de\u00a0plug&amp;go, ha asistido a esta cena networking patrocinada por Saint-Gobain Ecophon\u00a0y organizada por\u00a0Grupo V\u00eda, en la que se ha reunido\u00a0<strong>junto a un destacado grupo de profesionales<\/strong>\u00a0formado por\u00a0Alejandro Lorca, Jos\u00e9 Miguel Ternero, Javier Bartolom\u00e9, Julio Touza Sacrist\u00e1n, Enrique Le\u00f3n, Ara Gonz\u00e1lez, Jorge Alonso, Carolina Fern\u00e1ndez y Enrique \u00c1lvarez-Sala.<\/p>\n","protected":false},"excerpt":{"rendered":"<p>Grupo V\u00eda\u00a0ha\u00a0organizado una nueva edici\u00f3n de sus veladas gastron\u00f3micas con un\u00a0destacado grupo de profesionales del sector\u00a0establecidos en la capital, que se han dado cita en este evento l\u00fadico\u00a0face to face\u00a0en el restaurante\u00a0Ginkgo\u00a0en la azotea del Hotel VP Plaza Espa\u00f1a Design de Madrid. Este 28 de septiembre\u00a0plug&amp;go\u00a0ha participado\u00a0en una nueva cena networking de primera fila, organizada [&hellip;]<\/p>\n","protected":false},"author":2,"featured_media":6261,"comment_status":"closed","ping_status":"closed","sticky":false,"template":"","format":"standard","meta":{"footnotes":""},"categories":[132],"tags":[],"class_list":["post-6256","post","type-post","status-publish","format-standard","has-post-thumbnail","hentry","category-actualidad"],"_links":{"self":[{"href":"https:\/\/www.plugandgo.es\/en\/wp-json\/wp\/v2\/posts\/6256","targetHints":{"allow":["GET"]}}],"collection":[{"href":"https:\/\/www.plugandgo.es\/en\/wp-json\/wp\/v2\/posts"}],"about":[{"href":"https:\/\/www.plugandgo.es\/en\/wp-json\/wp\/v2\/types\/post"}],"author":[{"embeddable":true,"href":"https:\/\/www.plugandgo.es\/en\/wp-json\/wp\/v2\/users\/2"}],"replies":[{"embeddable":true,"href":"https:\/\/www.plugandgo.es\/en\/wp-json\/wp\/v2\/comments?post=6256"}],"version-history":[{"count":0,"href":"https:\/\/www.plugandgo.es\/en\/wp-json\/wp\/v2\/posts\/6256\/revisions"}],"wp:featuredmedia":[{"embeddable":true,"href":"https:\/\/www.plugandgo.es\/en\/wp-json\/wp\/v2\/media\/6261"}],"wp:attachment":[{"href":"https:\/\/www.plugandgo.es\/en\/wp-json\/wp\/v2\/media?parent=6256"}],"wp:term":[{"taxonomy":"category","embeddable":true,"href":"https:\/\/www.plugandgo.es\/en\/wp-json\/wp\/v2\/categories?post=6256"},{"taxonomy":"post_tag","embeddable":true,"href":"https:\/\/www.plugandgo.es\/en\/wp-json\/wp\/v2\/tags?post=6256"}],"curies":[{"name":"wp","href":"https:\/\/api.w.org\/{rel}","templated":true}]}}