{"id":6294,"date":"2023-01-18T15:03:33","date_gmt":"2023-01-18T15:03:33","guid":{"rendered":"https:\/\/www.plugandgo.es\/?p=6294"},"modified":"2023-05-30T10:09:53","modified_gmt":"2023-05-30T10:09:53","slug":"pluggo-en-el-foro-workspaces-de-matcoam","status":"publish","type":"post","link":"https:\/\/www.plugandgo.es\/en\/pluggo-en-el-foro-workspaces-de-matcoam\/","title":{"rendered":"plug&go en el Foro Workspaces del MATCOAM"},"content":{"rendered":"<p><img fetchpriority=\"high\" decoding=\"async\" class=\"wp-image-6305  aligncenter\" src=\"https:\/\/www.plugandgo.es\/wp-content\/uploads\/2023\/01\/MATCOAM-1-e1685441367667-300x178.jpg\" alt=\"\" width=\"487\" height=\"289\" srcset=\"https:\/\/www.plugandgo.es\/wp-content\/uploads\/2023\/01\/MATCOAM-1-e1685441367667-300x178.jpg 300w, https:\/\/www.plugandgo.es\/wp-content\/uploads\/2023\/01\/MATCOAM-1-e1685441367667.jpg 760w\" sizes=\"(max-width: 487px) 100vw, 487px\" \/><\/p>\n<p><span class=\"break-words\"><span dir=\"ltr\">El pr\u00f3ximo 24 de enero a las 12.00h <strong><a href=\"https:\/\/www.linkedin.com\/in\/ACoAAAHdqBIBo464EE0_QvPkIOWfTdiJSmzJ8e8\" data-attribute-index=\"11\" data-entity-hovercard-id=\"urn:li:fs_miniProfile:ACoAAAHdqBIBo464EE0_QvPkIOWfTdiJSmzJ8e8\" data-entity-type=\"MINI_PROFILE\" target=\"_blank\" rel=\"noopener\">Covadonga Gonz\u00e1lez Quintana<\/a><\/strong>, fundadora y socia directora de\u00a0<a href=\"https:\/\/www.linkedin.com\/company\/plug-&amp;-go\/\" data-attribute-index=\"13\" data-entity-hovercard-id=\"urn:li:fs_miniCompany:10652486\" data-entity-type=\"MINI_COMPANY\" target=\"_blank\" rel=\"noopener\">plug&amp;go<\/a>, y <strong>Jes\u00fas Rodr\u00edguez,<\/strong> arquitecto y director de dise\u00f1o en\u00a0 <a href=\"https:\/\/www.plugandgo.es\/equipo\/\" target=\"_blank\" rel=\"noopener\">plug&amp;go<\/a>, participar\u00e1n en el primer foro de 2023 del MATCOAM, un <strong>espacio de encuentro para los agentes del sector de la edificaci\u00f3n<\/strong> (arquitectos, fabricantes, promotores, acad\u00e9micos, t\u00e9cnicos de la administraci\u00f3n\u2026). Debate e intercambio de ideas con el objetivo de convertirse en un referente en innovaci\u00f3n, sostenibilidad y nuevas tendencias de la construcci\u00f3n.<\/span><\/span><\/p>\n<p>El <strong>&#8220;Foro workspaces: Arquitectura en espacios de trabajo, neurociencia y edificios inteligentes&#8221;<\/strong> se desarrollar\u00e1 en un formato de mesa redonda con posterior afterwork, donde los participantes seguir\u00e1n fomentando sinergias para afrontar los nuevos retos y desaf\u00edos con compa\u00f1eros del sector en un ambiente distendido.<\/p>\n<p><img decoding=\"async\" class=\"aligncenter wp-image-6311 size-full\" src=\"https:\/\/www.plugandgo.es\/wp-content\/uploads\/2023\/01\/Captura-de-pantalla-2023-01-18-a-las-16.37.45.png?_t=1674056347\" alt=\"\" width=\"1025\" height=\"356\" srcset=\"https:\/\/www.plugandgo.es\/wp-content\/uploads\/2023\/01\/Captura-de-pantalla-2023-01-18-a-las-16.37.45.png 1025w, https:\/\/www.plugandgo.es\/wp-content\/uploads\/2023\/01\/Captura-de-pantalla-2023-01-18-a-las-16.37.45-760x264.png 760w, https:\/\/www.plugandgo.es\/wp-content\/uploads\/2023\/01\/Captura-de-pantalla-2023-01-18-a-las-16.37.45-300x104.png 300w, https:\/\/www.plugandgo.es\/wp-content\/uploads\/2023\/01\/Captura-de-pantalla-2023-01-18-a-las-16.37.45-768x267.png 768w\" sizes=\"(max-width: 1025px) 100vw, 1025px\" \/><\/p>\n<p>Los espacios de trabajo se est\u00e1n adaptando a nuevos entornos y modelos flexibles, en los cuales toman importancia el bienestar del trabajador, la sostenibilidad y la inclusi\u00f3n. Para ello, se usan herramientas como la <strong>neuroarquitectura, \u00e1rea que analiza c\u00f3mo los espacios construidos modifican nuestras emociones y capacidades<\/strong>; y la tecnolog\u00eda, fusionando lo digital y lo f\u00edsico para establecer \u00e1reas abiertas y colaborativas.<\/p>\n<h3><span class=\"break-words\"><span dir=\"ltr\"><strong>Expertos en el Foro MATCOAM<\/strong><br \/>\n<\/span><\/span><\/h3>\n<p><span class=\"break-words\"><span dir=\"ltr\">Para abordar estos temas, el foro del MATCOAM contar\u00e1 con los siguientes expertos, adem\u00e1s de Covadonga y Jes\u00fas: Leyre Octavio, Executive Director. Head of Architecture and Occupier Solucions en\u00a0Savills Espa\u00f1a, y las empresas: ISEO Ultimate Access Technologies, Hitachi Cooling &amp; Heating Espa\u00f1a, Rockfon y LEDS C4.<\/span><\/span><\/p>\n<h4 style=\"text-align: center;\"><span class=\"break-words\"><span dir=\"ltr\"><strong>Inscripciones <a href=\"https:\/\/matcoam.coam.org\/es\/inscripciones-evento-web\/246205\" target=\"_blank\" rel=\"noopener\">aqu\u00ed.<\/a><\/strong><\/span><\/span><\/h4>\n<h3><strong> Sobre MATCOAM<\/strong><\/h3>\n<p>MATCOAM es el Departamento de Edificaci\u00f3n del <a href=\"https:\/\/www.coam.org\/\" target=\"_blank\" rel=\"noopener\">Colegio de Arquitectos de Madrid<\/a>. Y es mucho m\u00e1s: Es la principal <strong>comunidad<\/strong> del sector de la edificaci\u00f3n, con la mayor exposici\u00f3n permanente de materiales; es un <strong>espacio f\u00edsico vivo<\/strong>, situado en un enclave privilegiado en el centro de Madrid que trasciende al espacio virtual digital<strong>; <\/strong>es un <strong>HUB de eventos y actividades <\/strong>de calidad y es <strong>networking<\/strong>, debate, conocimiento y prescripci\u00f3n.<\/p>\n","protected":false},"excerpt":{"rendered":"<p>El pr\u00f3ximo 24 de enero a las 12.00h Covadonga Gonz\u00e1lez Quintana, fundadora y socia directora de\u00a0plug&amp;go, y Jes\u00fas Rodr\u00edguez, arquitecto y director de dise\u00f1o en\u00a0 plug&amp;go, participar\u00e1n en el primer foro de 2023 del MATCOAM, un espacio de encuentro para los agentes del sector de la edificaci\u00f3n (arquitectos, fabricantes, promotores, acad\u00e9micos, t\u00e9cnicos de la administraci\u00f3n\u2026). [&hellip;]<\/p>\n","protected":false},"author":3,"featured_media":6308,"comment_status":"closed","ping_status":"closed","sticky":false,"template":"","format":"standard","meta":{"footnotes":""},"categories":[132],"tags":[],"class_list":["post-6294","post","type-post","status-publish","format-standard","has-post-thumbnail","hentry","category-actualidad"],"_links":{"self":[{"href":"https:\/\/www.plugandgo.es\/en\/wp-json\/wp\/v2\/posts\/6294","targetHints":{"allow":["GET"]}}],"collection":[{"href":"https:\/\/www.plugandgo.es\/en\/wp-json\/wp\/v2\/posts"}],"about":[{"href":"https:\/\/www.plugandgo.es\/en\/wp-json\/wp\/v2\/types\/post"}],"author":[{"embeddable":true,"href":"https:\/\/www.plugandgo.es\/en\/wp-json\/wp\/v2\/users\/3"}],"replies":[{"embeddable":true,"href":"https:\/\/www.plugandgo.es\/en\/wp-json\/wp\/v2\/comments?post=6294"}],"version-history":[{"count":0,"href":"https:\/\/www.plugandgo.es\/en\/wp-json\/wp\/v2\/posts\/6294\/revisions"}],"wp:featuredmedia":[{"embeddable":true,"href":"https:\/\/www.plugandgo.es\/en\/wp-json\/wp\/v2\/media\/6308"}],"wp:attachment":[{"href":"https:\/\/www.plugandgo.es\/en\/wp-json\/wp\/v2\/media?parent=6294"}],"wp:term":[{"taxonomy":"category","embeddable":true,"href":"https:\/\/www.plugandgo.es\/en\/wp-json\/wp\/v2\/categories?post=6294"},{"taxonomy":"post_tag","embeddable":true,"href":"https:\/\/www.plugandgo.es\/en\/wp-json\/wp\/v2\/tags?post=6294"}],"curies":[{"name":"wp","href":"https:\/\/api.w.org\/{rel}","templated":true}]}}